{"id":106461,"date":"2025-12-15T09:30:09","date_gmt":"2025-12-15T09:30:09","guid":{"rendered":"https:\/\/www.europesays.com\/se\/106461\/"},"modified":"2025-12-15T09:30:09","modified_gmt":"2025-12-15T09:30:09","slug":"stjarnspackade-turnen-disco-inferno-intar-sverige","status":"publish","type":"post","link":"https:\/\/www.europesays.com\/se\/106461\/","title":{"rendered":"Stj\u00e4rnsp\u00e4ckade turn\u00e9n &#8221;Disco Inferno&#8221; intar Sverige"},"content":{"rendered":"<p><a target=\"_blank\" href=\"https:\/\/newsroom.notified.com\/gul-pr\/posts\/pressreleases\/stjarnspackade-turnen-disco-inferno-intar-sve\" rel=\"nofollow noopener\"><img decoding=\"async\" class=\"image\" src=\"https:\/\/www.europesays.com\/se\/wp-content\/uploads\/2025\/12\/KkGcyUmTQMib52yxhFQX.webp\" alt=\"Disco Inferno \"\/><\/a><\/p>\n<p dir=\"ltr\"><strong>Efter flera decennier av disco-hits, glitter och glamour \u00e4r det dags f\u00f6r Sveriges discokung, Andreas Lundstedt, att bjuda in till en storslagen konserthusturn\u00e9: &#8221;Disco Inferno&#8221;. Tillsammans med stj\u00e4rnor som Lina Hedlund, LaGaylia Frazier och Prince Prime utlovas en gl\u00f6dhet h\u00f6st med det b\u00e4sta fr\u00e5n discoeran \u2013 ett Diggiloo f\u00f6r discofantasten!<\/strong><\/p>\n<p dir=\"ltr\">&#8221;Disco Inferno&#8221; \u00e4r ett nytt konsertkoncept. Med en line-up av n\u00e5gra av Sveriges mest folkk\u00e4ra artister och en musikalisk f\u00e4rdplan som str\u00e4cker sig fr\u00e5n 70-talets lyster till modern discopop, f\u00f6rs publiken rakt in i discofeberns centrum.<\/p>\n<p dir=\"ltr\">Ciceron och v\u00e4rd f\u00f6r kv\u00e4llen \u00e4r Andreas Lundstedt, discokung av rang, inte minst k\u00e4nd fr\u00e5n Alcazar.<\/p>\n<p dir=\"ltr\">\u2013 Discon handlar om gl\u00e4dje, frihet och att dansa bort det m\u00f6rka. Att f\u00e5 samla s\u00e5 fantastiska artister och bjuda Sverige p\u00e5 en helkv\u00e4ll d\u00e4r vi hyllar den h\u00e4r genren, det \u00e4r en dr\u00f6m. T\u00e4nk Diggiloo, fast med \u00e4nnu mer glitter och groove, s\u00e4ger Andreas Lundstedt.<\/p>\n<p dir=\"ltr\">P\u00e5 scenen ser vi \u00e4ven schlagerdrottningen och Melloveteranen Lina Hedlund, den otroliga soul- och gospelartisten LaGaylia Frazier, samt den f\u00e4rgstarka och dynamiska stj\u00e4rnan Prince Prime, stj\u00e4rnan fr\u00e5n Dreamgirls, Hair och succ\u00e9bandet Blacknuss.\u00a0<\/p>\n<p dir=\"ltr\">Tillsammans kommer de att bjuda p\u00e5 en kavalkad av \u00e4lskade hits.<\/p>\n<p dir=\"ltr\">\u2013 Jag har l\u00e4ngtat s\u00e5 l\u00e4nge efter att f\u00e5 \u00e5ka ut i Sverige med discomusiken och k\u00e4nna energin fr\u00e5n publiken. Det kommer att bli en fest! s\u00e4ger Andreas Lundstedt.<\/p>\n<p dir=\"ltr\">Turn\u00e9n startar i Norrk\u00f6ping 24 september och bes\u00f6ker totalt 16 st\u00e4der innan den avslutas p\u00e5 Tr\u00e4dg\u00e5r\u2019n i G\u00f6teborg den 6 november.<\/p>\n<p dir=\"ltr\"><strong>Turn\u00e9plan &#8221;Disco Inferno&#8221; \u2013 H\u00f6sten 2026:<br \/><\/strong>24 september &#8211; Norrk\u00f6ping, flygeln<br \/>25 september &#8211; Uppsala konsert &amp; kongress<br \/>2 oktober &#8211; Bor\u00e5s, \u00c5haga<br \/>3 oktober &#8211; Kalmar, Kalmarsalen<br \/>4 oktober &#8211; Karlskrona, Konserthusteatern\u00a0<br \/>9 oktober &#8211; Malm\u00f6, Slagthuset<br \/>10 oktober &#8211; Helsingborg Konserthus<br \/>11 oktober &#8211; Halmstad, Teatern<br \/>16 oktober &#8211; Stockholm, B\u00f6rsen<br \/>18 oktober &#8211; Link\u00f6ping Konsert &amp; Kongress<br \/>23 oktober &#8211; \u00d6rebro, Conventum<br \/>24 oktober &#8211; J\u00f6nk\u00f6ping Konsert &amp; Kongress<br \/>25 oktober &#8211; V\u00e4xj\u00f6 Konserthus<br \/>30 oktober &#8211; Ume\u00e5, Idunteatern<br \/>31 oktober &#8211; Skellefte\u00e5, Sara Kulturhus\u00a0<br \/>1 november &#8211; Lule\u00e5, kulturens hus<br \/>6 november &#8211; G\u00f6teborg, Tr\u00e4dg\u00e5r\u2019n<strong><br \/><\/strong><\/p>\n<p dir=\"ltr\"><strong><a href=\"https:\/\/krall.se\/\" target=\"_blank\" rel=\"noopener nofollow\">Biljettsl\u00e4pp sker den 16 december h\u00e4r!\u00a0<\/a><\/strong><\/p>\n<p dir=\"ltr\"><strong>F\u00f6r mer information och intervjuf\u00f6rfr\u00e5gningar, kontakta:<\/strong><br \/>Vilhelm Hanz\u00e9n, Gul PR<br \/><a href=\"https:\/\/newsroom.notified.com\/news\/394325\/mailto:vilhelm@gulpr.se\" rel=\"nofollow noopener\" target=\"_blank\">vilhelm@gulpr.se<\/a> eller 0736-90 74 09<\/p>\n<p><a target=\"_blank\" class=\"btn btn-green me-2 mt-1\" href=\"https:\/\/newsroom.notified.com\/gul-pr\/posts\/pressreleases\/stjarnspackade-turnen-disco-inferno-intar-sve\" rel=\"nofollow noopener\">Read post on Gul PR newsroom<\/a><a target=\"_blank\" class=\"btn btn-green mt-1\" href=\"https:\/\/newsroom.notified.com\/gul-pr\" rel=\"nofollow noopener\">Visit Gul PR newsroom<\/a><\/p>\n","protected":false},"excerpt":{"rendered":"Efter flera decennier av disco-hits, glitter och glamour \u00e4r det dags f\u00f6r Sveriges discokung, Andreas Lundstedt, att bjuda&hellip;\n","protected":false},"author":2,"featured_media":106462,"comment_status":"","ping_status":"","sticky":false,"template":"","format":"standard","meta":{"footnotes":""},"categories":[67],"tags":[104,34,31,33,32,30,105],"class_list":{"0":"post-106461","1":"post","2":"type-post","3":"status-publish","4":"format-standard","5":"has-post-thumbnail","7":"category-underhallning","8":"tag-entertainment","9":"tag-se","10":"tag-svenska","11":"tag-sverige","12":"tag-sweden","13":"tag-swedish","14":"tag-underhallning"},"share_on_mastodon":{"url":"https:\/\/pubeurope.com\/@se\/115722887407632241","error":""},"_links":{"self":[{"href":"https:\/\/www.europesays.com\/se\/wp-json\/wp\/v2\/posts\/106461","targetHints":{"allow":["GET"]}}],"collection":[{"href":"https:\/\/www.europesays.com\/se\/wp-json\/wp\/v2\/posts"}],"about":[{"href":"https:\/\/www.europesays.com\/se\/wp-json\/wp\/v2\/types\/post"}],"author":[{"embeddable":true,"href":"https:\/\/www.europesays.com\/se\/wp-json\/wp\/v2\/users\/2"}],"replies":[{"embeddable":true,"href":"https:\/\/www.europesays.com\/se\/wp-json\/wp\/v2\/comments?post=106461"}],"version-history":[{"count":0,"href":"https:\/\/www.europesays.com\/se\/wp-json\/wp\/v2\/posts\/106461\/revisions"}],"wp:featuredmedia":[{"embeddable":true,"href":"https:\/\/www.europesays.com\/se\/wp-json\/wp\/v2\/media\/106462"}],"wp:attachment":[{"href":"https:\/\/www.europesays.com\/se\/wp-json\/wp\/v2\/media?parent=106461"}],"wp:term":[{"taxonomy":"category","embeddable":true,"href":"https:\/\/www.europesays.com\/se\/wp-json\/wp\/v2\/categories?post=106461"},{"taxonomy":"post_tag","embeddable":true,"href":"https:\/\/www.europesays.com\/se\/wp-json\/wp\/v2\/tags?post=106461"}],"curies":[{"name":"wp","href":"https:\/\/api.w.org\/{rel}","templated":true}]}}