{"id":106470,"date":"2025-12-15T09:36:25","date_gmt":"2025-12-15T09:36:25","guid":{"rendered":"https:\/\/www.europesays.com\/se\/106470\/"},"modified":"2025-12-15T09:36:25","modified_gmt":"2025-12-15T09:36:25","slug":"veterinarer-utsatta-for-hot-och-hat-fran-djuragare","status":"publish","type":"post","link":"https:\/\/www.europesays.com\/se\/106470\/","title":{"rendered":"Veterin\u00e4rer utsatta f\u00f6r hot och hat fr\u00e5n djur\u00e4gare"},"content":{"rendered":"<p>Redan som 6-\u00e5ring visste Sofie Svanberg att hon ville bli veterin\u00e4r och n\u00e4r det var dags att utbilda sig var valet sj\u00e4lvklart.\u00a0\u2013 N\u00e4r jag b\u00f6rjade i yrket fick man glada reaktioner n\u00e4r man sade att man var veterin\u00e4r. I dag \u00e4r det annorlunda och man hamnar fort i negativa diskussioner om hur dyrt allt \u00e4r och att man \u00e4r en pengautsugare. Det \u00e4r ju empatin f\u00f6r djuren som g<\/p>\n","protected":false},"excerpt":{"rendered":"Redan som 6-\u00e5ring visste Sofie Svanberg att hon ville bli veterin\u00e4r och n\u00e4r det var dags att utbilda&hellip;\n","protected":false},"author":2,"featured_media":106471,"comment_status":"","ping_status":"","sticky":false,"template":"","format":"standard","meta":{"footnotes":""},"categories":[69],"tags":[113,112,34,31,33,32,30],"class_list":{"0":"post-106470","1":"post","2":"type-post","3":"status-publish","4":"format-standard","5":"has-post-thumbnail","7":"category-halsa","8":"tag-halsa","9":"tag-health","10":"tag-se","11":"tag-svenska","12":"tag-sverige","13":"tag-sweden","14":"tag-swedish"},"share_on_mastodon":{"url":"https:\/\/pubeurope.com\/@se\/115722910678707304","error":""},"_links":{"self":[{"href":"https:\/\/www.europesays.com\/se\/wp-json\/wp\/v2\/posts\/106470","targetHints":{"allow":["GET"]}}],"collection":[{"href":"https:\/\/www.europesays.com\/se\/wp-json\/wp\/v2\/posts"}],"about":[{"href":"https:\/\/www.europesays.com\/se\/wp-json\/wp\/v2\/types\/post"}],"author":[{"embeddable":true,"href":"https:\/\/www.europesays.com\/se\/wp-json\/wp\/v2\/users\/2"}],"replies":[{"embeddable":true,"href":"https:\/\/www.europesays.com\/se\/wp-json\/wp\/v2\/comments?post=106470"}],"version-history":[{"count":0,"href":"https:\/\/www.europesays.com\/se\/wp-json\/wp\/v2\/posts\/106470\/revisions"}],"wp:featuredmedia":[{"embeddable":true,"href":"https:\/\/www.europesays.com\/se\/wp-json\/wp\/v2\/media\/106471"}],"wp:attachment":[{"href":"https:\/\/www.europesays.com\/se\/wp-json\/wp\/v2\/media?parent=106470"}],"wp:term":[{"taxonomy":"category","embeddable":true,"href":"https:\/\/www.europesays.com\/se\/wp-json\/wp\/v2\/categories?post=106470"},{"taxonomy":"post_tag","embeddable":true,"href":"https:\/\/www.europesays.com\/se\/wp-json\/wp\/v2\/tags?post=106470"}],"curies":[{"name":"wp","href":"https:\/\/api.w.org\/{rel}","templated":true}]}}