{"id":106488,"date":"2025-12-15T09:49:27","date_gmt":"2025-12-15T09:49:27","guid":{"rendered":"https:\/\/www.europesays.com\/se\/106488\/"},"modified":"2025-12-15T09:49:27","modified_gmt":"2025-12-15T09:49:27","slug":"frankrike-kraver-att-handelsavtal-skjuts-upp","status":"publish","type":"post","link":"https:\/\/www.europesays.com\/se\/106488\/","title":{"rendered":"Frankrike kr\u00e4ver att handelsavtal skjuts upp"},"content":{"rendered":"<p>\t\t\t\t\t<a href=\"https:\/\/www.tn.se\/frihandelns-framtid\/\" rel=\"nofollow noopener\" target=\"_blank\"><br \/>\n\t\t\t\tFRIHANDELNS FRAMTID<br \/>\n\t\t\t<\/a><\/p>\n<p>\t\t\t\t<img decoding=\"async\" class=\"figure-img img-fluid\"  src=\"https:\/\/www.europesays.com\/se\/wp-content\/uploads\/2025\/12\/1765792167_233_bilder.tn.se\" alt=\"\" itemprop=\"image\"\/><\/p>\n<p>\t\t\t\t\t\t\t\t\tFranska jordbrukare protesterar i Paris i oktober mot EU:s planer p\u00e5 ett handelsavtal med Mercosurl\u00e4nderna.<br \/>\n\t\t\t\t\t\t\t\t\t\t\t\t\tBild:<br \/>\n\t\t\t\t\tMichel Euler\/AP<\/p>\n<p class=\"ew-preamble\" itemprop=\"description\">Frankrike kr\u00e4ver att undertecknandet av handelsavtalet mellan EU och Latinamerika skjuts upp.<\/p>\n<p>\n\t\tPublicerad:<br \/>\n\t\t15 dec 2025, 07:10\n\t<\/p>\n<p>\n\t\t\tUppdaterad:<br \/>\n\t\t\t15 dec 2025, 10:29\n\t\t<\/p>\n<p class=\"ew-body\">\u201dFrankrike beg\u00e4r att tidsfristerna skjuts upp f\u00f6r att arbetet med att f\u00e5 till st\u00e5nd legitima skydds\u00e5tg\u00e4rder f\u00f6r v\u00e5rt europeiska jordbruk ska kunna forts\u00e4tta\u201d, heter det i ett uttalande fr\u00e5n premi\u00e4rminister Sebastien Lecornus kansli.<\/p>\n<p class=\"ew-body\">Skydds\u00e5tg\u00e4rderna handlar om \u00e5tg\u00e4rder EU-kommissionen tagit fram f\u00f6r att hj\u00e4lpa europeiska jordbrukare vid ett krisl\u00e4ge.<\/p>\n<p class=\"ew-body\">Samtidigt ska kommissionens ordf\u00f6rande Ursula von der Leyen m\u00f6ta de s\u00e5 kallade Mercosur-l\u00e4nderna \u2013 Brasilien, Argentina, Uruguay, Paraguay och Bolivia \u2013 p\u00e5 m\u00e5ndagen i Brasilien f\u00f6r samtal om det historiska avtalet.<\/p>\n<p class=\"ew-body\">EU:s medlemsl\u00e4nder m\u00e5ste ge ett godk\u00e4nnande under kommande vecka. Vid klartecken kan von der Leyen resa till Brasilien f\u00f6r ett definitivt undertecknande av Mercosuravtalet den 20 december.<\/p>\n<p class=\"ew-body\">\u00c4ven Polen \u00e4r kritiska. Tunga europeiska jordbruksorganisationer har manat till stora protestdemonstrationer i samband med EU-l\u00e4ndernas toppm\u00f6te i Bryssel p\u00e5 torsdag.<\/p>\n<p>\n\t\tPublicerad:<br \/>\n\t\t15 dec 2025, 07:10\n\t<\/p>\n<p>\n\t\t\tUppdaterad:<br \/>\n\t\t\t15 dec 2025, 10:29\n\t\t<\/p>\n","protected":false},"excerpt":{"rendered":"FRIHANDELNS FRAMTID Franska jordbrukare protesterar i Paris i oktober mot EU:s planer p\u00e5 ett handelsavtal med Mercosurl\u00e4nderna. Bild:&hellip;\n","protected":false},"author":2,"featured_media":106489,"comment_status":"","ping_status":"","sticky":false,"template":"","format":"standard","meta":{"footnotes":""},"categories":[14],"tags":[22,23,26,27,17,21,24,25,28,29,15,16,18,34,31,33,32,30,19,20,51,52,53,54],"class_list":{"0":"post-106488","1":"post","2":"type-post","3":"status-publish","4":"format-standard","5":"has-post-thumbnail","7":"category-varlden","8":"tag-breaking-news","9":"tag-breakingnews","10":"tag-featured-news","11":"tag-featurednews","12":"tag-headlines","13":"tag-huvudnyheter","14":"tag-latest-news","15":"tag-latestnews","16":"tag-main-news","17":"tag-mainnews","18":"tag-news","19":"tag-nyheter","20":"tag-rubriker","21":"tag-se","22":"tag-svenska","23":"tag-sverige","24":"tag-sweden","25":"tag-swedish","26":"tag-top-stories","27":"tag-topstories","28":"tag-varlden","29":"tag-world","30":"tag-world-news","31":"tag-worldnews"},"share_on_mastodon":{"url":"https:\/\/pubeurope.com\/@se\/115722961924402739","error":""},"_links":{"self":[{"href":"https:\/\/www.europesays.com\/se\/wp-json\/wp\/v2\/posts\/106488","targetHints":{"allow":["GET"]}}],"collection":[{"href":"https:\/\/www.europesays.com\/se\/wp-json\/wp\/v2\/posts"}],"about":[{"href":"https:\/\/www.europesays.com\/se\/wp-json\/wp\/v2\/types\/post"}],"author":[{"embeddable":true,"href":"https:\/\/www.europesays.com\/se\/wp-json\/wp\/v2\/users\/2"}],"replies":[{"embeddable":true,"href":"https:\/\/www.europesays.com\/se\/wp-json\/wp\/v2\/comments?post=106488"}],"version-history":[{"count":0,"href":"https:\/\/www.europesays.com\/se\/wp-json\/wp\/v2\/posts\/106488\/revisions"}],"wp:featuredmedia":[{"embeddable":true,"href":"https:\/\/www.europesays.com\/se\/wp-json\/wp\/v2\/media\/106489"}],"wp:attachment":[{"href":"https:\/\/www.europesays.com\/se\/wp-json\/wp\/v2\/media?parent=106488"}],"wp:term":[{"taxonomy":"category","embeddable":true,"href":"https:\/\/www.europesays.com\/se\/wp-json\/wp\/v2\/categories?post=106488"},{"taxonomy":"post_tag","embeddable":true,"href":"https:\/\/www.europesays.com\/se\/wp-json\/wp\/v2\/tags?post=106488"}],"curies":[{"name":"wp","href":"https:\/\/api.w.org\/{rel}","templated":true}]}}