{"id":106494,"date":"2025-12-15T09:54:10","date_gmt":"2025-12-15T09:54:10","guid":{"rendered":"https:\/\/www.europesays.com\/se\/106494\/"},"modified":"2025-12-15T09:54:10","modified_gmt":"2025-12-15T09:54:10","slug":"ansokan-oppen-till-annele-stipendiet-2026","status":"publish","type":"post","link":"https:\/\/www.europesays.com\/se\/106494\/","title":{"rendered":"Ans\u00f6kan \u00f6ppen till Annele-stipendiet 2026"},"content":{"rendered":"<p><strong>Nu har ans\u00f6kningsperioden till Annele-stipendiet f\u00f6r 2026 \u00f6ppnat. Stipendiet uppm\u00e4rksammar och st\u00f6ttar kvinnor i musikbranschen och har instiftats till minne av Annele Hencz Mortimer-Hawkins, m\u00e5ng\u00e5rig och engagerad medarbetare p\u00e5 Universal Music.<\/strong><\/p>\n<p>Det blir fj\u00e4rde \u00e5ret i rad som stipendiet, som instiftats av Universal Music, delas ut med en prissumma p\u00e5 50 000 kronor. Ans\u00f6kan kan g\u00f6ras av kvinnor 18-35 \u00e5r, som \u00e4r verksamma kreat\u00f6rer i musikbranschen inom omr\u00e5dena; l\u00e5tskrivare, producent, musiker eller s\u00e5ngare\/vokalist.<\/p>\n<p>Tidigare \u00e5rs mottagare \u00e4r <strong>Sky Li<\/strong> (Linn\u00e9a Norl\u00e9n),<strong> OG Bella<\/strong> (Isabella Soroori) och <strong>Ronia<\/strong> (Ronia Hedlund). L\u00e4s mer om stipendiaterna <a href=\"https:\/\/annelestipendiet.se\" rel=\"nofollow noopener\" target=\"_blank\">h\u00e4r<\/a>.<\/p>\n<p>Juryn best\u00e5r av sju personer som alla \u00e4r verksamma i olika delar av musikbranschen: <strong>Mirjam T\u00f6rnstrand<\/strong>, A&amp;R, RMV Music; <strong>Eric Hasselqvist<\/strong>, K51 Music &amp; Ten Music Group; <strong>Moa Lignell<\/strong>, l\u00e5tskrivare, artist och producent; <strong>Jonas Holst<\/strong>, Universal Music Publishing AB; <strong>Peter Hart<\/strong>, A&amp;R; <strong>Frida Bostr\u00f6m<\/strong>, A&amp;R och projektledare; <strong>Sofia<\/strong> <strong>Lilja<\/strong>, s\u00e5ng-och artistcoach, kbt terapeut och entrepren\u00f6r samt <strong>Eric Gadd<\/strong>, l\u00e5tskrivare, artist och producent<\/p>\n<p>Alla har anknytning till Annele personligen eller professionellt.<\/p>\n<p>L\u00e4s mer och ans\u00f6k om stipendiet <a href=\"https:\/\/annelestipendiet.se\/ansok-nominera-till-annele-stipendiet\/\" rel=\"nofollow noopener\" target=\"_blank\">h\u00e4r<\/a>. Sista ans\u00f6kningsdag \u00e4r den 25 januari 2026.\u00a0<\/p>\n<p>Christel Valsinger\u00a0<\/p>\n<p>\t\tVill du f\u00e5 de viktigaste nyheterna f\u00f6r svensk musikbransch i din mailbox varje vecka? Prenumerera p\u00e5 Musikindustrins nyhetsbrev <a href=\"https:\/\/www.musikindustrin.se\/nyhetsbrev\/\" rel=\"nofollow noopener\" target=\"_blank\"><strong>h\u00e4r<\/strong><\/a>.<\/p>\n<p><a class=\"shareme li\" href=\"https:\/\/www.linkedin.com\/shareArticle?mini=true&amp;url=https:\/\/www.musikindustrin.se\/2025\/12\/15\/ansokan-oppen-till-annele-stipendiet-2026\/\" target=\"_blank\" rel=\"noopener noreferrer nofollow\"><br \/>\n   <img decoding=\"async\" alt=\"Linked in\" src=\"https:\/\/www.europesays.com\/se\/wp-content\/uploads\/2025\/10\/share_in.png\"\/><br \/>\n<\/a><\/p>\n<p><a class=\"fb-xfbml-parse-ignore shareme fb\" target=\"_blank\" href=\"https:\/\/www.facebook.com\/sharer\/sharer.php?u=https:\/\/www.musikindustrin.se\/2025\/12\/15\/ansokan-oppen-till-annele-stipendiet-2026\/&amp;src=sdkpreparse\" rel=\"nofollow noopener\"><img decoding=\"async\" alt=\"Facebook\" src=\"https:\/\/www.europesays.com\/se\/wp-content\/uploads\/2025\/08\/share_fb.png\"\/><\/a><\/p>\n","protected":false},"excerpt":{"rendered":"Nu har ans\u00f6kningsperioden till Annele-stipendiet f\u00f6r 2026 \u00f6ppnat. Stipendiet uppm\u00e4rksammar och st\u00f6ttar kvinnor i musikbranschen och har instiftats&hellip;\n","protected":false},"author":2,"featured_media":106495,"comment_status":"","ping_status":"","sticky":false,"template":"","format":"standard","meta":{"footnotes":""},"categories":[67],"tags":[104,34,31,33,32,30,105],"class_list":{"0":"post-106494","1":"post","2":"type-post","3":"status-publish","4":"format-standard","5":"has-post-thumbnail","7":"category-underhallning","8":"tag-entertainment","9":"tag-se","10":"tag-svenska","11":"tag-sverige","12":"tag-sweden","13":"tag-swedish","14":"tag-underhallning"},"share_on_mastodon":{"url":"https:\/\/pubeurope.com\/@se\/115722981624492709","error":""},"_links":{"self":[{"href":"https:\/\/www.europesays.com\/se\/wp-json\/wp\/v2\/posts\/106494","targetHints":{"allow":["GET"]}}],"collection":[{"href":"https:\/\/www.europesays.com\/se\/wp-json\/wp\/v2\/posts"}],"about":[{"href":"https:\/\/www.europesays.com\/se\/wp-json\/wp\/v2\/types\/post"}],"author":[{"embeddable":true,"href":"https:\/\/www.europesays.com\/se\/wp-json\/wp\/v2\/users\/2"}],"replies":[{"embeddable":true,"href":"https:\/\/www.europesays.com\/se\/wp-json\/wp\/v2\/comments?post=106494"}],"version-history":[{"count":0,"href":"https:\/\/www.europesays.com\/se\/wp-json\/wp\/v2\/posts\/106494\/revisions"}],"wp:featuredmedia":[{"embeddable":true,"href":"https:\/\/www.europesays.com\/se\/wp-json\/wp\/v2\/media\/106495"}],"wp:attachment":[{"href":"https:\/\/www.europesays.com\/se\/wp-json\/wp\/v2\/media?parent=106494"}],"wp:term":[{"taxonomy":"category","embeddable":true,"href":"https:\/\/www.europesays.com\/se\/wp-json\/wp\/v2\/categories?post=106494"},{"taxonomy":"post_tag","embeddable":true,"href":"https:\/\/www.europesays.com\/se\/wp-json\/wp\/v2\/tags?post=106494"}],"curies":[{"name":"wp","href":"https:\/\/api.w.org\/{rel}","templated":true}]}}