{"id":106528,"date":"2025-12-15T10:35:07","date_gmt":"2025-12-15T10:35:07","guid":{"rendered":"https:\/\/www.europesays.com\/se\/106528\/"},"modified":"2025-12-15T10:35:07","modified_gmt":"2025-12-15T10:35:07","slug":"lackte-barns-personuppgifter-nu-skarper-fagersta-rutinerna","status":"publish","type":"post","link":"https:\/\/www.europesays.com\/se\/106528\/","title":{"rendered":"L\u00e4ckte barns personuppgifter \u2013 nu sk\u00e4rper Fagersta rutinerna"},"content":{"rendered":"<p>Enligt uppgifter till SVT var det n\u00e4r en f\u00f6r\u00e4lder beg\u00e4rde ut sitt barns dokumentation fr\u00e5n skolan, som de uppt\u00e4ckte att andra personuppgifter, som namn och personnummer, fanns med. Det p\u00e5talades f\u00f6r kommunens skolledning, som kort d\u00e4refter uppr\u00e4ttade en personuppgiftsincident eftersom ett kr\u00e4nknings\u00e4rende hade l\u00e4mnats ut utan avidentifiering.<\/p>\n<p>Hanteras internt<\/p>\n<p>Anna Wolle, utbildningsf\u00f6rvaltningens GDPR-samordnare, har utrett h\u00e4ndelsen tillsammans med kommunens externa dataskyddsombud. Deras bed\u00f6mning \u00e4r att h\u00e4ndelsen inte beh\u00f6ver rapporteras till Integritetsskyddsmyndigheten (IMY) utan kan hanteras internt. <\/p>\n<p>Inf\u00f6r nya rutiner<\/p>\n<p>Ber\u00f6rda \u00e4r informerade och f\u00f6rvaltningen har inf\u00f6rt nya rutiner d\u00e4r tv\u00e5 personer ska g\u00f6ra utl\u00e4mningspr\u00f6vning och kontrollera att k\u00e4nsliga uppgifter \u00e4r maskerade. <\/p>\n<p>\u2013 Det \u00e4r den f\u00f6rsta incidenten av sitt slag som vi har f\u00e5tt till oss. Nu f\u00e5r vi ge de nya rutinerna en chans, och f\u00e5r skruva p\u00e5 det om det skulle beh\u00f6vas, s\u00e4ger Anna Wolle.<\/p>\n","protected":false},"excerpt":{"rendered":"Enligt uppgifter till SVT var det n\u00e4r en f\u00f6r\u00e4lder beg\u00e4rde ut sitt barns dokumentation fr\u00e5n skolan, som de&hellip;\n","protected":false},"author":2,"featured_media":793,"comment_status":"","ping_status":"","sticky":false,"template":"","format":"standard","meta":{"footnotes":""},"categories":[67],"tags":[104,34,31,33,32,30,105],"class_list":{"0":"post-106528","1":"post","2":"type-post","3":"status-publish","4":"format-standard","5":"has-post-thumbnail","7":"category-underhallning","8":"tag-entertainment","9":"tag-se","10":"tag-svenska","11":"tag-sverige","12":"tag-sweden","13":"tag-swedish","14":"tag-underhallning"},"share_on_mastodon":{"url":"https:\/\/pubeurope.com\/@se\/115723142641209537","error":""},"_links":{"self":[{"href":"https:\/\/www.europesays.com\/se\/wp-json\/wp\/v2\/posts\/106528","targetHints":{"allow":["GET"]}}],"collection":[{"href":"https:\/\/www.europesays.com\/se\/wp-json\/wp\/v2\/posts"}],"about":[{"href":"https:\/\/www.europesays.com\/se\/wp-json\/wp\/v2\/types\/post"}],"author":[{"embeddable":true,"href":"https:\/\/www.europesays.com\/se\/wp-json\/wp\/v2\/users\/2"}],"replies":[{"embeddable":true,"href":"https:\/\/www.europesays.com\/se\/wp-json\/wp\/v2\/comments?post=106528"}],"version-history":[{"count":0,"href":"https:\/\/www.europesays.com\/se\/wp-json\/wp\/v2\/posts\/106528\/revisions"}],"wp:featuredmedia":[{"embeddable":true,"href":"https:\/\/www.europesays.com\/se\/wp-json\/wp\/v2\/media\/793"}],"wp:attachment":[{"href":"https:\/\/www.europesays.com\/se\/wp-json\/wp\/v2\/media?parent=106528"}],"wp:term":[{"taxonomy":"category","embeddable":true,"href":"https:\/\/www.europesays.com\/se\/wp-json\/wp\/v2\/categories?post=106528"},{"taxonomy":"post_tag","embeddable":true,"href":"https:\/\/www.europesays.com\/se\/wp-json\/wp\/v2\/tags?post=106528"}],"curies":[{"name":"wp","href":"https:\/\/api.w.org\/{rel}","templated":true}]}}