{"id":106614,"date":"2025-12-15T11:50:08","date_gmt":"2025-12-15T11:50:08","guid":{"rendered":"https:\/\/www.europesays.com\/se\/106614\/"},"modified":"2025-12-15T11:50:08","modified_gmt":"2025-12-15T11:50:08","slug":"8-sidor-han-doms-i-hongkong","status":"publish","type":"post","link":"https:\/\/www.europesays.com\/se\/106614\/","title":{"rendered":"8 Sidor &#8211; Han d\u00f6ms i Hongkong"},"content":{"rendered":"<p>Sebastien Lai h\u00e5ller upp en bild p\u00e5 sin pappa Jimmy Lai. Pappan anklagas f\u00f6r brott i Hongkong. Foto: Salvatore Di\/AP\/TT<\/p>\n<p>Jimmy Lai \u00e4r en k\u00e4nd<br \/>politisk f\u00e5nge i Hongkong.<br \/>Hongkong \u00e4r en del av Kina.<\/p>\n<p>Jimmy Lai \u00e4r 78 \u00e5r.<br \/>Han startade och \u00e4gde<br \/>tidningen Apple Daily<br \/>i Hongkong.<\/p>\n<p>Men i Kina och Hongkong<br \/>\u00e4r inte tidningar fria.<\/p>\n<p>Jimmy Lai har nu<br \/>blivit d\u00f6md f\u00f6r brott.<br \/>Han anklagas f\u00f6r att ha samarbetat<br \/>med andra l\u00e4nder.<br \/>Och f\u00f6r att ha godk\u00e4nt<br \/>kritiska texter om de som styr.<\/p>\n<p>Nu riskerar Jimmy Lai<br \/>livstids f\u00e4ngelse.<\/p>\n<p>Det \u00e4r inte f\u00f6rsta g\u00e5ngen<br \/>Lai blir d\u00f6md f\u00f6r brott.<br \/>Han har tidigare d\u00f6mts<br \/>till fem \u00e5rs f\u00e4ngelse.<br \/>D\u00e5 hade det ocks\u00e5 med<br \/>hans tidning att g\u00f6ra.<\/p>\n<p>Domarna mot Jimmy Lai<br \/>f\u00e5r mycket kritik.<br \/>De strider mot r\u00e4tten<br \/>om tidningarnas frihet.<\/p>\n<p>Det s\u00e4ger flera l\u00e4nder<br \/>och organisationer<br \/>f\u00f6r journalister.<\/p>\n<p>Jimmy Lais advokat har sagt<br \/>att de kanske ska klaga p\u00e5 domen.<br \/>Lai s\u00e4ger att han inte<br \/>har gjort n\u00e5got brott.<\/p>\n<p>8 SIDOR\/TT<\/p>\n<ul>\n<li>Hongkong \u00e4r en del<br \/>av landet Kina.<\/li>\n<li>Hongkong har tidigare<br \/>h\u00f6rt till landet Storbritannien.<\/li>\n<li>D\u00e4rf\u00f6r har Hongkong<br \/>haft friare regler<br \/>\u00e4n resten av Kina.<\/li>\n<li>Men Kina har inf\u00f6rt<br \/>h\u00e5rdare lagar i omr\u00e5det.<\/li>\n<li>M\u00e5nga har protesterat mot det.<br \/>M\u00e4nniskor vill ha frihet<br \/>och demokrati.<\/li>\n<\/ul>\n","protected":false},"excerpt":{"rendered":"Sebastien Lai h\u00e5ller upp en bild p\u00e5 sin pappa Jimmy Lai. Pappan anklagas f\u00f6r brott i Hongkong. Foto:&hellip;\n","protected":false},"author":2,"featured_media":106615,"comment_status":"","ping_status":"","sticky":false,"template":"","format":"standard","meta":{"footnotes":""},"categories":[14],"tags":[22,23,26,27,17,21,24,25,28,29,15,16,18,34,31,33,32,30,19,20,51,52,53,54],"class_list":{"0":"post-106614","1":"post","2":"type-post","3":"status-publish","4":"format-standard","5":"has-post-thumbnail","7":"category-varlden","8":"tag-breaking-news","9":"tag-breakingnews","10":"tag-featured-news","11":"tag-featurednews","12":"tag-headlines","13":"tag-huvudnyheter","14":"tag-latest-news","15":"tag-latestnews","16":"tag-main-news","17":"tag-mainnews","18":"tag-news","19":"tag-nyheter","20":"tag-rubriker","21":"tag-se","22":"tag-svenska","23":"tag-sverige","24":"tag-sweden","25":"tag-swedish","26":"tag-top-stories","27":"tag-topstories","28":"tag-varlden","29":"tag-world","30":"tag-world-news","31":"tag-worldnews"},"share_on_mastodon":{"url":"https:\/\/pubeurope.com\/@se\/115723437649971540","error":""},"_links":{"self":[{"href":"https:\/\/www.europesays.com\/se\/wp-json\/wp\/v2\/posts\/106614","targetHints":{"allow":["GET"]}}],"collection":[{"href":"https:\/\/www.europesays.com\/se\/wp-json\/wp\/v2\/posts"}],"about":[{"href":"https:\/\/www.europesays.com\/se\/wp-json\/wp\/v2\/types\/post"}],"author":[{"embeddable":true,"href":"https:\/\/www.europesays.com\/se\/wp-json\/wp\/v2\/users\/2"}],"replies":[{"embeddable":true,"href":"https:\/\/www.europesays.com\/se\/wp-json\/wp\/v2\/comments?post=106614"}],"version-history":[{"count":0,"href":"https:\/\/www.europesays.com\/se\/wp-json\/wp\/v2\/posts\/106614\/revisions"}],"wp:featuredmedia":[{"embeddable":true,"href":"https:\/\/www.europesays.com\/se\/wp-json\/wp\/v2\/media\/106615"}],"wp:attachment":[{"href":"https:\/\/www.europesays.com\/se\/wp-json\/wp\/v2\/media?parent=106614"}],"wp:term":[{"taxonomy":"category","embeddable":true,"href":"https:\/\/www.europesays.com\/se\/wp-json\/wp\/v2\/categories?post=106614"},{"taxonomy":"post_tag","embeddable":true,"href":"https:\/\/www.europesays.com\/se\/wp-json\/wp\/v2\/tags?post=106614"}],"curies":[{"name":"wp","href":"https:\/\/api.w.org\/{rel}","templated":true}]}}