{"id":106619,"date":"2025-12-15T11:53:09","date_gmt":"2025-12-15T11:53:09","guid":{"rendered":"https:\/\/www.europesays.com\/se\/106619\/"},"modified":"2025-12-15T11:53:09","modified_gmt":"2025-12-15T11:53:09","slug":"foraldrastod-pa-nytt-satt-inom-barnhalsovarden-vgrfokus","status":"publish","type":"post","link":"https:\/\/www.europesays.com\/se\/106619\/","title":{"rendered":"F\u00f6r\u00e4ldrast\u00f6d p\u00e5 nytt s\u00e4tt inom barnh\u00e4lsov\u00e5rden &#8211; VGRfokus"},"content":{"rendered":"<p>Ann-Marie Jernetz, barnh\u00e4lsov\u00e5rdssjuksk\u00f6terska. Foto: Felicia Karlsson. <\/p>\n<p><strong>Mer av lyssnande och dialog f\u00f6r att kunna st\u00f6tta sm\u00e5barnsf\u00f6r\u00e4ldrar utifr\u00e5n var och ens f\u00f6ruts\u00e4ttningar \u2013 med s\u00e4rskilt fokus p\u00e5 h\u00e4lsosamma levnadsvanor. Det \u00e4r ett av m\u00e5len med \u201dF\u00f6r\u00e4ldrakraft f\u00f6r barns h\u00e4lsa\u201d, ett nytt arbetss\u00e4tt inom barnh\u00e4lsov\u00e5rden i V\u00e4stra G\u00f6taland.<br \/>\u2013 Jag \u00e4r van att ta snabba beslut men har l\u00e4rt mig att ta det lugnare f\u00f6r att n\u00e5 fram b\u00e4ttre till f\u00f6r\u00e4ldrarna, s\u00e4ger Ann-Marie Jernetz som \u00e4r barnh\u00e4lsov\u00e5rdssjuksk\u00f6terska i Hjo.<\/strong><\/p>\n<p>N\u00e4r f\u00f6r\u00e4ldrar kommer med sina barn till barnav\u00e5rdscentralen (bvc) f\u00f6r 1,5-\u00e5rskontroll ing\u00e5r det att prata om matvanor och hur man f\u00e5r till r\u00f6relse i vardagen. Syftet \u00e4r att bidra till god h\u00e4lsa genom information, r\u00e5d och tips. Men f\u00f6r\u00e4ldrarna ska g\u00f6ra jobbet \u2013 och det \u00e4r h\u00e4r satsningen \u201dF\u00f6r\u00e4ldrakraft f\u00f6r barns h\u00e4lsa\u201d kommer in i bilden.<\/p>\n<p>Barnh\u00e4lsov\u00e5rdssjuksk\u00f6terskor och psykologer f\u00f6r f\u00f6r\u00e4ldraskap och sm\u00e5 barn f\u00e5r under 2024\u20132026 utbildning i en samtalsmetod som inneb\u00e4r ett mer lyssnande f\u00f6rh\u00e5llningss\u00e4tt. Utbildningen har tagits fram av Central barnh\u00e4lsov\u00e5rd i Regionh\u00e4lsan som ansvarar f\u00f6r inf\u00f6randet. Genom att lyssna och st\u00e4lla fr\u00e5gor skapas f\u00f6rst\u00e5else f\u00f6r varje familjs situation och personalen kan bidra med ett mer individanpassat st\u00f6d.<\/p>\n<p>Fr\u00e5n f\u00e4rdiga svar till \u00f6ppna fr\u00e5gor<\/p>\n<p>Karin K\u00e4ck och Ann-Marie Jernetz \u00e4r barnh\u00e4lsov\u00e5rdssjuksk\u00f6terskor och verksamhetsutvecklare som dels \u00e4r involverade i det \u00f6vergripande arbetet med inf\u00f6randet, dels arbetar kliniskt p\u00e5 barnav\u00e5rdscentraler i V\u00e4nersborg respektive Hjo.<\/p>\n<p>\u2013 Som sjuksk\u00f6terska \u00e4r man fostrad i att l\u00f6sa problem och dessutom helst snabbt, s\u00e4ger Karin K\u00e4ck Det h\u00e4r<\/p>\n<p><img loading=\"lazy\" decoding=\"async\" class=\"wp-image-20831 size-medium\" src=\"https:\/\/www.europesays.com\/se\/wp-content\/uploads\/2025\/12\/karin-kack-222x300.jpg\" alt=\"En kvinna i v\u00e5rdkl\u00e4dsel st\u00e5r vid ett unders\u00f6kningsbord f\u00f6r sm\u00e5 barn.\" width=\"222\" height=\"300\"  \/>Karin K\u00e4ck, barnh\u00e4lsov\u00e5rdssjuksk\u00f6terska i V\u00e4nersborg. Foto: Emelie Andersson.<\/p>\n<p>f\u00f6rh\u00e5llningss\u00e4ttet handlar mer om att lyssna och vara nyfiken p\u00e5 ett respektfullt s\u00e4tt s\u00e5 att vi kan hj\u00e4lpa f\u00f6r\u00e4ldrar att hitta sina egna svar utifr\u00e5n just sin situation.<\/p>\n<p>\u2013\u00a0 En bakgrund till satsningen \u00e4r att \u00f6vervikt och obesitas bland sm\u00e5 barn \u00f6kar, och det kan vara sv\u00e5rt och k\u00e4nsligt att prata om b\u00e5de f\u00f6r personalen p\u00e5 bvc och f\u00f6r\u00e4ldrarna, s\u00e4ger Ann-Marie Jernetz. Genom att st\u00e4lla mer \u00f6ppna fr\u00e5gor kan vi hj\u00e4lpa f\u00f6r\u00e4ldrar se sina egna resurser, st\u00e4rka det som fungerar bra.<\/p>\n<p>Ut\u00f6ver bes\u00f6ken p\u00e5 bvc erbjuds ocks\u00e5 f\u00f6r\u00e4ldrarna fortsatt st\u00f6d och inspiration genom appen MINISTOP. Den ger bland annat f\u00f6rslag p\u00e5 hur f\u00f6r\u00e4ldrar kan hj\u00e4lpa sitt barn till h\u00e4lsosamma levnadsvanor. Appen inneh\u00e5ller \u00e4ven tips, recept och filmer och svarar p\u00e5 m\u00e5nga vanliga fr\u00e5gor och funderingar \u2013 en forts\u00e4ttning p\u00e5 egen hand, efter bvc-bes\u00f6ken.<\/p>\n<p>Hj\u00e4lp att f\u00f6rst\u00e5 barnets perspektiv<\/p>\n<p>\u00c4ven om fr\u00e4mst matvanor och r\u00f6relse \u00e4r i fokus f\u00f6r F\u00f6r\u00e4ldrakraft f\u00f6r barns h\u00e4lsa s\u00e5 menar Karin och Ann-Marie att det h\u00e4r f\u00f6rh\u00e5llningss\u00e4ttet \u00e4r anv\u00e4ndbart \u00e4ven f\u00f6r andra situationer, och de anv\u00e4nder samma samtalsmetodik i alla m\u00f6ten. Det kan g\u00e4lla fr\u00e5gor om s\u00f6mn, \u00e5terkommande utbrott, sk\u00e4rmtid och mycket annat som skapar oro och tar tid och energi. F\u00f6r\u00e4ldrar f\u00e5r hj\u00e4lp med att se p\u00e5 saken ur barnets perspektiv och p\u00e5 s\u00e5 s\u00e4tt hitta v\u00e4gar fram\u00e5t.<\/p>\n<p>\u2013\u00a0 Alla kan nog k\u00e4nna igen sig i krockar som uppst\u00e5r i vardagen, s\u00e4ger Karin K\u00e4ck. N\u00e4r en vuxen s\u00e4ger att \u201dnu ska vi \u00e4ta\u201d kanske barnet \u00e4r mitt inne i en lek och \u00e4r inte alls f\u00f6rberedd p\u00e5 att bryta f\u00f6r n\u00e5got annat. D\u00e5 \u00e4r det inte s\u00e5 konstigt att man reagerar med ilska och protester fast man kanske \u00e4r hungrig och tycker om maten.<\/p>\n<p>B\u00e5de Ann-Marie och Karin tycker att det nya s\u00e4ttet att bem\u00f6ta f\u00f6r\u00e4ldrar \u2013 och i f\u00f6rl\u00e4ngningen bidra till barns h\u00e4lsa \u2013 har gjort stor skillnad b\u00e5de i deras eget s\u00e4tt att vara och i hur de n\u00e5r fram.<\/p>\n<p>\u2013\u00a0 Jag \u00e4r rapp som person och van att ta snabba beslut, s\u00e4ger Ann-Marie Jernetz. Men jag har l\u00e4rt mig att ta det lugnare f\u00f6r att utforska och n\u00e5 fram. Jag m\u00e4rker att det tas emot b\u00e4ttre n\u00e4r jag lyssnar in mer, \u00e4ven i sv\u00e5ra fr\u00e5gor. Ibland r\u00e4cker det att bara lyssna.<\/p>\n<p>\u2013\u00a0 Som ny sjuksk\u00f6terska t\u00e4nkte jag ofta att \u201ddet h\u00e4r \u00e4r min uppgift att l\u00f6sa\u201d, s\u00e4ger Karin K\u00e4ck. Nu handlar det mer om jag ska finnas d\u00e4r f\u00f6r f\u00f6r\u00e4ldrarna, att hj\u00e4lpa dem vidare. Det har blivit roligare att jobba, och ger fina m\u00f6ten med f\u00f6r\u00e4ldrar.<\/p>\n<p><strong>Text: Lena L\u00f6fgren<br \/><\/strong><b><strong>E-post:\u00a0<a href=\"https:\/\/vgrfokus.se\/2025\/12\/foraldrastod-pa-nytt-satt-inom-barnhalsovarden\/mailto:vgrfokus@vgregion.se\" rel=\"nofollow noopener\" target=\"_blank\">vgrfokus@vgregion.se<\/a><br \/><a href=\"https:\/\/vgrfokus.se\/om-vgrfokus\/\" rel=\"nofollow noopener\" target=\"_blank\">Om allm\u00e4nna handlingar \u2013 t\u00e4nk p\u00e5 detta n\u00e4r du kontaktar VGRfokus<\/a><\/strong><\/b><\/p>\n<p><strong>Fakta: F\u00f6r\u00e4ldrakraft f\u00f6r barns h\u00e4lsa<\/strong><\/p>\n<ul>\n<li>F\u00f6r\u00e4ldrakraft f\u00f6r barns h\u00e4lsa inf\u00f6rs i ett geografiskt omr\u00e5de i taget under 2024\u20132026, med start i Fyrbodal och Skaraborg. Nu i h\u00f6st har metoden implementerats i S\u00f6dra Bohusl\u00e4n, 2026 \u00e4r det dags f\u00f6r G\u00f6teborgsomr\u00e5det och S\u00f6dra \u00c4lvsborg. Alla barnav\u00e5rdscentraler i V\u00e4stra G\u00f6taland ing\u00e5r.<\/li>\n<li>Barnh\u00e4lsov\u00e5rdssjuksk\u00f6terskor och psykologer f\u00f6r f\u00f6r\u00e4ldraskap och sm\u00e5 barn f\u00e5r utbildning f\u00f6r att kunna arbeta enligt det nya s\u00e4ttet att bem\u00f6ta och samtala med f\u00f6r\u00e4ldrarna. Ut\u00f6ver det har barnh\u00e4lsov\u00e5rdssjuksk\u00f6terskorna m\u00f6jlighet till regelbunden konsultation fr\u00e5n psykologmottagningar f\u00f6r\u00e4ldraskap och sm\u00e5 barn inom Regionh\u00e4lsan.<\/li>\n<li>Satsningen utg\u00e5r fr\u00e5n m\u00e5len i det nationella barnh\u00e4lsov\u00e5rdsprogrammet. Inf\u00f6randet har delvis finansierats med riktade statsbidrag f\u00f6r ut\u00f6kat f\u00f6r\u00e4ldraskapsst\u00f6d. Metoden som VGR valt \u00e4r forsknings- och evidensbaserad, d\u00e4r bland annat j\u00e4mlikhet och h\u00e5llbarhet \u00f6ver tid varit viktiga f\u00f6ruts\u00e4ttningar.<\/li>\n<li>L\u00e4s mer (f\u00f6r v\u00e5rdgivare):<a href=\"https:\/\/www.vgregion.se\/halsa-och-vard\/vardgivarwebben\/uppdrag-och-avtal\/central-barnhalsovard\/foraldrakraft\/\" rel=\"nofollow noopener\" target=\"_blank\"> F\u00f6r\u00e4ldrakraft f\u00f6r barns h\u00e4lsa \u2013 ny arbetsmodell inom barnh\u00e4lsov\u00e5rden i V\u00e4stra G\u00f6talandsregionen \u2013 V\u00e5rdgivarwebben<\/a><\/li>\n<\/ul>\n","protected":false},"excerpt":{"rendered":"Ann-Marie Jernetz, barnh\u00e4lsov\u00e5rdssjuksk\u00f6terska. Foto: Felicia Karlsson. Mer av lyssnande och dialog f\u00f6r att kunna st\u00f6tta sm\u00e5barnsf\u00f6r\u00e4ldrar utifr\u00e5n var&hellip;\n","protected":false},"author":2,"featured_media":106620,"comment_status":"","ping_status":"","sticky":false,"template":"","format":"standard","meta":{"footnotes":""},"categories":[69],"tags":[113,112,34,31,33,32,30],"class_list":{"0":"post-106619","1":"post","2":"type-post","3":"status-publish","4":"format-standard","5":"has-post-thumbnail","7":"category-halsa","8":"tag-halsa","9":"tag-health","10":"tag-se","11":"tag-svenska","12":"tag-sverige","13":"tag-sweden","14":"tag-swedish"},"share_on_mastodon":{"url":"https:\/\/pubeurope.com\/@se\/115723449607198788","error":""},"_links":{"self":[{"href":"https:\/\/www.europesays.com\/se\/wp-json\/wp\/v2\/posts\/106619","targetHints":{"allow":["GET"]}}],"collection":[{"href":"https:\/\/www.europesays.com\/se\/wp-json\/wp\/v2\/posts"}],"about":[{"href":"https:\/\/www.europesays.com\/se\/wp-json\/wp\/v2\/types\/post"}],"author":[{"embeddable":true,"href":"https:\/\/www.europesays.com\/se\/wp-json\/wp\/v2\/users\/2"}],"replies":[{"embeddable":true,"href":"https:\/\/www.europesays.com\/se\/wp-json\/wp\/v2\/comments?post=106619"}],"version-history":[{"count":0,"href":"https:\/\/www.europesays.com\/se\/wp-json\/wp\/v2\/posts\/106619\/revisions"}],"wp:featuredmedia":[{"embeddable":true,"href":"https:\/\/www.europesays.com\/se\/wp-json\/wp\/v2\/media\/106620"}],"wp:attachment":[{"href":"https:\/\/www.europesays.com\/se\/wp-json\/wp\/v2\/media?parent=106619"}],"wp:term":[{"taxonomy":"category","embeddable":true,"href":"https:\/\/www.europesays.com\/se\/wp-json\/wp\/v2\/categories?post=106619"},{"taxonomy":"post_tag","embeddable":true,"href":"https:\/\/www.europesays.com\/se\/wp-json\/wp\/v2\/tags?post=106619"}],"curies":[{"name":"wp","href":"https:\/\/api.w.org\/{rel}","templated":true}]}}