{"id":106636,"date":"2025-12-15T12:07:16","date_gmt":"2025-12-15T12:07:16","guid":{"rendered":"https:\/\/www.europesays.com\/se\/106636\/"},"modified":"2025-12-15T12:07:16","modified_gmt":"2025-12-15T12:07:16","slug":"olovlig-franvaro-vanlig-avskedsorsak-universitetslararen","status":"publish","type":"post","link":"https:\/\/www.europesays.com\/se\/106636\/","title":{"rendered":"Olovlig fr\u00e5nvaro vanlig avskedsorsak &#8211; Universitetsl\u00e4raren"},"content":{"rendered":"<p>I de tre fallen i Stockholm, som alla h\u00e4nde under 2024, har det r\u00f6rt sig om omfattande olovlig fr\u00e5nvaro, att p\u00e5 olika s\u00e4tt ha vilselett arbetsgivaren och trol\u00f6shet mot huvudman.<\/p>\n<p>Beslut om avskedande fattas av l\u00e4ros\u00e4tenas personalansvarsn\u00e4mnd, Pan. <br \/>\u2013 Det finns s\u00e5ledes inga s\u00e4rskilda m\u00f6nster eller omst\u00e4ndigheter som ledde till att tre medarbetare avskedades under 2024. H\u00e4ndelserna som f\u00f6ranledde \u00e5tg\u00e4rden har skett oberoende av varandra, po\u00e4ngterar Anna Jutterdal som l\u00e4gger till att inga avsked har skett under 2025.<\/p>\n<p><strong>De l\u00e4ros\u00e4ten som<\/strong> har avskedat tv\u00e5 medarbetare under den aktuella perioden \u00e4r G\u00f6teborgs universitet, Uppsala universitet, Malm\u00f6 universitet och Lunds universitet. Vid det sistn\u00e4mnda l\u00e4ros\u00e4tet \u00e4r Anna Leo arbetsr\u00e4ttsspecialist. Hon konstaterar att man i \u00e5r, som egentligen inte ing\u00e5r i unders\u00f6kningen, har haft ett avskeds\u00e4rende som har \u00f6verl\u00e4mnats till Pan men d\u00e4r medarbetaren valde att s\u00e4ga upp sig sj\u00e4lv. Samma sak skedde under sensommaren 2022 d\u00e5 en medarbetare sade upp sig.<\/p>\n<p>Ut\u00f6ver det har Lunds universitet avskedat tv\u00e5 personer under den unders\u00f6kta perioden, en 2023 och en 2024.<br \/>\u2013 De b\u00e5da \u00e4rendena g\u00e4llde olovlig fr\u00e5nvaro d\u00e4r medarbetarna inte ville komma till arbetsplatsen i Lund utan befann sig i utlandet. I det ena \u00e4rendet fanns initialt en kontakt sedan medarbetaren l\u00e4mnat Sverige men sedan gick det inte l\u00e4ngre att n\u00e5 personen i fr\u00e5ga. I det andra \u00e4rendet uppr\u00e4tth\u00f6lls kontakten men medarbetaren v\u00e4grade komma tillbaka till arbetsplatsen, enligt Anna Leo.<\/p>\n","protected":false},"excerpt":{"rendered":"I de tre fallen i Stockholm, som alla h\u00e4nde under 2024, har det r\u00f6rt sig om omfattande olovlig&hellip;\n","protected":false},"author":2,"featured_media":106637,"comment_status":"","ping_status":"","sticky":false,"template":"","format":"standard","meta":{"footnotes":""},"categories":[12],"tags":[22,23,26,27,17,21,24,25,28,29,15,16,18,34,31,33,32,30,19,20,4682],"class_list":{"0":"post-106636","1":"post","2":"type-post","3":"status-publish","4":"format-standard","5":"has-post-thumbnail","7":"category-sverige","8":"tag-breaking-news","9":"tag-breakingnews","10":"tag-featured-news","11":"tag-featurednews","12":"tag-headlines","13":"tag-huvudnyheter","14":"tag-latest-news","15":"tag-latestnews","16":"tag-main-news","17":"tag-mainnews","18":"tag-news","19":"tag-nyheter","20":"tag-rubriker","21":"tag-se","22":"tag-svenska","23":"tag-sverige","24":"tag-sweden","25":"tag-swedish","26":"tag-top-stories","27":"tag-topstories","28":"tag-villkor"},"share_on_mastodon":{"url":"https:\/\/pubeurope.com\/@se\/115723504511062097","error":""},"_links":{"self":[{"href":"https:\/\/www.europesays.com\/se\/wp-json\/wp\/v2\/posts\/106636","targetHints":{"allow":["GET"]}}],"collection":[{"href":"https:\/\/www.europesays.com\/se\/wp-json\/wp\/v2\/posts"}],"about":[{"href":"https:\/\/www.europesays.com\/se\/wp-json\/wp\/v2\/types\/post"}],"author":[{"embeddable":true,"href":"https:\/\/www.europesays.com\/se\/wp-json\/wp\/v2\/users\/2"}],"replies":[{"embeddable":true,"href":"https:\/\/www.europesays.com\/se\/wp-json\/wp\/v2\/comments?post=106636"}],"version-history":[{"count":0,"href":"https:\/\/www.europesays.com\/se\/wp-json\/wp\/v2\/posts\/106636\/revisions"}],"wp:featuredmedia":[{"embeddable":true,"href":"https:\/\/www.europesays.com\/se\/wp-json\/wp\/v2\/media\/106637"}],"wp:attachment":[{"href":"https:\/\/www.europesays.com\/se\/wp-json\/wp\/v2\/media?parent=106636"}],"wp:term":[{"taxonomy":"category","embeddable":true,"href":"https:\/\/www.europesays.com\/se\/wp-json\/wp\/v2\/categories?post=106636"},{"taxonomy":"post_tag","embeddable":true,"href":"https:\/\/www.europesays.com\/se\/wp-json\/wp\/v2\/tags?post=106636"}],"curies":[{"name":"wp","href":"https:\/\/api.w.org\/{rel}","templated":true}]}}