{"id":106673,"date":"2025-12-15T12:38:12","date_gmt":"2025-12-15T12:38:12","guid":{"rendered":"https:\/\/www.europesays.com\/se\/106673\/"},"modified":"2025-12-15T12:38:12","modified_gmt":"2025-12-15T12:38:12","slug":"demokratiaktivisten-jimmy-lai-domd-i-hongkong-kan-fa-livstids-fangelse-utrikes","status":"publish","type":"post","link":"https:\/\/www.europesays.com\/se\/106673\/","title":{"rendered":"Demokrati\u00adaktivisten Jimmy Lai d\u00f6md i Hongkong \u2013 kan f\u00e5 livstids f\u00e4ngelse | Utrikes"},"content":{"rendered":"<p class=\"aw-1gybjub aw-5vja16 kEtdKx kmuxyA yle__article__paragraph\">Experter ser domen som \u00e4nnu en spik i kistan f\u00f6r de demokratiska krafterna i staden.<\/p>\n<p><img decoding=\"async\" alt=\"Mediemagnaten och demokratiaktivisten Jimmy Lai i Hongkong.\" src=\"https:\/\/www.europesays.com\/se\/wp-content\/uploads\/2025\/12\/39-1570005693ff704d6a80.jpeg\" class=\"aw-1l9m598 hKVVvP\"\/><\/p>\n<p>\u00d6ppna bildvisare<\/p>\n<p>Mediemogulen och demokratiaktivisten Jimmy Lai i Hongkong har suttit insp\u00e4rrad sedan 2020. Bild: Lehtikuva<\/p>\n<ul class=\"aw-1jjocuh iJTSwP yle__article__list yle__article__list--ul\">\n<li class=\"aw-1j7gwms gNYKfi\">Den kinakritiska mediemogulen Jimmy Lai har d\u00f6mts i Hongkong f\u00f6r brott mot stadens s\u00e4kerhetslagar.<\/li>\n<li class=\"aw-1j7gwms gNYKfi\">Den 78-\u00e5rige grundaren av den pro-demokratiska tabloiden Apple Daily riskerar livstids f\u00e4ngelse.<\/li>\n<li class=\"aw-1j7gwms gNYKfi\">Domen inneb\u00e4r enligt kritiker \u00e4nnu en slag mot pressfriheten och urholkar stadens sj\u00e4lvstyre.<\/li>\n<\/ul>\n<p class=\"aw-1gybjub aw-1p7kakr kEtdKx cEmitX yle__article__paragraph\">Mediemogulen och demokratiaktivisten <strong class=\"aw-ak79eh KyCXm yle__article__strong\">Jimmy Lai<\/strong> har d\u00f6mts f\u00f6r brott mot den nationella s\u00e4kerheten av en domstol i Hongkong. Han d\u00f6mdes f\u00f6r utl\u00e4ndsk samverkan och uppviglande publicering.<\/p>\n<p class=\"aw-1gybjub aw-1p7kakr kEtdKx cEmitX yle__article__paragraph\">Lai grundade tidningen Apple Daily 1995, en prodemokratisk tidskrift p\u00e5 kinesiska som ofta uttryckte kritik mot det regerande kommunistpartiet i Kina.<\/p>\n<p class=\"aw-1gybjub aw-1p7kakr kEtdKx cEmitX yle__article__paragraph\">Tidningen lades ner 2021 efter att omkring 500 poliser utf\u00f6rde en r\u00e4d mot tidningsredaktionen och fr\u00f6s tillg\u00e5ngarna till tidningens dotterbolag.<\/p>\n<p class=\"aw-1gybjub aw-1p7kakr kEtdKx cEmitX yle__article__paragraph\">Myndigheterna h\u00e4vdade att lite drygt 150 artiklar, opinionsinlagor och videofilmer var illegala enligt stadens s\u00e4kerhetslagar. Tidningen f\u00f6ljde aktivt med och skrev om de stora prodemokratiska demonstrationerna i staden 2019-2020.<\/p>\n<p class=\"aw-1gybjub aw-1p7kakr kEtdKx cEmitX yle__article__paragraph\">Lai arresterades i december 2020 och anses av myndigheterna vara som en av dem som st\u00e5tt bakom de h\u00e4r demonstrationerna.<\/p>\n<p class=\"aw-1gybjub aw-1p7kakr kEtdKx cEmitX yle__article__paragraph\">Domstolen i Hongkong tog st\u00f6d av stadens str\u00e4nga s\u00e4kerhetslagar fr\u00e5n 2020 och 2024 f\u00f6r att f\u00e4lla Lai.<\/p>\n<p><img decoding=\"async\" alt=\"Demonstranter kastar tillbaka t\u00e5rgasgranater mot polisen i Hongkong\" src=\"https:\/\/www.europesays.com\/se\/wp-content\/uploads\/2025\/12\/39-5873135d6a7b1fb417a.jpeg\" loading=\"lazy\" class=\"aw-1l9m598 hKVVvP\"\/><\/p>\n<p>\u00d6ppna bildvisare<\/p>\n<p>Demonstrationerna i Hongkong br\u00f6t ut d\u00e5 folk blev oroliga \u00f6ver en utl\u00e4mningslag, som skulle g\u00f6ra det m\u00f6jligt att skicka personer misst\u00e4nkta f\u00f6r brott fr\u00e5n Hongkong till Fastlandskina f\u00f6r att st\u00e4llas inf\u00f6r r\u00e4tta d\u00e4r.  Bild: EPA-EFE\/VIVEK PRAKASH<\/p>\n<p class=\"aw-1gybjub aw-1p7kakr kEtdKx cEmitX yle__article__paragraph\">En av de tre domarna som h\u00f6ll i r\u00e4tteg\u00e5ngen sa att det inte r\u00e5dde tvekan om att Lais handlingar var drivna av \u201dagg och hat\u201d mot Kina, och att han uppvisat gl\u00e4dje d\u00e5 USA inf\u00f6rde sanktioner mot Hongkong efter att stadens ledning vidtagit \u00e5tg\u00e4rder f\u00f6r att undertrycka protesterna.<\/p>\n<p class=\"aw-1gybjub aw-1p7kakr kEtdKx cEmitX yle__article__paragraph\">S\u00e4kerhetslagarna sl\u00e5r ner p\u00e5 olika former av s\u00e5dant som man bland annat anser vara h\u00f6gf\u00f6rr\u00e4deri, omst\u00f6rtning och uppvigling. De har m\u00f6tts av mycket motst\u00e5nd fr\u00e5n demokratiaktivister och f\u00f6rd\u00f6ms av m\u00e4nniskor\u00e4ttsorganisationer och andra internationella instanser.<\/p>\n<p class=\"aw-1gybjub aw-1p7kakr kEtdKx cEmitX yle__article__paragraph\">\u00c4ven Jimmy Lais r\u00e4ttsprocess, som p\u00e5g\u00e5tt i n\u00e4rmare tv\u00e5 \u00e5r, har utsatts f\u00f6r mycket kritik av omv\u00e4rlden. Lai \u00e4r brittisk medborgare och den brittiska regeringen har tidigare kr\u00e4vt att han friges.<\/p>\n<p class=\"aw-1gybjub aw-1p7kakr kEtdKx cEmitX yle__article__paragraph\">Den f\u00e4llande domen kan inneb\u00e4ra livstids f\u00e4ngelse f\u00f6r 78-\u00e5rige Lai. Hans familj har protesterat mot domstolsbeslutet och h\u00e4vdar att de m\u00e5nga \u00e5ren i f\u00e4ngelse i v\u00e4ntan p\u00e5 domen har skadat hans h\u00e4lsa.<\/p>\n<p>Allt tuffare f\u00f6r principen \u201dett land, tv\u00e5 system\u201d<\/p>\n<p class=\"aw-1gybjub aw-1p7kakr kEtdKx cEmitX yle__article__paragraph\">Tidningen New York Times citerar <strong class=\"aw-ak79eh KyCXm yle__article__strong\">Mark Clifford<\/strong>, ordf\u00f6rande f\u00f6r Kommitt\u00e9n f\u00f6r frihet i Hongkong, som sa att domen \u201dp\u00e5 ett brutalt s\u00e4tt markerar slutet f\u00f6r yttrandefriheten och den fria pressen i en stad d\u00e4r dessa friheter l\u00e4nge l\u00e5g till grund f\u00f6r vad som var Asiens friaste stad samt en av dess tidigaste och mest imponerande ekonomiska framg\u00e5ngssagor.\u201d<\/p>\n<p class=\"aw-1gybjub aw-1p7kakr kEtdKx cEmitX yle__article__paragraph\">Parallellt med Lais fall handskas staden ocks\u00e5 med efterdyningarna av de f\u00f6r\u00f6dande br\u00e4nderna i ett antal l\u00e4genhetskomplex nyligen. S\u00e4kerhetspolisen har arresterat ett stort antal personer och s\u00f6ker efter det som de kallar \u201dantikinesiska krafter\u201d.<\/p>\n<p class=\"aw-1gybjub aw-1p7kakr kEtdKx cEmitX yle__article__paragraph\">Myndigheterna h\u00e4vdar att dessa f\u00f6rs\u00f6ker destabilisera den sociala ordningen, men kritiseras av andra f\u00f6r att f\u00f6rs\u00f6ka tysta r\u00f6ster som vill avkr\u00e4va st\u00f6rre ansvar av de styrande.<\/p>\n<p class=\"aw-1gybjub aw-1p7kakr kEtdKx cEmitX yle__article__paragraph\">Myndigheternas hantering av br\u00e4nderna och domen mot Lai markerar enligt m\u00e5nga analytiker en minskande tolerans mot yttrandefrihet och kritiska r\u00f6ster.<\/p>\n<p class=\"aw-1gybjub aw-1p7kakr kEtdKx cEmitX yle__article__paragraph\">M\u00e5nga av experterna ser det ocks\u00e5 som att principen \u201dett land, tv\u00e5 system\u201d, som ska garantera Hongkong viss frihet och autonomi fr\u00e5n styret i Peking fram till \u00e5r 2047, h\u00e5ller p\u00e5 att erodera bort.<\/p>\n","protected":false},"excerpt":{"rendered":"Experter ser domen som \u00e4nnu en spik i kistan f\u00f6r de demokratiska krafterna i staden. \u00d6ppna bildvisare Mediemogulen&hellip;\n","protected":false},"author":2,"featured_media":106674,"comment_status":"","ping_status":"","sticky":false,"template":"","format":"standard","meta":{"footnotes":""},"categories":[14],"tags":[420,22,23,1640,2965,26,27,17,21,549,24,25,28,29,2994,15,16,1537,18,34,31,33,32,30,19,20,237,51,52,53,54,3916],"class_list":{"0":"post-106673","1":"post","2":"type-post","3":"status-publish","4":"format-standard","5":"has-post-thumbnail","7":"category-varlden","8":"tag-asien","9":"tag-breaking-news","10":"tag-breakingnews","11":"tag-demokrati","12":"tag-domar","13":"tag-featured-news","14":"tag-featurednews","15":"tag-headlines","16":"tag-huvudnyheter","17":"tag-kina","18":"tag-latest-news","19":"tag-latestnews","20":"tag-main-news","21":"tag-mainnews","22":"tag-medborgaraktivitet","23":"tag-news","24":"tag-nyheter","25":"tag-rattegangar","26":"tag-rubriker","27":"tag-se","28":"tag-svenska","29":"tag-sverige","30":"tag-sweden","31":"tag-swedish","32":"tag-top-stories","33":"tag-topstories","34":"tag-utrikes","35":"tag-varlden","36":"tag-world","37":"tag-world-news","38":"tag-worldnews","39":"tag-yttrandefrihet"},"share_on_mastodon":{"url":"","error":""},"_links":{"self":[{"href":"https:\/\/www.europesays.com\/se\/wp-json\/wp\/v2\/posts\/106673","targetHints":{"allow":["GET"]}}],"collection":[{"href":"https:\/\/www.europesays.com\/se\/wp-json\/wp\/v2\/posts"}],"about":[{"href":"https:\/\/www.europesays.com\/se\/wp-json\/wp\/v2\/types\/post"}],"author":[{"embeddable":true,"href":"https:\/\/www.europesays.com\/se\/wp-json\/wp\/v2\/users\/2"}],"replies":[{"embeddable":true,"href":"https:\/\/www.europesays.com\/se\/wp-json\/wp\/v2\/comments?post=106673"}],"version-history":[{"count":0,"href":"https:\/\/www.europesays.com\/se\/wp-json\/wp\/v2\/posts\/106673\/revisions"}],"wp:featuredmedia":[{"embeddable":true,"href":"https:\/\/www.europesays.com\/se\/wp-json\/wp\/v2\/media\/106674"}],"wp:attachment":[{"href":"https:\/\/www.europesays.com\/se\/wp-json\/wp\/v2\/media?parent=106673"}],"wp:term":[{"taxonomy":"category","embeddable":true,"href":"https:\/\/www.europesays.com\/se\/wp-json\/wp\/v2\/categories?post=106673"},{"taxonomy":"post_tag","embeddable":true,"href":"https:\/\/www.europesays.com\/se\/wp-json\/wp\/v2\/tags?post=106673"}],"curies":[{"name":"wp","href":"https:\/\/api.w.org\/{rel}","templated":true}]}}