{"id":106680,"date":"2025-12-15T12:43:28","date_gmt":"2025-12-15T12:43:28","guid":{"rendered":"https:\/\/www.europesays.com\/se\/106680\/"},"modified":"2025-12-15T12:43:28","modified_gmt":"2025-12-15T12:43:28","slug":"helena-bergstrom-ringer-in-det-nya-aret-pa-skansen","status":"publish","type":"post","link":"https:\/\/www.europesays.com\/se\/106680\/","title":{"rendered":"Helena Bergstr\u00f6m ringer in det nya \u00e5ret p\u00e5 Skansen"},"content":{"rendered":"<p>bakgrund<\/p>\n<p>\u00a0<\/p>\n<p>\u201dNy\u00e5rsklockan\u201d<\/p>\n<p>Wikipedia (sv)<\/p>\n<p>Ny\u00e5rsklockan (engelska: Ring Out, Wild Bells) \u00e4r en dikt av den engelske poeten Alfred Tennyson fr\u00e5n 1850. Den svenska \u00f6vers\u00e4ttningen, som inneh\u00e5ller versraden &#8221;Ring, klocka, ring&#8221; \u00e4r skriven av Edvard Fredin och publicerades i flera dagstidningar i januari 1889, samma \u00e5r som Fredin avled 32 \u00e5r gammal. I bokform gavs den ut 1890, ett \u00e5r efter Fredins d\u00f6d.<br \/>\nSedan mitten av 1890-talet \u00e4r det tradition att dikten reciteras offentligt vid tolvslaget p\u00e5 Skansen i Stockholm, vilket ofta s\u00e4nds i radio och TV. Anders de Wahl \u00e4r den med flest offentliga ny\u00e5rsuppl\u00e4sningar \u2013 minst 36 g\u00e5nger p\u00e5 Skansen och ytterligare ett antal endast i radio.<\/p>\n","protected":false},"excerpt":{"rendered":"bakgrund \u00a0 \u201dNy\u00e5rsklockan\u201d Wikipedia (sv) Ny\u00e5rsklockan (engelska: Ring Out, Wild Bells) \u00e4r en dikt av den engelske poeten&hellip;\n","protected":false},"author":2,"featured_media":106681,"comment_status":"","ping_status":"","sticky":false,"template":"","format":"standard","meta":{"footnotes":""},"categories":[67],"tags":[104,168,11927,11926,34,31,33,32,30,105],"class_list":{"0":"post-106680","1":"post","2":"type-post","3":"status-publish","4":"format-standard","5":"has-post-thumbnail","7":"category-underhallning","8":"tag-entertainment","9":"tag-film-tv","10":"tag-helena-bergstrom","11":"tag-nyar","12":"tag-se","13":"tag-svenska","14":"tag-sverige","15":"tag-sweden","16":"tag-swedish","17":"tag-underhallning"},"share_on_mastodon":{"url":"https:\/\/pubeurope.com\/@se\/115723645956109838","error":""},"_links":{"self":[{"href":"https:\/\/www.europesays.com\/se\/wp-json\/wp\/v2\/posts\/106680","targetHints":{"allow":["GET"]}}],"collection":[{"href":"https:\/\/www.europesays.com\/se\/wp-json\/wp\/v2\/posts"}],"about":[{"href":"https:\/\/www.europesays.com\/se\/wp-json\/wp\/v2\/types\/post"}],"author":[{"embeddable":true,"href":"https:\/\/www.europesays.com\/se\/wp-json\/wp\/v2\/users\/2"}],"replies":[{"embeddable":true,"href":"https:\/\/www.europesays.com\/se\/wp-json\/wp\/v2\/comments?post=106680"}],"version-history":[{"count":0,"href":"https:\/\/www.europesays.com\/se\/wp-json\/wp\/v2\/posts\/106680\/revisions"}],"wp:featuredmedia":[{"embeddable":true,"href":"https:\/\/www.europesays.com\/se\/wp-json\/wp\/v2\/media\/106681"}],"wp:attachment":[{"href":"https:\/\/www.europesays.com\/se\/wp-json\/wp\/v2\/media?parent=106680"}],"wp:term":[{"taxonomy":"category","embeddable":true,"href":"https:\/\/www.europesays.com\/se\/wp-json\/wp\/v2\/categories?post=106680"},{"taxonomy":"post_tag","embeddable":true,"href":"https:\/\/www.europesays.com\/se\/wp-json\/wp\/v2\/tags?post=106680"}],"curies":[{"name":"wp","href":"https:\/\/api.w.org\/{rel}","templated":true}]}}