{"id":106682,"date":"2025-12-15T12:45:08","date_gmt":"2025-12-15T12:45:08","guid":{"rendered":"https:\/\/www.europesays.com\/se\/106682\/"},"modified":"2025-12-15T12:45:08","modified_gmt":"2025-12-15T12:45:08","slug":"audi-revolut-f1-team-avslojar-officiellt-namn-och-datum-for-teampresentationen-i-berlin","status":"publish","type":"post","link":"https:\/\/www.europesays.com\/se\/106682\/","title":{"rendered":"Audi Revolut F1 Team avsl\u00f6jar officiellt namn och datum f\u00f6r teampresentationen i Berlin"},"content":{"rendered":"<p>Partnerskapet med Revolut \u00e4r en strategiskt viktig del av teamets n\u00e4rvaro. Som ett globalt fintechbolag delar Revolut ambitionen f\u00f6r innovation och prestation liksom att n\u00e5 en internationell publik. Samarbetet g\u00e5r bortom traditionell sponsring och bildar en stark allians med m\u00e5let att utmana konventioner och skapa nya former av engagemang \u2013 genom aktiveringar, tillg\u00e5ng till lopp och exklusiva f\u00f6rm\u00e5ner f\u00f6r anv\u00e4ndare av Revolut-appen. Alliansen omfattar \u00e4ven viktiga operativa omr\u00e5den f\u00f6r Audi Revolut F1 Team: integrationen av Revolut Business i dess finansiella verksamhet och Revolut Pay i deras onlinebutik f\u00f6r en s\u00f6ml\u00f6s shoppingupplevelse.<\/p>\n<p>Audi Revolut F1 Team kommer att presentera sin visuella identitet den 20 januari i Berlin. V\u00e4rldspremi\u00e4ren kommer att vara en upplevelse och visa varum\u00e4rkets k\u00e4rnpelare: klarhet, teknisk intelligens och k\u00e4nsla. F\u00f6r att s\u00e4kerst\u00e4lla att teamet \u00e4ven n\u00e5r utanf\u00f6r dep\u00e5n f\u00f6ljs den exklusiva presentationen av ett publikt evenemang d\u00e4r \u00e4ven fans kan uppleva premi\u00e4ren p\u00e5 plats den 21 januari.<\/p>\n<p>En h\u00f6jdpunkt under presentationen i Berlin \u00e4r den officiella avt\u00e4ckningen av bilens slutliga livery f\u00f6r 2026 \u00e5rs s\u00e4song, efter att Audi R26 Concept presenterades i november. Med mindre \u00e4n 50 dagar f\u00f6re det f\u00f6rsta loppet kommer teamet att visa hur den visuella identiteten formar debuts\u00e4songen och \u00f6verf\u00f6ra Audis designprinciper till n\u00e4rvaron i Formel 1-f\u00e4ltet.<\/p>\n<p>Som en del av bildandet av Audi Revolut F1 Team kommer Sauber Motorsport AG att byta namn till Audi Motorsport AG och teamets teknikcenter i Bicester, Storbritannien, kommer att byta namn till Audi Motorsport Technology Centre UK. F\u00f6r att hedra sitt f\u00f6rflutna beh\u00e5ller f\u00f6retaget namnen Sauber Holding AG och Sauber Technologies AG.<\/p>\n<p><strong>Gernot D\u00f6llner, VD f\u00f6r AUDI AG<\/strong> och styrelseordf\u00f6rande f\u00f6r Sauber Motorsport AG: &#8221;Avt\u00e4ckningen av namnet och logotypen f\u00f6r Audi Revolut F1 Team \u00e4r ytterligare en viktig milstolpe p\u00e5 v\u00e5r v\u00e4g mot motorsportens kungaklass. B\u00e5da ger v\u00e5ra ambitioner en tydlig identitet och speglar en stark vision och innovativ anda. Vi ser fram emot Berlin i januari, d\u00e4r vi officiellt kommer att presentera detta sp\u00e4nnande nya kapitel f\u00f6r varum\u00e4rket Audi f\u00f6r v\u00e4rlden.&#8221;<\/p>\n<p><strong>Mattia Binotto, chef f\u00f6r Audi F1-projektet:<\/strong> &#8221;Detta tillk\u00e4nnagivande ger ett namn och ett ansikte \u00e5t teamets otroliga arbete. Teamet tar form, drivet av en kultur av precision och obeveklig ambition. Presentationen i Berlin blir det f\u00f6rsta \u00f6gonblicket d\u00e5 vi alla st\u00e5r tillsammans som ett team och bjuder in v\u00e5r globala fanbas att ansluta sig till oss redan innan v\u00e5r debut 2026.&#8221;<\/p>\n<p><strong>Jonathan Wheatley, teamchef f\u00f6r Audi Revolut F1 Team:<\/strong> &#8221;Idag f\u00e5r v\u00e5rt projekt sin officiella identitet. Namnet Audi Revolut F1 Team \u00e4r en symbol f\u00f6r den samlade kraften hos v\u00e5ra team i Tyskland, Storbritannien och Schweiz tlllsammans med v\u00e5ra partners. Det \u00e4r k\u00e4nnetecknet som f\u00f6renar oss alla n\u00e4r vi g\u00e5r in i 2026 \u2013 en viktig milstolpe som driver hela projektet och g\u00f6r v\u00e5ra l\u00e5ngsiktiga ambitioner p\u00e5tagliga f\u00f6r alla inblandade.&#8221;<\/p>\n<p><strong>Nikolay Storonsky, VD och medgrundare av Revolut<\/strong>: &#8221;Kombinationen av Revolut och Audi i Formel 1 \u00e4r ett partnerskap som bygger vidare p\u00e5 en gemensamma passion f\u00f6r banbrytande teknik, och som baseras p\u00e5 en global ambition att utmana status quo. Namnet och logotypen f\u00f6r Audi Revolut F1 Team \u00e4r de f\u00f6rsta symbolerna f\u00f6r denna starka allians som kommer att forts\u00e4tta driva Revoluts globala tillv\u00e4xt.&#8221;<\/p>\n","protected":false},"excerpt":{"rendered":"Partnerskapet med Revolut \u00e4r en strategiskt viktig del av teamets n\u00e4rvaro. Som ett globalt fintechbolag delar Revolut ambitionen&hellip;\n","protected":false},"author":2,"featured_media":106683,"comment_status":"","ping_status":"","sticky":false,"template":"","format":"standard","meta":{"footnotes":""},"categories":[65],"tags":[72,70,71,34,31,33,32,30],"class_list":{"0":"post-106682","1":"post","2":"type-post","3":"status-publish","4":"format-standard","5":"has-post-thumbnail","7":"category-ekonomi","8":"tag-business","9":"tag-economy","10":"tag-ekonomi","11":"tag-se","12":"tag-svenska","13":"tag-sverige","14":"tag-sweden","15":"tag-swedish"},"share_on_mastodon":{"url":"https:\/\/pubeurope.com\/@se\/115723653811048774","error":""},"_links":{"self":[{"href":"https:\/\/www.europesays.com\/se\/wp-json\/wp\/v2\/posts\/106682","targetHints":{"allow":["GET"]}}],"collection":[{"href":"https:\/\/www.europesays.com\/se\/wp-json\/wp\/v2\/posts"}],"about":[{"href":"https:\/\/www.europesays.com\/se\/wp-json\/wp\/v2\/types\/post"}],"author":[{"embeddable":true,"href":"https:\/\/www.europesays.com\/se\/wp-json\/wp\/v2\/users\/2"}],"replies":[{"embeddable":true,"href":"https:\/\/www.europesays.com\/se\/wp-json\/wp\/v2\/comments?post=106682"}],"version-history":[{"count":0,"href":"https:\/\/www.europesays.com\/se\/wp-json\/wp\/v2\/posts\/106682\/revisions"}],"wp:featuredmedia":[{"embeddable":true,"href":"https:\/\/www.europesays.com\/se\/wp-json\/wp\/v2\/media\/106683"}],"wp:attachment":[{"href":"https:\/\/www.europesays.com\/se\/wp-json\/wp\/v2\/media?parent=106682"}],"wp:term":[{"taxonomy":"category","embeddable":true,"href":"https:\/\/www.europesays.com\/se\/wp-json\/wp\/v2\/categories?post=106682"},{"taxonomy":"post_tag","embeddable":true,"href":"https:\/\/www.europesays.com\/se\/wp-json\/wp\/v2\/tags?post=106682"}],"curies":[{"name":"wp","href":"https:\/\/api.w.org\/{rel}","templated":true}]}}