{"id":106684,"date":"2025-12-15T12:47:19","date_gmt":"2025-12-15T12:47:19","guid":{"rendered":"https:\/\/www.europesays.com\/se\/106684\/"},"modified":"2025-12-15T12:47:19","modified_gmt":"2025-12-15T12:47:19","slug":"forvaltningsratten-stoppar-vargjakt-2026-svt-nyheter","status":"publish","type":"post","link":"https:\/\/www.europesays.com\/se\/106684\/","title":{"rendered":"F\u00f6rvaltningsr\u00e4tten stoppar vargjakt 2026 | SVT Nyheter"},"content":{"rendered":"<p>Fem l\u00e4nsstyrelser har beslutat om licensjakt f\u00f6r varg med start i januari 2026 \u2013 Dalarna, S\u00f6dermanland, V\u00e4stmanland, V\u00e4stra G\u00f6taland, och \u00d6rebro. Besluten har \u00f6verklagats av olika organisationer, bland annat Naturskyddsf\u00f6reningen och Svenska rovdjursf\u00f6reningen. <\/p>\n<p>F\u00f6rvaltningsr\u00e4tten i Lule\u00e5 beslutade p\u00e5 m\u00e5ndagen att bifalla \u00f6verklaganden. I ett pressmeddelande h\u00e4nvisar f\u00f6rvaltningsr\u00e4tten till att l\u00e4nsstyrelserna brustit i att l\u00e4gga fram bevis som visar att jakten inte skulle f\u00f6rsv\u00e5ra uppr\u00e4tth\u00e5llandet av vargpopulationen.<\/p>\n<p>Sverige kritiserades av EU-kommissionen<\/p>\n<p>Tidigare i \u00e5r best\u00e4mde Sverige att man kan ha en vargstam p\u00e5 170 individer \u2013 motsvarande siffra var tidigare 300. Referensv\u00e4rdet ska spegla hur m\u00e5nga vargar som beh\u00f6vs f\u00f6r gynnsam bevarandestatus av populationen.<\/p>\n<p>De \u00f6verklagande har kritiserat att l\u00e4nsstyrelsen anv\u00e4nt sig av ett Sveriges nya referensv\u00e4rde p\u00e5 varg \u2013 som <a href=\"https:\/\/www.svt.se\/nyheter\/lokalt\/orebro\/sverige-sankte-vargreferens-till-170-eu-anser-beslutet-ovetenskapligt\" rel=\"nofollow noopener\" target=\"_blank\">EU-kommissionen kritiserat<\/a> f\u00f6r att vara f\u00f6r l\u00e5gt. <\/p>\n<p>Vargjakten skulle starta den 2 januari<\/p>\n<p>Victoria B\u00e4ckstr\u00f6m, ordf\u00f6rande lagman i m\u00e5let, skriver i pressmeddelandet att man fattat beslutet under tidspress. <\/p>\n<p>\u201dEftersom jakten skulle ha startat redan 2 januari 2026 och flera av \u00f6verklagandena kom in v\u00e4ldigt sent har det varit ovanligt kort om tid, men vi har tyckt att det varit viktigt att meddela dom f\u00f6re den planerade jaktstarten.\u201d<\/p>\n<p>En n\u00e4mndeman vill avsl\u00e5 \u00f6verklagandet. <\/p>\n","protected":false},"excerpt":{"rendered":"Fem l\u00e4nsstyrelser har beslutat om licensjakt f\u00f6r varg med start i januari 2026 \u2013 Dalarna, S\u00f6dermanland, V\u00e4stmanland, V\u00e4stra&hellip;\n","protected":false},"author":2,"featured_media":793,"comment_status":"","ping_status":"","sticky":false,"template":"","format":"standard","meta":{"footnotes":""},"categories":[12],"tags":[22,23,26,27,17,21,24,25,28,29,15,16,18,34,31,33,32,30,19,20],"class_list":{"0":"post-106684","1":"post","2":"type-post","3":"status-publish","4":"format-standard","5":"has-post-thumbnail","7":"category-sverige","8":"tag-breaking-news","9":"tag-breakingnews","10":"tag-featured-news","11":"tag-featurednews","12":"tag-headlines","13":"tag-huvudnyheter","14":"tag-latest-news","15":"tag-latestnews","16":"tag-main-news","17":"tag-mainnews","18":"tag-news","19":"tag-nyheter","20":"tag-rubriker","21":"tag-se","22":"tag-svenska","23":"tag-sverige","24":"tag-sweden","25":"tag-swedish","26":"tag-top-stories","27":"tag-topstories"},"share_on_mastodon":{"url":"https:\/\/pubeurope.com\/@se\/115723661711133793","error":""},"_links":{"self":[{"href":"https:\/\/www.europesays.com\/se\/wp-json\/wp\/v2\/posts\/106684","targetHints":{"allow":["GET"]}}],"collection":[{"href":"https:\/\/www.europesays.com\/se\/wp-json\/wp\/v2\/posts"}],"about":[{"href":"https:\/\/www.europesays.com\/se\/wp-json\/wp\/v2\/types\/post"}],"author":[{"embeddable":true,"href":"https:\/\/www.europesays.com\/se\/wp-json\/wp\/v2\/users\/2"}],"replies":[{"embeddable":true,"href":"https:\/\/www.europesays.com\/se\/wp-json\/wp\/v2\/comments?post=106684"}],"version-history":[{"count":0,"href":"https:\/\/www.europesays.com\/se\/wp-json\/wp\/v2\/posts\/106684\/revisions"}],"wp:featuredmedia":[{"embeddable":true,"href":"https:\/\/www.europesays.com\/se\/wp-json\/wp\/v2\/media\/793"}],"wp:attachment":[{"href":"https:\/\/www.europesays.com\/se\/wp-json\/wp\/v2\/media?parent=106684"}],"wp:term":[{"taxonomy":"category","embeddable":true,"href":"https:\/\/www.europesays.com\/se\/wp-json\/wp\/v2\/categories?post=106684"},{"taxonomy":"post_tag","embeddable":true,"href":"https:\/\/www.europesays.com\/se\/wp-json\/wp\/v2\/tags?post=106684"}],"curies":[{"name":"wp","href":"https:\/\/api.w.org\/{rel}","templated":true}]}}