{"id":106685,"date":"2025-12-15T12:48:19","date_gmt":"2025-12-15T12:48:19","guid":{"rendered":"https:\/\/www.europesays.com\/se\/106685\/"},"modified":"2025-12-15T12:48:19","modified_gmt":"2025-12-15T12:48:19","slug":"tandlakarstudenter-fran-riga-gor-praktik-hos-folktandvarden-gotland","status":"publish","type":"post","link":"https:\/\/www.europesays.com\/se\/106685\/","title":{"rendered":"Tandl\u00e4karstudenter fr\u00e5n Riga g\u00f6r praktik hos Folktandv\u00e5rden Gotland"},"content":{"rendered":"<p class=\"font-normal\">Syftet \u00e4r att ge studenterna en m\u00f6jlighet att l\u00e4ra k\u00e4nna Folktandv\u00e5rden Gotland och samtidigt skapa ett framtida rekryteringsunderlag. Det uppskattade uppl\u00e4gget med internationella studenter har gett mycket goda erfarenheter i Dalarna och Folktandv\u00e5rden Gotland ser det som en stor f\u00f6rm\u00e5n att nu f\u00e5 f\u00f6ra samarbetet vidare.<\/p>\n<p class=\"font-normal\">\u2013 Det h\u00e4r \u00e4r en stor och viktig nyhet f\u00f6r oss. Vi har f\u00e5tt m\u00f6jligheten att ta \u00f6ver ett mycket v\u00e4lfungerande samarbete fr\u00e5n Region Dalarna och vi \u00e4r glada och stolta \u00f6ver f\u00f6rtroendet. Vi hoppas att studenterna ska trivas hos oss och vilja \u00e5terv\u00e4nda som nya kollegor i framtiden, s\u00e4ger Daniel Altinisik, tandv\u00e5rdschef.<\/p>\n<p class=\"font-normal\">Satsningen \u00e4r en del av Folktandv\u00e5rdens l\u00e5ngsiktiga arbete f\u00f6r att m\u00f6ta den nationella tandl\u00e4karbristen och st\u00e4rka Gotlands kompetensf\u00f6rs\u00f6rjning.<\/p>\n<p class=\"font-normal\">\u2013 Det h\u00e4r samarbetet \u00e4r ett viktigt steg i arbetet med att s\u00e4kra framtidens kompetensf\u00f6rs\u00f6rjning. Genom att v\u00e4lkomna studenter till Gotland skapar vi b\u00e5de attraktiva l\u00e4randemilj\u00f6er och l\u00e5ngsiktiga m\u00f6jligheter att st\u00e4rka tandv\u00e5rden f\u00f6r gotl\u00e4nningarna, s\u00e4ger Marie Loob, h\u00e4lso- och sjukv\u00e5rdsdirekt\u00f6r.<\/p>\n<p class=\"font-normal\">Studenterna kommer fr\u00e5n flera olika europeiska l\u00e4nder och studerar sin sista termin vid den fem\u00e5riga tandl\u00e4karutbildningen vid Riga Stradi\u0146s Universitet.<\/p>\n","protected":false},"excerpt":{"rendered":"Syftet \u00e4r att ge studenterna en m\u00f6jlighet att l\u00e4ra k\u00e4nna Folktandv\u00e5rden Gotland och samtidigt skapa ett framtida rekryteringsunderlag.&hellip;\n","protected":false},"author":2,"featured_media":106686,"comment_status":"","ping_status":"","sticky":false,"template":"","format":"standard","meta":{"footnotes":""},"categories":[5],"tags":[22,23,26,27,17,21,24,25,28,29,15,16,18,34,31,33,32,30,19,20],"class_list":{"0":"post-106685","1":"post","2":"type-post","3":"status-publish","4":"format-standard","5":"has-post-thumbnail","7":"category-rubriker","8":"tag-breaking-news","9":"tag-breakingnews","10":"tag-featured-news","11":"tag-featurednews","12":"tag-headlines","13":"tag-huvudnyheter","14":"tag-latest-news","15":"tag-latestnews","16":"tag-main-news","17":"tag-mainnews","18":"tag-news","19":"tag-nyheter","20":"tag-rubriker","21":"tag-se","22":"tag-svenska","23":"tag-sverige","24":"tag-sweden","25":"tag-swedish","26":"tag-top-stories","27":"tag-topstories"},"share_on_mastodon":{"url":"https:\/\/pubeurope.com\/@se\/115723665648481035","error":""},"_links":{"self":[{"href":"https:\/\/www.europesays.com\/se\/wp-json\/wp\/v2\/posts\/106685","targetHints":{"allow":["GET"]}}],"collection":[{"href":"https:\/\/www.europesays.com\/se\/wp-json\/wp\/v2\/posts"}],"about":[{"href":"https:\/\/www.europesays.com\/se\/wp-json\/wp\/v2\/types\/post"}],"author":[{"embeddable":true,"href":"https:\/\/www.europesays.com\/se\/wp-json\/wp\/v2\/users\/2"}],"replies":[{"embeddable":true,"href":"https:\/\/www.europesays.com\/se\/wp-json\/wp\/v2\/comments?post=106685"}],"version-history":[{"count":0,"href":"https:\/\/www.europesays.com\/se\/wp-json\/wp\/v2\/posts\/106685\/revisions"}],"wp:featuredmedia":[{"embeddable":true,"href":"https:\/\/www.europesays.com\/se\/wp-json\/wp\/v2\/media\/106686"}],"wp:attachment":[{"href":"https:\/\/www.europesays.com\/se\/wp-json\/wp\/v2\/media?parent=106685"}],"wp:term":[{"taxonomy":"category","embeddable":true,"href":"https:\/\/www.europesays.com\/se\/wp-json\/wp\/v2\/categories?post=106685"},{"taxonomy":"post_tag","embeddable":true,"href":"https:\/\/www.europesays.com\/se\/wp-json\/wp\/v2\/tags?post=106685"}],"curies":[{"name":"wp","href":"https:\/\/api.w.org\/{rel}","templated":true}]}}