{"id":106687,"date":"2025-12-15T12:50:11","date_gmt":"2025-12-15T12:50:11","guid":{"rendered":"https:\/\/www.europesays.com\/se\/106687\/"},"modified":"2025-12-15T12:50:11","modified_gmt":"2025-12-15T12:50:11","slug":"skoldmark-slar-tillbaka-mot-diabate-rykten-ingen-sanning-allsvenskan","status":"publish","type":"post","link":"https:\/\/www.europesays.com\/se\/106687\/","title":{"rendered":"Sk\u00f6ldmark sl\u00e5r tillbaka mot Diabate-rykten: &#8221;Ingen sanning&#8221; &#8211; Allsvenskan"},"content":{"rendered":"<p>Gais-forwarden Ibrahim Diabate blev delad skytteligavinnare 2025 tillsammans med Djurg\u00e5rden-forwarden August Priske.<\/p>\n<p>Ivorianen har s\u00e5ledes varit het p\u00e5 marknaden och ett lag som har uppgetts vara v\u00e4ldigt intresserat av att v\u00e4rva honom \u00e4r egyptiska Al-Ahly.<\/p>\n<p>Men Gais tekniske direkt\u00f6r, Magnus Sk\u00f6ldmark, sl\u00e5r tillbaka mot uppgifterna om Al Ahlys intresse.<\/p>\n<p>&#8211; Det finns ingen sanning i den typen av rubriker som har f\u00f6rekommit.<\/p>\n<p>&#8211; Helt pl\u00f6tsligt kommer det telefonsamtal fr\u00e5n styrelsemedlemmar som undrar om vi har f\u00e5tt ett bud, s\u00e4ger han.<\/p>\n<p>Han \u00e4r dock tydlig med att luren inte intresset f\u00f6r Diabate inte \u00e4r svalt.<\/p>\n<p>&#8211;\u00a0D\u00e4remot har det kommit en del f\u00f6rfr\u00e5gningar fr\u00e5n mer seri\u00f6sa akt\u00f6rer. Vi f\u00e5r se vad som h\u00e4nder i januari.<\/p>\n","protected":false},"excerpt":{"rendered":"Gais-forwarden Ibrahim Diabate blev delad skytteligavinnare 2025 tillsammans med Djurg\u00e5rden-forwarden August Priske. Ivorianen har s\u00e5ledes varit het p\u00e5&hellip;\n","protected":false},"author":2,"featured_media":106688,"comment_status":"","ping_status":"","sticky":false,"template":"","format":"standard","meta":{"footnotes":""},"categories":[68],"tags":[34,111,110,31,33,32,30],"class_list":{"0":"post-106687","1":"post","2":"type-post","3":"status-publish","4":"format-standard","5":"has-post-thumbnail","7":"category-sport","8":"tag-se","9":"tag-sport","10":"tag-sports","11":"tag-svenska","12":"tag-sverige","13":"tag-sweden","14":"tag-swedish"},"share_on_mastodon":{"url":"https:\/\/pubeurope.com\/@se\/115723673523413393","error":""},"_links":{"self":[{"href":"https:\/\/www.europesays.com\/se\/wp-json\/wp\/v2\/posts\/106687","targetHints":{"allow":["GET"]}}],"collection":[{"href":"https:\/\/www.europesays.com\/se\/wp-json\/wp\/v2\/posts"}],"about":[{"href":"https:\/\/www.europesays.com\/se\/wp-json\/wp\/v2\/types\/post"}],"author":[{"embeddable":true,"href":"https:\/\/www.europesays.com\/se\/wp-json\/wp\/v2\/users\/2"}],"replies":[{"embeddable":true,"href":"https:\/\/www.europesays.com\/se\/wp-json\/wp\/v2\/comments?post=106687"}],"version-history":[{"count":0,"href":"https:\/\/www.europesays.com\/se\/wp-json\/wp\/v2\/posts\/106687\/revisions"}],"wp:featuredmedia":[{"embeddable":true,"href":"https:\/\/www.europesays.com\/se\/wp-json\/wp\/v2\/media\/106688"}],"wp:attachment":[{"href":"https:\/\/www.europesays.com\/se\/wp-json\/wp\/v2\/media?parent=106687"}],"wp:term":[{"taxonomy":"category","embeddable":true,"href":"https:\/\/www.europesays.com\/se\/wp-json\/wp\/v2\/categories?post=106687"},{"taxonomy":"post_tag","embeddable":true,"href":"https:\/\/www.europesays.com\/se\/wp-json\/wp\/v2\/tags?post=106687"}],"curies":[{"name":"wp","href":"https:\/\/api.w.org\/{rel}","templated":true}]}}