{"id":106691,"date":"2025-12-15T12:53:07","date_gmt":"2025-12-15T12:53:07","guid":{"rendered":"https:\/\/www.europesays.com\/se\/106691\/"},"modified":"2025-12-15T12:53:07","modified_gmt":"2025-12-15T12:53:07","slug":"sa-blir-bostadsmarknaden-2026-enligt-experterna","status":"publish","type":"post","link":"https:\/\/www.europesays.com\/se\/106691\/","title":{"rendered":"S\u00e5 blir bostadsmarknaden 2026 &#8211; enligt experterna"},"content":{"rendered":"<p class=\"gb-text-f2bf179a\">Uppdaterad: 15 december 2025<\/p>\n<p><strong>Under 2026 kommer utbudet att minska, priserna att \u00f6ka och tilltron till bostadsmarknaden att st\u00e4rkas. Detta enligt flera experter.\u00a0<\/strong><\/p>\n<p>Det finns mycket som tyder p\u00e5 h\u00f6gre bostadspriser under 2026. Experter fr\u00e5n SEB, LF Fastighetsf\u00f6rmedling och M\u00e4klarhuset lyfter fram i stort sett samma faktorer i deras spaningar inf\u00f6r det nya \u00e5ret. D\u00e4remot har de n\u00e5got olika fokus.\u00a0<\/p>\n<p>Vilsen bostadsmarknad hittar hem<\/p>\n<p>I en <a href=\"https:\/\/news.cision.com\/se\/seb\/r\/allt-fler-tror-pa-hogre-bostadspriser-2026,c4277800\" target=\"_blank\" rel=\"noopener noreferrer nofollow\">spaning inf\u00f6r 2026<\/a> skriver Am\u00e9rico Fern\u00e1ndez, privatekonom p\u00e5 SEB, att \u201den vilsen bostadsmarknad ser ut att kunna hitta hem\u201d. Han syftar d\u00e5 p\u00e5 den turbulens som bostadsmarknaden haft under de senaste \u00e5ren med kraftigt h\u00f6jda r\u00e4ntor och d\u00e4refter ett <a href=\"https:\/\/www.ekonomifokus.se\/nyheter\/laget-pa-bostadsmarknaden-just-nu\" rel=\"nofollow noopener\" target=\"_blank\">rekordutbud p\u00e5 marknaden<\/a>. En turbulens som nu lagt sig och att marknaden nu kan \u201dhitta hem\u201d till ett b\u00e4ttre l\u00e4ge.\u00a0<\/p>\n<p>Fern\u00e1ndez lyfter fram flera olika faktorer f\u00f6r en lugnare och stabilare marknad. Bland annat f\u00f6rv\u00e4ntas Riksbankens kommande r\u00e4ntebesked \u201dindikera ett r\u00e4ntelugn\u201d samtidigt som flera skattes\u00e4nkningar kommer att p\u00e5verka hush\u00e5llens ekonomi positivt under 2026. Dessutom f\u00f6rv\u00e4ntas <a href=\"https:\/\/www.ekonomifokus.se\/nyheter\/sa-kan-nya-amorteringskravet-paverka-din-ekonomi\" rel=\"nofollow noopener\" target=\"_blank\">\u00e4ndrade amorteringsregler<\/a> p\u00e5verka marknaden positivt.<\/p>\n<p>\u00c4nnu en faktor som p\u00e5visar en positiv utveckling \u00e4r att utbudet av bost\u00e4der till salu <a href=\"https:\/\/www.hemnet.se\/artiklar\/bostadsmarknaden\/2025\/12\/03\/trendbrott-utbudet-minskar-efter-nastan-fyra-ar\" target=\"_blank\" rel=\"noopener noreferrer nofollow\">f\u00f6r f\u00f6rsta g\u00e5ngen p\u00e5 fyra \u00e5r har minskat<\/a>. I november minskade utbudet med 2 % i j\u00e4mf\u00f6relse mot november 2024.\u00a0<\/p>\n<p>\u00a0Dessutom upplever m\u00e5nga hush\u00e5ll en st\u00f6rre trygghet vilket till stor del p\u00e5verkar beslut kring bostadsk\u00f6p och hur stora l\u00e5n som l\u00e5ntagarna v\u00e5gar ta.\u00a0<\/p>\n<p>\u2013 En vilsen bostadsmarknad ser ut att kunna hitta hem under n\u00e4sta \u00e5r enligt hush\u00e5llen som nu h\u00f6jer sina boprisf\u00f6rv\u00e4ntningar. Am\u00e9rico Fern\u00e1ndez, privatekonom p\u00e5 SEB\u00a0<\/p>\n<p>Bostadspriserna bottnade i somras<\/p>\n<p>\u00c4ven Marcus Svanberg, VD p\u00e5 LF Fastighetsf\u00f6rmedling, ser en liknande utveckling f\u00f6r 2026. I rapporten \u201d<a href=\"https:\/\/www.lansfast.se\/inspiration\/bostadskoll\/hur-kommer-bostadsmarknaden-se-ut-2026\/?fbclid=IwY2xjawOn3yBleHRuA2FlbQEwAGFkaWQBqy4i0_Z08nNydGMGYXBwX2lkDzQwOTk2MjYyMzA4NTYwOQABHpiCdKaRWY5lBfAMkinrpZt9yTgvMCNB4fQ_M_kUXKul52gs6xY3fX7il3cC_aem_Pxf_Vu4X8BPk8VjnEi6sNA&amp;utm_medium=paid&amp;utm_source=fb&amp;utm_id=120221846627590242&amp;utm_content=120240541701860242&amp;utm_term=120240541701850242&amp;utm_campaign=120221846627590242\" target=\"_blank\" rel=\"noopener noreferrer nofollow\">Hur kommer bostadsmarknaden se ut 2026<\/a>?\u201d skriver han att marknaden har ljusnat men att det \u00e4ven \u201dkvarst\u00e5r oro f\u00f6r turbulens i omv\u00e4rlden och svagare tillv\u00e4xt \u00e4n v\u00e4ntat\u201d. Det \u00e4r oro som kan p\u00e5verka marknaden negativt.\u00a0<\/p>\n<p>Svanberg anser att \u201dbostadspriserna n\u00e5dde botten efter sommaren\u201d och att de d\u00e4rmed v\u00e4nder upp\u00e5t redan under slutet av 2025 och sedan under 2026.\u00a0 Framf\u00f6rallt handlar det om att hush\u00e5llen f\u00e5r det b\u00e4ttre ekonomiskt genom \u201dl\u00e4gre r\u00e4ntor, reall\u00f6ne\u00f6kningar och skattes\u00e4nkningar\u201d.\u00a0 Det i sig g\u00f6r att hush\u00e5llen f\u00e5r en starkare framtidstro och v\u00e5gar sig ut p\u00e5 bostadsmarknaden i st\u00f6rre grad \u00e4n tidigare.\u00a0<\/p>\n<p>Den faktor som Svanberg anser v\u00e4ga allra tyngst \u00e4r <a href=\"https:\/\/www.ekonomifokus.se\/bostad\/lan\/riksbankens-styrranta\" rel=\"nofollow noopener\" target=\"_blank\">styrr\u00e4ntan<\/a>. En r\u00e4nta som i b\u00f6rjan av \u00e5ret var p\u00e5 2,50 % och nu \u00e4r nere p\u00e5 1,75 %. Ut\u00f6ver att det ger betydligt l\u00e4gre r\u00e4ntekostnader f\u00f6r hush\u00e5llen har Riksbankens agerande gett ett lugn som ger betydligt st\u00f6rre framtidstro \u00e4n under exempelvis 2023 och 2024.\u00a0<\/p>\n<p>Under 2026 r\u00e4knar vi med att hush\u00e5llens pl\u00e5nb\u00f6cker st\u00e4rks av att de genomf\u00f6rda r\u00e4ntes\u00e4nkningarna f\u00e5r genomslag, skattes\u00e4nkningar och reall\u00f6ne\u00f6kningar. Detta kommer gynna bostadsmarknaden\u2026\/ Marcus Svanberg, VD p\u00e5 LF Fastighetsf\u00f6rmedling<\/p>\n<p>Psykologin spelar stor roll<\/p>\n<p>I likhet med b\u00e5de Fern\u00e1ndez p\u00e5 SEB och Svanberg p\u00e5 LF ser Johan Bergman, p\u00e5 M\u00e4klarhuset, positivt p\u00e5 2026. Han <a href=\"https:\/\/www.nordea.se\/privat\/produkter\/bolan\/trendspaning-bostadsmarknaden.html\" target=\"_blank\" rel=\"noopener noreferrer nofollow\">s\u00e4ger i sin trendspaning<\/a> att det varit \u201dflera turbulenta \u00e5r\u201d p\u00e5 bostadsmarknaden som nu v\u00e4nts till \u201df\u00f6rsiktig optimism\u201d.\u00a0\u00a0<\/p>\n<p>Faktorer som f\u00f6rv\u00e4ntas p\u00e5verka marknaden positivt \u00e4r exempelvis s\u00e4nkt inkomstskatt och matmoms, l\u00e4gre kostnader f\u00f6r barnomsorg och \u00e4ndrade amorteringskrav.\u00a0<\/p>\n<p>Han po\u00e4ngterar d\u00e4remot att det inte bara handlar om ekonomiska faktorer och hur dessa p\u00e5verkar hush\u00e5llens ekonomi. De psykologiska faktorerna speglar sig i hush\u00e5llens tilltro till marknaden och hur marknaden f\u00f6rv\u00e4ntas utvecklas fram\u00e5t. Bergman tror att tilltron kommer att st\u00e4rkas under 2026 vilket resulterar i att fler hush\u00e5ll v\u00e5gar \u201dfatta sitt livs st\u00f6rsta privatekonomiska beslut\u201d.\u00a0<\/p>\n<p>Men \u00e4ven Bergman ser vissa orosmoln p\u00e5 bostadshimlen. Det handlar fr\u00e4mst om \u201dgeopolitiska oron i omv\u00e4rlden\u201d som kan skapa en \u201dfortsatt os\u00e4kerhet och negativa effekter f\u00f6r b\u00e5de Sveriges och hush\u00e5llens ekonomi.\u201d\u00a0<\/p>\n<p>\u2013 Utvecklingen pr\u00e4glas dock inte bara av ekonomi \u2013 \u00e4ven psykologin spelar roll f\u00f6r hush\u00e5llens flyttbeslut. Mycket talar f\u00f6r att tilltron till marknaden kommer att \u00f6ka ytterligare under 2026 \/ Johan Bergman, vd p\u00e5 M\u00e4klarhuset<\/p>\n","protected":false},"excerpt":{"rendered":"Uppdaterad: 15 december 2025 Under 2026 kommer utbudet att minska, priserna att \u00f6ka och tilltron till bostadsmarknaden att&hellip;\n","protected":false},"author":2,"featured_media":106692,"comment_status":"","ping_status":"","sticky":false,"template":"","format":"standard","meta":{"footnotes":""},"categories":[65],"tags":[72,70,71,34,31,33,32,30],"class_list":{"0":"post-106691","1":"post","2":"type-post","3":"status-publish","4":"format-standard","5":"has-post-thumbnail","7":"category-ekonomi","8":"tag-business","9":"tag-economy","10":"tag-ekonomi","11":"tag-se","12":"tag-svenska","13":"tag-sverige","14":"tag-sweden","15":"tag-swedish"},"share_on_mastodon":{"url":"https:\/\/pubeurope.com\/@se\/115723685278870480","error":""},"_links":{"self":[{"href":"https:\/\/www.europesays.com\/se\/wp-json\/wp\/v2\/posts\/106691","targetHints":{"allow":["GET"]}}],"collection":[{"href":"https:\/\/www.europesays.com\/se\/wp-json\/wp\/v2\/posts"}],"about":[{"href":"https:\/\/www.europesays.com\/se\/wp-json\/wp\/v2\/types\/post"}],"author":[{"embeddable":true,"href":"https:\/\/www.europesays.com\/se\/wp-json\/wp\/v2\/users\/2"}],"replies":[{"embeddable":true,"href":"https:\/\/www.europesays.com\/se\/wp-json\/wp\/v2\/comments?post=106691"}],"version-history":[{"count":0,"href":"https:\/\/www.europesays.com\/se\/wp-json\/wp\/v2\/posts\/106691\/revisions"}],"wp:featuredmedia":[{"embeddable":true,"href":"https:\/\/www.europesays.com\/se\/wp-json\/wp\/v2\/media\/106692"}],"wp:attachment":[{"href":"https:\/\/www.europesays.com\/se\/wp-json\/wp\/v2\/media?parent=106691"}],"wp:term":[{"taxonomy":"category","embeddable":true,"href":"https:\/\/www.europesays.com\/se\/wp-json\/wp\/v2\/categories?post=106691"},{"taxonomy":"post_tag","embeddable":true,"href":"https:\/\/www.europesays.com\/se\/wp-json\/wp\/v2\/tags?post=106691"}],"curies":[{"name":"wp","href":"https:\/\/api.w.org\/{rel}","templated":true}]}}