{"id":106693,"date":"2025-12-15T12:55:09","date_gmt":"2025-12-15T12:55:09","guid":{"rendered":"https:\/\/www.europesays.com\/se\/106693\/"},"modified":"2025-12-15T12:55:09","modified_gmt":"2025-12-15T12:55:09","slug":"vad-driver-okningen-av-antidepressiva-i-sverige","status":"publish","type":"post","link":"https:\/\/www.europesays.com\/se\/106693\/","title":{"rendered":"Vad driver \u00f6kningen av antidepressiva i Sverige?"},"content":{"rendered":"<p><img loading=\"lazy\" width=\"131\" height=\"180\" src=\"https:\/\/www.europesays.com\/se\/wp-content\/uploads\/2025\/12\/rickard_ljung_portr.jpg\" class=\"attachment-original size-original\" alt=\"\" decoding=\"async\"\/><\/p>\n<p>Rickard Ljung. Foto: Karolinska institutet<\/p>\n<p>Den mycket st\u00f6rre anv\u00e4ndningen av antidepressiva i Sverige beror inte p\u00e5 annorlunda\u00a0 behandlingsriktlinjer \u00e4n i Danmark och Norge. Det sl\u00e5r L\u00e4kemedelsverket fast i en ny <a href=\"https:\/\/www.lakemedelsverket.se\/sv\/om-lakemedelsverket\/rapporter-och-publikationer\/regeringsuppdrag\/komparativ-analys-av-forskrivning-av-antidepressiva-lakemedel-mellan-de-nordiska-landerna\" rel=\"nofollow noopener\" target=\"_blank\">rapport<\/a>.<\/p>\n<p><strong>Myndigheten kallar skillnaderna<\/strong> mellan Sverige och de andra tv\u00e5 nordiska l\u00e4nderna f\u00f6r \u201danm\u00e4rkningsv\u00e4rd\u201d och framh\u00e5ller att fler studier om orsakerna beh\u00f6vs.<\/p>\n<p>Minskning eller stabilt i Danmark och Norge<\/p>\n<p>Rapporten bygger bland annat p\u00e5 en kartl\u00e4ggning av 30 vetenskapliga studier som\u00a0 unders\u00f6kt f\u00f6rskrivning av antidepressiva l\u00e4kemedel i de nordiska l\u00e4nderna mellan 1994 och 2021. Under denna period har f\u00f6rskrivningen i Sverige gradvis \u00f6kat till b\u00e5de m\u00e4n och kvinnor och i princip i alla \u00e5ldersgrupper. S\u00e4rskilt stor \u00e4r \u00f6kningen n\u00e4r det g\u00e4ller f\u00f6rskrivning till yngre.<\/p>\n<p><strong>I Danmark och<\/strong> Norge har d\u00e4remot f\u00f6rskrivningen beroende p\u00e5 \u00e5ldersgrupp minskat, varit stabil eller \u00f6kat i en l\u00e5ngsammare takt.<\/p>\n<p>Resultatet har blivit en markant skillnad mellan f\u00f6rskrivningen av antidepressiva i Sverige och den i grannl\u00e4nderna.<\/p>\n<p>Uppdrag fr\u00e5n regeringen<\/p>\n<p>Bland vuxna \u00e4r anv\u00e4ndningen antidepressiva i Sverige mellan 1,3 och 2 g\u00e5nger s\u00e5 h\u00f6g som i Danmark och Norge. Och enligt de senaste publicerade siffrorna fr\u00e5n 2021 var\u00a0 anv\u00e4ndningen av antidepressiva bland svenska flickor och pojkar i \u00e5ldrarna 10\u200d\u2013\u200d19 \u00e5r mellan tv\u00e5 och fem g\u00e5nger h\u00f6gre \u00e4n i motsvarande grupper i Danmark och Norge. I Sverige h\u00e4mtade till exempel n\u00e4rmare 9 procent av alla flickor i \u00e5ldrarna 15\u200d\u2013\u200d19 ut antidepressiva, j\u00e4mf\u00f6rt med drygt 3 procent i Danmark och Norge.<\/p>\n<p><strong>Regeringen gav i<\/strong> december av 2024 L\u00e4kemedelsverket i uppdrag att analysera skillnaderna i f\u00f6rskrivning av antidepressiva l\u00e4kemedel mellan de nordiska l\u00e4nderna. Inom ramen f\u00f6r uppdraget har L\u00e4kemedelsverket inte bara kartlagt den vetenskapliga litteraturen om f\u00f6rskrivning utan ocks\u00e5 l\u00e4ndernas behandlingsrekommendationer.<\/p>\n<p>Kallar skillnaden anm\u00e4rkningsv\u00e4rd<\/p>\n<p>J\u00e4mf\u00f6relsen visar att det finns betydande likheter mellan behandlingsrekommendationerna vid depression, \u00e5ngestsyndrom och tv\u00e5ngssyndrom i alla tre l\u00e4nderna. Det talar, menar L\u00e4kemedelsverket, mot behandlingsrekommendationerna som en f\u00f6rklaring till skillnaderna i f\u00f6rskrivningen<\/p>\n<p><strong>\u2013 Den h\u00f6gre och<\/strong> \u00f6kande f\u00f6rskrivningen av antidepressiva l\u00e4kemedel i Sverige \u00e4r anm\u00e4rkningsv\u00e4rd sett till att vi har i stora drag j\u00e4mf\u00f6rbara sjukv\u00e5rds- och f\u00f6rm\u00e5nssystem samt behandlingsrekommendationer som Danmark och Norge, s\u00e4ger Rickard Ljung, professor, l\u00e4kare och enhetschef p\u00e5 L\u00e4kemedelsverket, i ett <a href=\"https:\/\/www.lakemedelsverket.se\/sv\/nyheter\/nordiska-skillnader-i-forskrivning-av-antidepressiva-lakemedel-trots-liknande-rekommendationer\" rel=\"nofollow noopener\" target=\"_blank\">pressmeddelande<\/a>.<\/p>\n<p>\u2013 L\u00e4kemedelsverket ser d\u00e4rf\u00f6r att det finns sk\u00e4l att utreda vidare vad den \u00f6kande f\u00f6rskrivningen i Sverige kan bero p\u00e5.<\/p>\n<p>Vill se fler studier<\/p>\n<p>\u201dVad som driver den \u00f6kande f\u00f6rskrivningen av antidepressiva l\u00e4kemedel i Sverige j\u00e4mf\u00f6rt med i Danmark och Norge g\u00e5r inte att fastsl\u00e5 utifr\u00e5n detta uppdrag, men s\u00e5v\u00e4l diagnostiska, strukturella, och sociokulturella faktorer kan vara bidragande\u201d, skriver L\u00e4kemedelsverket i rapporten.<\/p>\n<p><strong>Myndigheten f\u00f6resl\u00e5r nya<\/strong> studier som bland annat ska unders\u00f6ka om v\u00e5rden f\u00f6ljer riktlinjer och b\u00e4sta tillg\u00e4ngliga evidens.<\/p>\n","protected":false},"excerpt":{"rendered":"Rickard Ljung. Foto: Karolinska institutet Den mycket st\u00f6rre anv\u00e4ndningen av antidepressiva i Sverige beror inte p\u00e5 annorlunda\u00a0 behandlingsriktlinjer&hellip;\n","protected":false},"author":2,"featured_media":106694,"comment_status":"","ping_status":"","sticky":false,"template":"","format":"standard","meta":{"footnotes":""},"categories":[12],"tags":[22,23,26,27,17,21,5686,24,25,28,29,15,16,18,34,31,33,32,30,19,20],"class_list":{"0":"post-106693","1":"post","2":"type-post","3":"status-publish","4":"format-standard","5":"has-post-thumbnail","7":"category-sverige","8":"tag-breaking-news","9":"tag-breakingnews","10":"tag-featured-news","11":"tag-featurednews","12":"tag-headlines","13":"tag-huvudnyheter","14":"tag-lakemedelsverket","15":"tag-latest-news","16":"tag-latestnews","17":"tag-main-news","18":"tag-mainnews","19":"tag-news","20":"tag-nyheter","21":"tag-rubriker","22":"tag-se","23":"tag-svenska","24":"tag-sverige","25":"tag-sweden","26":"tag-swedish","27":"tag-top-stories","28":"tag-topstories"},"share_on_mastodon":{"url":"https:\/\/pubeurope.com\/@se\/115723693429664778","error":""},"_links":{"self":[{"href":"https:\/\/www.europesays.com\/se\/wp-json\/wp\/v2\/posts\/106693","targetHints":{"allow":["GET"]}}],"collection":[{"href":"https:\/\/www.europesays.com\/se\/wp-json\/wp\/v2\/posts"}],"about":[{"href":"https:\/\/www.europesays.com\/se\/wp-json\/wp\/v2\/types\/post"}],"author":[{"embeddable":true,"href":"https:\/\/www.europesays.com\/se\/wp-json\/wp\/v2\/users\/2"}],"replies":[{"embeddable":true,"href":"https:\/\/www.europesays.com\/se\/wp-json\/wp\/v2\/comments?post=106693"}],"version-history":[{"count":0,"href":"https:\/\/www.europesays.com\/se\/wp-json\/wp\/v2\/posts\/106693\/revisions"}],"wp:featuredmedia":[{"embeddable":true,"href":"https:\/\/www.europesays.com\/se\/wp-json\/wp\/v2\/media\/106694"}],"wp:attachment":[{"href":"https:\/\/www.europesays.com\/se\/wp-json\/wp\/v2\/media?parent=106693"}],"wp:term":[{"taxonomy":"category","embeddable":true,"href":"https:\/\/www.europesays.com\/se\/wp-json\/wp\/v2\/categories?post=106693"},{"taxonomy":"post_tag","embeddable":true,"href":"https:\/\/www.europesays.com\/se\/wp-json\/wp\/v2\/tags?post=106693"}],"curies":[{"name":"wp","href":"https:\/\/api.w.org\/{rel}","templated":true}]}}