{"id":106699,"date":"2025-12-15T12:59:08","date_gmt":"2025-12-15T12:59:08","guid":{"rendered":"https:\/\/www.europesays.com\/se\/106699\/"},"modified":"2025-12-15T12:59:08","modified_gmt":"2025-12-15T12:59:08","slug":"helena-bergstrom-ringer-in-nyaret","status":"publish","type":"post","link":"https:\/\/www.europesays.com\/se\/106699\/","title":{"rendered":"Helena Bergstr\u00f6m ringer in ny\u00e5ret"},"content":{"rendered":"<p>Sk\u00e5despelaren och regiss\u00f6ren Helena Bergstr\u00f6m l\u00e4ser Alfred Tennysons dikt \u201dNy\u00e5rsklockan\u201d under det traditionsenliga ny\u00e5rsfirandet p\u00e5 Skansen.<\/p>\n<p>\u2013 Det k\u00e4nns v\u00e4ldigt \u00e4rofyllt, s\u00e4ger Bergstr\u00f6m, som gjorde sin debut i tv-produktionen \u201dHem, Ljuva Hem\u201d 1978 och sedan dess har medverkat i filmer som \u201dBlack Jack\u201d, \u201d\u00c4nglag\u00e5rd\u201d och \u201dLivet \u00e4r en schlager\u201d. <\/p>\n<p>I m\u00e5nga \u00e5r sk\u00f6ttes uppgiften av sk\u00e5de- spelare som Georg Rydeberg, Jarl Kulle och Margaretha Krook. Sedan 2014 har olika personer valts ut varje \u00e5r att l\u00e4sa dikten i SVT vid tolvslaget.<\/p>\n","protected":false},"excerpt":{"rendered":"Sk\u00e5despelaren och regiss\u00f6ren Helena Bergstr\u00f6m l\u00e4ser Alfred Tennysons dikt \u201dNy\u00e5rsklockan\u201d under det traditionsenliga ny\u00e5rsfirandet p\u00e5 Skansen. \u2013 Det&hellip;\n","protected":false},"author":2,"featured_media":793,"comment_status":"","ping_status":"","sticky":false,"template":"","format":"standard","meta":{"footnotes":""},"categories":[67],"tags":[104,34,31,33,32,30,105],"class_list":{"0":"post-106699","1":"post","2":"type-post","3":"status-publish","4":"format-standard","5":"has-post-thumbnail","7":"category-underhallning","8":"tag-entertainment","9":"tag-se","10":"tag-svenska","11":"tag-sverige","12":"tag-sweden","13":"tag-swedish","14":"tag-underhallning"},"share_on_mastodon":{"url":"https:\/\/pubeurope.com\/@se\/115723708793005254","error":""},"_links":{"self":[{"href":"https:\/\/www.europesays.com\/se\/wp-json\/wp\/v2\/posts\/106699","targetHints":{"allow":["GET"]}}],"collection":[{"href":"https:\/\/www.europesays.com\/se\/wp-json\/wp\/v2\/posts"}],"about":[{"href":"https:\/\/www.europesays.com\/se\/wp-json\/wp\/v2\/types\/post"}],"author":[{"embeddable":true,"href":"https:\/\/www.europesays.com\/se\/wp-json\/wp\/v2\/users\/2"}],"replies":[{"embeddable":true,"href":"https:\/\/www.europesays.com\/se\/wp-json\/wp\/v2\/comments?post=106699"}],"version-history":[{"count":0,"href":"https:\/\/www.europesays.com\/se\/wp-json\/wp\/v2\/posts\/106699\/revisions"}],"wp:featuredmedia":[{"embeddable":true,"href":"https:\/\/www.europesays.com\/se\/wp-json\/wp\/v2\/media\/793"}],"wp:attachment":[{"href":"https:\/\/www.europesays.com\/se\/wp-json\/wp\/v2\/media?parent=106699"}],"wp:term":[{"taxonomy":"category","embeddable":true,"href":"https:\/\/www.europesays.com\/se\/wp-json\/wp\/v2\/categories?post=106699"},{"taxonomy":"post_tag","embeddable":true,"href":"https:\/\/www.europesays.com\/se\/wp-json\/wp\/v2\/tags?post=106699"}],"curies":[{"name":"wp","href":"https:\/\/api.w.org\/{rel}","templated":true}]}}