{"id":106700,"date":"2025-12-15T13:01:17","date_gmt":"2025-12-15T13:01:17","guid":{"rendered":"https:\/\/www.europesays.com\/se\/106700\/"},"modified":"2025-12-15T13:01:17","modified_gmt":"2025-12-15T13:01:17","slug":"peab-bildar-gemensamt-bolag-med-kb-gruppen-pa-vestlandet-i-norge","status":"publish","type":"post","link":"https:\/\/www.europesays.com\/se\/106700\/","title":{"rendered":"Peab bildar gemensamt bolag med KB Gruppen p\u00e5 Vestlandet i Norge"},"content":{"rendered":"<p>&#13;<br \/>\n                        &#13;<br \/>\n&#13;<\/p>\n<p>                                    <img decoding=\"async\" src=\"https:\/\/www.europesays.com\/se\/wp-content\/uploads\/2025\/12\/937c0dd59e54319c_800x800ar.png\"\/><br \/>\n                                &#13;<br \/>\n&#13;<\/p>\n<p><strong>Peab och KB Gruppen har beslutat att samordna sina verksamheter i bolagen K. Nordang och Christie &amp; Opsahl som b\u00e5da \u00e4r verksamma p\u00e5 Vestlandet i Norge.<\/strong><\/p>\n<p>&#13;<\/p>\n<p style=\" margin-bottom:6pt;margin-top:12px;\">Bolagen \u00e4r verksamma inom nybyggnation, renovering och betongarbeten. Samordningen bed\u00f6ms leda till synergier d\u00e5 bolagen kompletterar varandra s\u00e5v\u00e4l produktm\u00e4ssigt som geografiskt. De b\u00e5da bolagen ber\u00e4knas tillsammans oms\u00e4tta cirka 1,9 miljarder norska kronor 2025. Totalt antal anst\u00e4llda i de tv\u00e5 bolagen uppg\u00e5r till 350 medarbetare.<\/p>\n<p style=\" margin-bottom:6pt; margin-top:0pt;\">Det nya gemensamma bolaget kommer att \u00e4gas av KB Gruppen till 62,5 procent och av Peab till 37,5 procent. Peab kommer fram\u00f6ver att redovisa bolaget som ett intressebolag.<\/p>\n<p style=\" margin-bottom:6pt; margin-top:0pt;\">K. Nordang AS ber\u00e4knas oms\u00e4tta cirka 800 miljoner norska kronor 2025. F\u00f6rs\u00e4ljningen av\u00a0K. Nordang AS in i intressebolaget sker till marknadsv\u00e4rde och ber\u00e4knas ge en effekt p\u00e5 r\u00f6relseresultatet under f\u00f6rsta kvartalet 2026 uppg\u00e5ende till cirka 100 miljoner norska kronor.<\/p>\n<p style=\" margin-bottom:6pt; margin-top:0pt;\">Transaktionen kr\u00e4ver godk\u00e4nnande fr\u00e5n konkurrensmyndigheterna och tilltr\u00e4de ber\u00e4knas ske under f\u00f6rsta kvartalet 2026.\u00a0\u00a0\u00a0\u00a0\u00a0\u00a0\u00a0\u00a0\u00a0\u00a0\u00a0\u00a0\u00a0 <\/p>\n<p style=\" margin-bottom:0pt; margin-right:0.05pt; margin-top:0pt;\"><strong>\u00a0<\/strong><\/p>\n<p style=\" margin-bottom:0pt; margin-right:0.05pt; margin-top:0pt;\"><strong>\u00a0<\/strong><\/p>\n<p style=\" margin-bottom:0pt; margin-right:0.05pt; margin-top:0pt;\"><strong>\u00a0<\/strong><\/p>\n<p style=\" margin-bottom:0pt; margin-right:0.05pt; margin-top:0pt;\"><strong>F\u00f6r ytterligare information, v\u00e4nligen kontakta:<\/strong><\/p>\n<p style=\" margin-bottom:0pt; margin-right:0.05pt; margin-top:0pt;\"><strong>\u00a0<\/strong><\/p>\n<p style=\" margin-bottom:6pt; margin-right:0.05pt; margin-top:0pt;\">Peab Pressjour: <a href=\"https:\/\/news.cision.com\/se\/peab\/r\/mailto:pressjour@peab.se\" rel=\"nofollow noopener\" target=\"_blank\">pressjour@peab.se<\/a> eller 010 456 86 00<\/p>\n<p style=\" margin-bottom:6pt; margin-right:0.05pt; margin-top:0pt;\">Juha Hartomaa, IR-chef Peab, 072 533 31 45<\/p>\n<p>&#13;<br \/>\n&#13;<br \/>\n&#13;<br \/>\n&#13;<\/p>\n<p>Peab<strong> <\/strong>\u00e4r Nordens samh\u00e4llsbyggare med 13 000 medarbetare och en oms\u00e4ttning p\u00e5 58 miljarder kronor. Med lokal n\u00e4rvaro och fokus p\u00e5 egna resurser utvecklar, anl\u00e4gger och bygger vi vardagen d\u00e4r livet levs. Huvudkontoret finns i F\u00f6rsl\u00f6v p\u00e5 Bj\u00e4rehalv\u00f6n i Sk\u00e5ne. Aktien \u00e4r noterad vid Nasdaq Stockholm.<\/p>\n<p><strong>Taggar:<\/strong><\/p>\n<p>&#13;<br \/>\n&#13;<br \/>\n&#13;<\/p>\n","protected":false},"excerpt":{"rendered":"&#13; &#13; &#13; &#13; &#13; Peab och KB Gruppen har beslutat att samordna sina verksamheter i bolagen K.&hellip;\n","protected":false},"author":2,"featured_media":106701,"comment_status":"","ping_status":"","sticky":false,"template":"","format":"standard","meta":{"footnotes":""},"categories":[65],"tags":[72,70,71,11928,11929,430,3012,34,31,33,32,30],"class_list":{"0":"post-106700","1":"post","2":"type-post","3":"status-publish","4":"format-standard","5":"has-post-thumbnail","7":"category-ekonomi","8":"tag-business","9":"tag-economy","10":"tag-ekonomi","11":"tag-intressebolag","12":"tag-k-nordang","13":"tag-norge","14":"tag-peab","15":"tag-se","16":"tag-svenska","17":"tag-sverige","18":"tag-sweden","19":"tag-swedish"},"share_on_mastodon":{"url":"https:\/\/pubeurope.com\/@se\/115723716871020064","error":""},"_links":{"self":[{"href":"https:\/\/www.europesays.com\/se\/wp-json\/wp\/v2\/posts\/106700","targetHints":{"allow":["GET"]}}],"collection":[{"href":"https:\/\/www.europesays.com\/se\/wp-json\/wp\/v2\/posts"}],"about":[{"href":"https:\/\/www.europesays.com\/se\/wp-json\/wp\/v2\/types\/post"}],"author":[{"embeddable":true,"href":"https:\/\/www.europesays.com\/se\/wp-json\/wp\/v2\/users\/2"}],"replies":[{"embeddable":true,"href":"https:\/\/www.europesays.com\/se\/wp-json\/wp\/v2\/comments?post=106700"}],"version-history":[{"count":0,"href":"https:\/\/www.europesays.com\/se\/wp-json\/wp\/v2\/posts\/106700\/revisions"}],"wp:featuredmedia":[{"embeddable":true,"href":"https:\/\/www.europesays.com\/se\/wp-json\/wp\/v2\/media\/106701"}],"wp:attachment":[{"href":"https:\/\/www.europesays.com\/se\/wp-json\/wp\/v2\/media?parent=106700"}],"wp:term":[{"taxonomy":"category","embeddable":true,"href":"https:\/\/www.europesays.com\/se\/wp-json\/wp\/v2\/categories?post=106700"},{"taxonomy":"post_tag","embeddable":true,"href":"https:\/\/www.europesays.com\/se\/wp-json\/wp\/v2\/tags?post=106700"}],"curies":[{"name":"wp","href":"https:\/\/api.w.org\/{rel}","templated":true}]}}