{"id":106714,"date":"2025-12-15T13:12:13","date_gmt":"2025-12-15T13:12:13","guid":{"rendered":"https:\/\/www.europesays.com\/se\/106714\/"},"modified":"2025-12-15T13:12:13","modified_gmt":"2025-12-15T13:12:13","slug":"nytt-kunskapsunderlag-om-igas-janusinfo-se","status":"publish","type":"post","link":"https:\/\/www.europesays.com\/se\/106714\/","title":{"rendered":"Nytt kunskapsunderlag om iGAS &#8211; Janusinfo.se"},"content":{"rendered":"<p class=\"sv-font-ingress\">Folkh\u00e4lsomyndigheten har publicerat ett kunskaps- och diskussionsunderlag om invasiva infektioner med betahemolyserande grupp A-streptokocker (iGAS). I underlaget sammanfattas epidemiologin och diskuteras m\u00f6jliga \u00e5tg\u00e4rder f\u00f6r att f\u00f6rebygga iGAS.<\/p>\n<p class=\"font-normal\">Betahemolyserande grupp A-streptokocker (GAS) \u00e4r vanligt f\u00f6rekommande och asymtomatiskt b\u00e4rarskap av bakterien finns. GAS kan orsaka allt fr\u00e5n lindriga till livshotande infektioner. Efter pandemin \u00f6kade antalet fall av iGAS kraftigt men \u00e4r nu tillbaka p\u00e5 liknande niv\u00e5er som f\u00f6re pandemin.<\/p>\n<p class=\"font-normal\">I kunskapsunderlaget diskuteras m\u00f6jliga \u00e5tg\u00e4rder f\u00f6r att minska iGAS. Folkh\u00e4lsomyndigheten konstaterar att evidensl\u00e4get p\u00e5 omr\u00e5det \u00e4r svagt. \u00c5tg\u00e4rderna inte ska ses som rekommendationer, utan som m\u00f6jliga aktiviteter att ta st\u00e4llning till i fortsatt nationellt arbete.<\/p>\n<p><a href=\"https:\/\/www.folkhalsomyndigheten.se\/publikationer-och-material\/publikationsarkiv\/i\/invasiva-infektioner-med-betahemolyserande-grupp-a-streptokocker-igas\/\" rel=\"external nofollow noopener\" target=\"_blank\">L\u00e4s Folkh\u00e4lsomyndighetens kunskaps- och diskussionsunderlag om iGAS h\u00e4r \u00bb<\/a><\/p>\n","protected":false},"excerpt":{"rendered":"Folkh\u00e4lsomyndigheten har publicerat ett kunskaps- och diskussionsunderlag om invasiva infektioner med betahemolyserande grupp A-streptokocker (iGAS). I underlaget sammanfattas&hellip;\n","protected":false},"author":2,"featured_media":106715,"comment_status":"","ping_status":"","sticky":false,"template":"","format":"standard","meta":{"footnotes":""},"categories":[5],"tags":[22,23,26,27,17,21,24,25,28,29,15,16,18,34,31,33,32,30,19,20],"class_list":{"0":"post-106714","1":"post","2":"type-post","3":"status-publish","4":"format-standard","5":"has-post-thumbnail","7":"category-rubriker","8":"tag-breaking-news","9":"tag-breakingnews","10":"tag-featured-news","11":"tag-featurednews","12":"tag-headlines","13":"tag-huvudnyheter","14":"tag-latest-news","15":"tag-latestnews","16":"tag-main-news","17":"tag-mainnews","18":"tag-news","19":"tag-nyheter","20":"tag-rubriker","21":"tag-se","22":"tag-svenska","23":"tag-sverige","24":"tag-sweden","25":"tag-swedish","26":"tag-top-stories","27":"tag-topstories"},"share_on_mastodon":{"url":"https:\/\/pubeurope.com\/@se\/115723759971498310","error":""},"_links":{"self":[{"href":"https:\/\/www.europesays.com\/se\/wp-json\/wp\/v2\/posts\/106714","targetHints":{"allow":["GET"]}}],"collection":[{"href":"https:\/\/www.europesays.com\/se\/wp-json\/wp\/v2\/posts"}],"about":[{"href":"https:\/\/www.europesays.com\/se\/wp-json\/wp\/v2\/types\/post"}],"author":[{"embeddable":true,"href":"https:\/\/www.europesays.com\/se\/wp-json\/wp\/v2\/users\/2"}],"replies":[{"embeddable":true,"href":"https:\/\/www.europesays.com\/se\/wp-json\/wp\/v2\/comments?post=106714"}],"version-history":[{"count":0,"href":"https:\/\/www.europesays.com\/se\/wp-json\/wp\/v2\/posts\/106714\/revisions"}],"wp:featuredmedia":[{"embeddable":true,"href":"https:\/\/www.europesays.com\/se\/wp-json\/wp\/v2\/media\/106715"}],"wp:attachment":[{"href":"https:\/\/www.europesays.com\/se\/wp-json\/wp\/v2\/media?parent=106714"}],"wp:term":[{"taxonomy":"category","embeddable":true,"href":"https:\/\/www.europesays.com\/se\/wp-json\/wp\/v2\/categories?post=106714"},{"taxonomy":"post_tag","embeddable":true,"href":"https:\/\/www.europesays.com\/se\/wp-json\/wp\/v2\/tags?post=106714"}],"curies":[{"name":"wp","href":"https:\/\/api.w.org\/{rel}","templated":true}]}}