{"id":106718,"date":"2025-12-15T13:15:10","date_gmt":"2025-12-15T13:15:10","guid":{"rendered":"https:\/\/www.europesays.com\/se\/106718\/"},"modified":"2025-12-15T13:15:10","modified_gmt":"2025-12-15T13:15:10","slug":"openart-links-nytt-samarbete-dar-konsten-korsar-kommungranserna-orebronyheter","status":"publish","type":"post","link":"https:\/\/www.europesays.com\/se\/106718\/","title":{"rendered":"OPENART LINKS \u2013 nytt samarbete d\u00e4r konsten korsar kommungr\u00e4nserna \u2013 \u00d6rebronyheter"},"content":{"rendered":"<p>\t\t\t\t\t\t\t\t<img width=\"300\" height=\"336\" src=\"https:\/\/www.europesays.com\/se\/wp-content\/uploads\/2025\/12\/pnrt-300x336.jpg\" class=\"attachment-post-thumb size-post-thumb wp-post-image\" alt=\"\" decoding=\"async\" fetchpriority=\"high\"  \/>\t\t\t\t\t\t\t\t\t\t\t\t\t\t\t\t\tBild: \u00d6rebro kommun<\/p>\n<p><strong>Under 2026 tar OPENART steget utanf\u00f6r \u00d6rebro. Genom ett samarbete mellan OpenArt \u2013 \u00d6rebro kommun, Region \u00d6rebro l\u00e4n och fem kommuner kommer offentliga konstverk att visas under OPENARTS utst\u00e4llningsperiod p\u00e5 utvalda platser runt om i l\u00e4net genom samarbetsprojektet OPENART LINKS.<\/strong><\/p>\n<p>Sedan 2008 har OPENART f\u00f6rvandlat \u00d6rebros stadsk\u00e4rna, till en plats d\u00e4r samtidskonst m\u00f6ter m\u00e4nniskor i vardagen. Den 13 juni till 6 september 2026 \u00e4r det dags igen, samtidskonst som \u00f6verraskar, tar plats och ber\u00f6r placeras mitt i staden och kan upplevas utan entr\u00e9biljett.<\/p>\n<p>\u00c5rets upplaga blir den tionde i ordningen och det uppm\u00e4rksammas bland annat med att bjuda in kommunerna Askersund, Kumla, Lax\u00e5, Lindesberg och Nora att sj\u00e4lva f\u00f6ra upp ett konstverk sammankopplat till utst\u00e4llningen i \u00d6rebro.<\/p>\n<p>Kommunerna har tillsammans med OpenArt gjort ett urval fr\u00e5n \u00e5rets Open Call. Det har gett kommunerna m\u00f6jlighet att hitta konstverk och konstn\u00e4rer, som passar deras lokala f\u00f6ruts\u00e4ttningar och ger varje plats sin unika pr\u00e4gel. I ett n\u00e4sta steg utformas den konstn\u00e4rliga gestaltningen, under projektledning av vardera kommun och kommer att presenteras f\u00f6r publiken sommaren 2026.<\/p>\n<p>OPENART LINKS finansieras av Region \u00d6rebro L\u00e4n och de medverkande kommunerna, projektet blir ett s\u00e4tt att b\u00e5de fira och vidareutveckla konstens betydelse i regionen. Tillsammans kommer man att kunna ge stora konstupplevelser till fler, bjuda in till ov\u00e4ntade upplevelser, skapa nya m\u00f6tesplatser och locka till att bes\u00f6ka fler platser i sommar.<\/p>\n<p><strong>Medverkande konstn\u00e4rer:<\/strong><\/p>\n<p><strong>Anders Tolerg\u00e5rd<\/strong><br \/>Anders Tolerg\u00e5rd \u00e4r en projektbaserad konstn\u00e4r med r\u00f6tter i b\u00e5de scenkonst och fri konst. Han arbetar med olika tekniker, men fr\u00e4mst med teckning i blyerts och kol p\u00e5 papper. Hans bakgrund inom teater ger verken ett narrativt inslag d\u00e4r tanken p\u00e5 en \u00e5sk\u00e5dare ofta \u00e4r n\u00e4rvarande.<br \/>Tolerg\u00e5rds konstn\u00e4rliga arbete utg\u00e5r fr\u00e5n fr\u00e5gor om makt, spr\u00e5k, tradition och v\u00e5ld, med ett personligt perspektiv som grund.<\/p>\n<p>Plats: Askersund<\/p>\n<p>\u2026.<\/p>\n<p><strong>Alexander Creutz<\/strong><br \/>Alexander Creutz arbetar fr\u00e4mst med m\u00e5leri, men l\u00e5ter id\u00e9erna styra valet av teknik n\u00e4r tv\u00e5dimensionella uttryck inte r\u00e4cker till. Hans konstn\u00e4rskap har sin grund i ett unders\u00f6kande av konsthistorien. I ett projekt har han \u00e5terskapat stulna m\u00e5lningar fr\u00e5n museer och gjort egna versioner, som ett s\u00e4tt att \u00e5terf\u00f6ra verken till det allm\u00e4nna och samtidigt humoristiskt placera sig sj\u00e4lv i konsthistorien.<\/p>\n<p>Ett \u00e5terkommande motiv \u00e4r h\u00e4nder, b\u00e5de som historiskt avbildade och som portr\u00e4tt. F\u00f6r Creutz \u00e4r h\u00e4nder lika uttrycksfulla som ansikten, \u00e4ven om de \u00e4r sv\u00e5rare att tolka.<\/p>\n<p>Plats: Kumla<\/p>\n<p>\u2026.<\/p>\n<p><strong>Kristin Ylikiiskil\u00e4 Broberg<\/strong><br \/>Kristin Ylikiiskil\u00e4 Brobergs konstn\u00e4rliga projekt tar ofta sin b\u00f6rjan i vardagliga objekt och milj\u00f6er. Skolan, omkl\u00e4dningsrummet, skogen och elektricitet \u00e4r \u00e5terkommande teman. Verken \u00e4r id\u00e9baserade och materialval styrs av plats och situation. Samtalet kring verket \u00e4r centralt \u2013 ibland \u00e4r det en del av sj\u00e4lva verket, ibland en metod f\u00f6r att starta processen. Intervjuer anv\u00e4nds som verktyg f\u00f6r att fatta estetiska beslut.<\/p>\n<p>Arbetet har ofta en teoretisk ing\u00e5ng d\u00e4r text spelar en roll, men slutresultatet blir materiellt och rumsligt, exempelvis installationer, videoverk, broderier eller performance.<\/p>\n<p>Plats: Tivedstorp i Lax\u00e5 kommun<\/p>\n<p>\u2026.<\/p>\n<p><strong>Perman K. B\u00e4ckstr\u00f6m<\/strong><br \/>Duon Perman K. B\u00e4ckstr\u00f6m (a.k.a. [krig]) best\u00e5r av Karin B\u00e4ckstr\u00f6m och Jon Perman. Inspirerade av punkens traditioner och med en id\u00e9 om att k\u00e4mpa f\u00f6r kreativitet och sj\u00e4lens frihet skapar de musik, konst och installationer, driver en sj\u00e4lvorganiserad plats och organiserar konstn\u00e4rliga projekt. Som performancekonstn\u00e4rer upptr\u00e4der de under namnet [krig], ett punkigt alter ego med stark idealism.<\/p>\n<p>Deras konstn\u00e4rliga praktik kretsar kring k\u00e4nslor, samh\u00e4llsstrukturer och skapandet av nya utrymmen.<\/p>\n<p>Plats: Lindesberg<\/p>\n<p>\u2026.<\/p>\n<p><strong>Anton Wiraeus<\/strong><br \/>Anton Wiraeus har erfarenhet av att arbeta med gestaltningar b\u00e5de utomhus och inomhus. Han ser en stimulerande utmaning i att skapa ber\u00f6ringspunkter mellan verket och platsen d\u00e4r det uppf\u00f6rs. Att bidra till en plats identitet och skapa riktm\u00e4rken f\u00f6r bes\u00f6kare \u00e4r en viktig del av processen.<\/p>\n<p>Hans konstn\u00e4rskap pr\u00e4glas av lekfullhet och en vilja att aktivera bortgl\u00f6mda platser. Wiraeus betonar vikten av offentlig konst utanf\u00f6r stora institutioner f\u00f6r att g\u00f6ra kultur tillg\u00e4nglig i m\u00e4nniskors vardagsmilj\u00f6er.<\/p>\n<p>Plats: Nora<\/p>\n<p><strong>Om OPENART<\/strong><br \/>Sedan starten 2008 har OpenArt arbetat f\u00f6r att g\u00f6ra samtidskonsten tillg\u00e4nglig f\u00f6r en bred publik i \u00d6rebro. Man utg\u00e5r fr\u00e5n principen om l\u00e5ga tr\u00f6sklar, vilket inneb\u00e4r att skapa \u00f6ppna och inkluderande m\u00f6ten med konsten. Ambitionen \u00e4r att v\u00e4cka nyfikenhet och inspirera fler att bes\u00f6ka konsthallar, museer eller utforska sin egen kreativitet.<br \/>OpenArt utmanar tankem\u00f6nster, skapar inspiration och fr\u00e4mjar m\u00f6ten och samtal som st\u00e4rker gemenskap, yttrandefrihet och demokrati.<\/p>\n<p><strong>Kultur | L\u00e4net<\/strong><br \/><strong>\u00d6rebronyheter<\/strong><\/p>\n<p>K\u00e4lla: \u00d6rebro kommun<\/p>\n","protected":false},"excerpt":{"rendered":"Bild: \u00d6rebro kommun Under 2026 tar OPENART steget utanf\u00f6r \u00d6rebro. Genom ett samarbete mellan OpenArt \u2013 \u00d6rebro kommun,&hellip;\n","protected":false},"author":2,"featured_media":106719,"comment_status":"","ping_status":"","sticky":false,"template":"","format":"standard","meta":{"footnotes":""},"categories":[67],"tags":[104,34,31,33,32,30,105],"class_list":{"0":"post-106718","1":"post","2":"type-post","3":"status-publish","4":"format-standard","5":"has-post-thumbnail","7":"category-underhallning","8":"tag-entertainment","9":"tag-se","10":"tag-svenska","11":"tag-sverige","12":"tag-sweden","13":"tag-swedish","14":"tag-underhallning"},"share_on_mastodon":{"url":"https:\/\/pubeurope.com\/@se\/115723771883788121","error":""},"_links":{"self":[{"href":"https:\/\/www.europesays.com\/se\/wp-json\/wp\/v2\/posts\/106718","targetHints":{"allow":["GET"]}}],"collection":[{"href":"https:\/\/www.europesays.com\/se\/wp-json\/wp\/v2\/posts"}],"about":[{"href":"https:\/\/www.europesays.com\/se\/wp-json\/wp\/v2\/types\/post"}],"author":[{"embeddable":true,"href":"https:\/\/www.europesays.com\/se\/wp-json\/wp\/v2\/users\/2"}],"replies":[{"embeddable":true,"href":"https:\/\/www.europesays.com\/se\/wp-json\/wp\/v2\/comments?post=106718"}],"version-history":[{"count":0,"href":"https:\/\/www.europesays.com\/se\/wp-json\/wp\/v2\/posts\/106718\/revisions"}],"wp:featuredmedia":[{"embeddable":true,"href":"https:\/\/www.europesays.com\/se\/wp-json\/wp\/v2\/media\/106719"}],"wp:attachment":[{"href":"https:\/\/www.europesays.com\/se\/wp-json\/wp\/v2\/media?parent=106718"}],"wp:term":[{"taxonomy":"category","embeddable":true,"href":"https:\/\/www.europesays.com\/se\/wp-json\/wp\/v2\/categories?post=106718"},{"taxonomy":"post_tag","embeddable":true,"href":"https:\/\/www.europesays.com\/se\/wp-json\/wp\/v2\/tags?post=106718"}],"curies":[{"name":"wp","href":"https:\/\/api.w.org\/{rel}","templated":true}]}}