{"id":106724,"date":"2025-12-15T13:20:16","date_gmt":"2025-12-15T13:20:16","guid":{"rendered":"https:\/\/www.europesays.com\/se\/106724\/"},"modified":"2025-12-15T13:20:16","modified_gmt":"2025-12-15T13:20:16","slug":"forgiftningarna-pa-akademiska-i-uppsala-kan-ha-utsatt-fel-person","status":"publish","type":"post","link":"https:\/\/www.europesays.com\/se\/106724\/","title":{"rendered":"F\u00f6rgiftningarna p\u00e5 Akademiska i Uppsala \u2013 kan ha utsatt fel person"},"content":{"rendered":"<p>Kvinnan misst\u00e4nks ha f\u00f6rgiftat fyra personer p\u00e5 Akademiska sjukhusets barnavdelning.<\/p>\n<p>I ett av fallen utsatte hon fel person, enligt uppgifter inifr\u00e5n sjukhuset.<\/p>\n<p>Nu vill \u00e5klagaren st\u00e4rka brottsmisstanken till mordf\u00f6rs\u00f6k.<\/p>\n<p><img   alt=\"\"\/><\/p>\n<p>Polisen p\u00e5 plats vid Akademiska i Uppsala efter f\u00f6rgiftningarna.<\/p>\n<p>Foto: SVEN LINDWALL<\/p>\n<p>\u00d6ppna bild i helsk\u00e4rm<img loading=\"lazy\"   alt=\"\"\/><\/p>\n<p>Enligt uppgifter kan fel person utsatts.<\/p>\n<p>Foto: SVEN LINDWALL<\/p>\n<p>\u00d6ppna bild i helsk\u00e4rm<\/p>\n<p>Fyra personer p\u00e5 <a href=\"https:\/\/www.expressen.se\/tagg\/organization\/akademiska-sjukhuset-i-uppsala\/\" class=\"\" rel=\"nofollow noopener\" target=\"_blank\">Akademiska sjukhuset i Uppsala<\/a> misst\u00e4nks ha blivit f\u00f6rgiftade.\u00a0<\/p>\n<p>Alla jobbar p\u00e5 barnsjukhuset, och f\u00f6rgiftningarna skedde under en tiodagarsperiod med start i slutet av oktober.<\/p>\n<p>Den 5 december greps en kvinna misst\u00e4nkt f\u00f6r grov misshandel. Nu meddelar \u00e5klagare Emma H\u00e4ggstr\u00f6m att brottsmisstanken b\u00f6r rubriceras om.\u00a0<\/p>\n<p>\u2013 De utrednings\u00e5tg\u00e4rder som har vidtagits har st\u00e4rkt min uppfattning att g\u00e4rningarna \u00e4r att anse som f\u00f6rs\u00f6k till mord. Jag bed\u00f6mer ocks\u00e5 att misstankarna har f\u00f6rst\u00e4rkts, s\u00e4ger hon i ett pressmeddelande.<\/p>\n<p>Den misst\u00e4nkta kvinnan \u00e4r sj\u00e4lv anst\u00e4lld p\u00e5 sjukhuset.\u00a0<\/p>\n<p>Uppgifterna om f\u00f6rgiftning har kommit som en chock f\u00f6r de anst\u00e4llda och lett till stor misst\u00e4nksamhet och oro, uppger k\u00e4llor till Expressen.<\/p>\n<p>\u201dMycket att ta in\u201d<\/p>\n<p>\u2013 Psykiskt \u00e4r det mycket att ta in och jobbigt, s\u00e4ger Sunita Memetovic, m\u00e5ls\u00e4gandebitr\u00e4de f\u00f6r en av de drabbade.<\/p>\n<p>\u2013 Det finns en misst\u00e4nksamhet. Det hade du och jag ocks\u00e5 k\u00e4nt.<\/p>\n<p>Polisen misst\u00e4nker att kvinnan har <a href=\"https:\/\/www.expressen.se\/nyheter\/krim\/uppgifter-kvinnan-misstanks--ha-spetsat-energidrycker\/\" rel=\"nofollow noopener\" target=\"_blank\">spetsat energidrycker<\/a> med l\u00e4kemedel som hon kan ha haft tillg\u00e5ng till p\u00e5 sjukhuset.\u00a0<\/p>\n<p>Man inv\u00e4ntar nu tester som kan s\u00e4ga mer om hur kvinnorna f\u00f6rgiftats, uppger \u00e5klagare Emma H\u00e4ggstr\u00f6m. Samtliga ska ha haft haft v\u00e4ldigt l\u00e5ga kaliumv\u00e4rden.\u00a0<\/p>\n<p>Anna-Karin Agvald, ordf\u00f6rande f\u00f6r Upplands allm\u00e4nna l\u00e4karf\u00f6rening, s\u00e4ger att hennes medlemmar diskuterar vilket preparat som kan ha anv\u00e4nts f\u00f6r f\u00f6rgiftningen.\u00a0<\/p>\n<p>Expressen har tidigare kunnat ber\u00e4tta att den misst\u00e4nkta kvinnan satt i ett m\u00f6te med sin chef n\u00e4r polisen klev in och grep henne. D\u00e5 hade hon under en l\u00e4ngre tid varit ett intressant namn i polisutredningen.<\/p>\n<p>H\u00e4ktades inte f\u00f6r mordf\u00f6rs\u00f6k<\/p>\n<p>P\u00e5 sjukhuset f\u00f6rekommer uppgifter om att ett av offren f\u00f6r den misst\u00e4nkta f\u00f6rgiftningen inte var den tillt\u00e4nkta m\u00e5ltavlan.\u00a0<\/p>\n<p>Just den h\u00e4r dagen arbetade offret p\u00e5 en plats p\u00e5 sjukhuset d\u00e4r hon annars inte tj\u00e4nstg\u00f6r. Den tillt\u00e4nkta m\u00e5ltavlan arbetar annars d\u00e4r, men var inte p\u00e5 plats just den h\u00e4r dagen, kan Expressen ber\u00e4tta.\u00a0<\/p>\n<p>Uppgifterna utreds nu av polis.\u00a0<\/p>\n<p>F\u00f6rra m\u00e5ndagen meddelade Uppsala tingsr\u00e4tt att kvinnan h\u00e4ktades som sk\u00e4ligen misst\u00e4nkt, vilket \u00e4r den l\u00e4gre misstankegraden. Hon h\u00e4ktades misst\u00e4nkt f\u00f6r fyra fall av grov misshandel, och allts\u00e5 inte mordf\u00f6rs\u00f6k som \u00e5klagaren velat.<\/p>\n<p>Kvinnan nekar till brott.\u00a0<\/p>\n<p>En ny h\u00e4ktningsf\u00f6rhandling m\u00e5ste h\u00e5llas senast i dag.<\/p>\n<p><strong>L\u00c4S MER: <\/strong><a href=\"https:\/\/www.expressen.se\/nyheter\/krim\/uppgifter-kvinnan-misstanks--ha-spetsat-energidrycker\/\" class=\"\" rel=\"nofollow noopener\" target=\"_blank\">Uppgifter: Kvinnan misst\u00e4nks  ha spetsat energidrycker<\/a>VET DU MER?<\/p>\n<p>\u2022 Kontakta Expressen p\u00e5 tipsa@expressen.se\u00a0<\/p>\n<p>eller skicka SMS\/MMS till 0790-643 643<\/p>\n<p>\u2022 <a href=\"https:\/\/www.expressen.se\/nyheter\/har-du-ett-nyhetstips-eller-bilder\/\" rel=\"nofollow noopener\" target=\"_blank\">H\u00e4r kan du l\u00e4sa mer om hur du tipsar Expressen<\/a>\u00a0<\/p>\n<p>Visa mer<\/p>\n","protected":false},"excerpt":{"rendered":"Kvinnan misst\u00e4nks ha f\u00f6rgiftat fyra personer p\u00e5 Akademiska sjukhusets barnavdelning. I ett av fallen utsatte hon fel person,&hellip;\n","protected":false},"author":2,"featured_media":106725,"comment_status":"","ping_status":"","sticky":false,"template":"","format":"standard","meta":{"footnotes":""},"categories":[5],"tags":[22,23,26,27,17,21,24,25,958,28,29,15,6944,16,2908,18,34,666,31,33,32,30,19,20],"class_list":{"0":"post-106724","1":"post","2":"type-post","3":"status-publish","4":"format-standard","5":"has-post-thumbnail","7":"category-rubriker","8":"tag-breaking-news","9":"tag-breakingnews","10":"tag-featured-news","11":"tag-featurednews","12":"tag-headlines","13":"tag-huvudnyheter","14":"tag-latest-news","15":"tag-latestnews","16":"tag-location-uppsala","17":"tag-main-news","18":"tag-mainnews","19":"tag-news","20":"tag-newsstory-misstankta-forgiftningarna-pa-akademiska-sjukhuset-i-uppsala","21":"tag-nyheter","22":"tag-organization-akademiska-sjukhuset-i-uppsala","23":"tag-rubriker","24":"tag-se","25":"tag-sections-krim","26":"tag-svenska","27":"tag-sverige","28":"tag-sweden","29":"tag-swedish","30":"tag-top-stories","31":"tag-topstories"},"share_on_mastodon":{"url":"https:\/\/pubeurope.com\/@se\/115723791478408349","error":""},"_links":{"self":[{"href":"https:\/\/www.europesays.com\/se\/wp-json\/wp\/v2\/posts\/106724","targetHints":{"allow":["GET"]}}],"collection":[{"href":"https:\/\/www.europesays.com\/se\/wp-json\/wp\/v2\/posts"}],"about":[{"href":"https:\/\/www.europesays.com\/se\/wp-json\/wp\/v2\/types\/post"}],"author":[{"embeddable":true,"href":"https:\/\/www.europesays.com\/se\/wp-json\/wp\/v2\/users\/2"}],"replies":[{"embeddable":true,"href":"https:\/\/www.europesays.com\/se\/wp-json\/wp\/v2\/comments?post=106724"}],"version-history":[{"count":0,"href":"https:\/\/www.europesays.com\/se\/wp-json\/wp\/v2\/posts\/106724\/revisions"}],"wp:featuredmedia":[{"embeddable":true,"href":"https:\/\/www.europesays.com\/se\/wp-json\/wp\/v2\/media\/106725"}],"wp:attachment":[{"href":"https:\/\/www.europesays.com\/se\/wp-json\/wp\/v2\/media?parent=106724"}],"wp:term":[{"taxonomy":"category","embeddable":true,"href":"https:\/\/www.europesays.com\/se\/wp-json\/wp\/v2\/categories?post=106724"},{"taxonomy":"post_tag","embeddable":true,"href":"https:\/\/www.europesays.com\/se\/wp-json\/wp\/v2\/tags?post=106724"}],"curies":[{"name":"wp","href":"https:\/\/api.w.org\/{rel}","templated":true}]}}