{"id":106730,"date":"2025-12-15T13:25:07","date_gmt":"2025-12-15T13:25:07","guid":{"rendered":"https:\/\/www.europesays.com\/se\/106730\/"},"modified":"2025-12-15T13:25:07","modified_gmt":"2025-12-15T13:25:07","slug":"uppdrag-till-naturvardsverket-att-inratta-ett-system-for-utokat-producentansvar-for-textil-enligt-eus-avfallsdirektiv-regeringen-se","status":"publish","type":"post","link":"https:\/\/www.europesays.com\/se\/106730\/","title":{"rendered":"Uppdrag till Naturv\u00e5rdsverket att inr\u00e4tta ett system f\u00f6r ut\u00f6kat producentansvar f\u00f6r textil enligt EU:s avfallsdirektiv &#8211; Regeringen.se"},"content":{"rendered":"<ol>\n<li><a href=\"https:\/\/news.google.com\/rss\/articles\/CBMi_gFBVV95cUxOeHhCbnpPU21rSk5xT0ZPNl9FRk5ySXlSeVBCRWJBUGNka3ZRbDZtRHRuQmxsZURORU9GYW5BVnZmOFFqQV9UX0d2SUJDMlhqWEhIaG94OTdYazYzLWZFNUJmck94cWp6Ul9Hc29xZmpYQkp2aTJfM3VCcDJ4dHVOUDc5UW1yVFV6X3lwU2d3ZWZLaFNId0NMRUlaeUE0YzMyc2tYbDdjWlByYnJPdmMzSVFEVHV6cFl6LTVSN1dSQXhYZnNSeW1iUmJ5a0VJWmI2ZVVaSW9Sd0R3LWF4NEZtYUJTcXE3ZWpISm9XX0xrU1FBQl9YajYwUjk3ajBTUQ?oc=5\" target=\"_blank\" rel=\"nofollow noopener\">Uppdrag till Naturv\u00e5rdsverket att inr\u00e4tta ett system f\u00f6r ut\u00f6kat producentansvar f\u00f6r textil enligt EU:s avfallsdirektiv<\/a>&nbsp;&nbsp;Regeringen.se<\/li>\n<li><a href=\"https:\/\/news.google.com\/rss\/articles\/CBMi8AFBVV95cUxQSHVsSkVpNVpFMk8tQ29nMlFDaGRlVTRuQ1FOZUVpdGNZUW5ZOGVESkd0emdYTXdsdzlmamVxcGZtYVlrZmpwZ0VoeFFkYkwydVJjUExMQWZqT1hObzNhTDFVZ1ktaHdRaHZjcTZXUnZLWTNlOW5MRXZhaFk5WFBpVDlwcE82NDhid2hBQ3pPbGk2ZGt0VnByZEhsbkgwUURwU2NHSms5THRjX1MtWGJMRG9ramVWSmdSTGhQaTZpQ3ZYeUJSbmRyMmdIZ1c0VVlCWmlSMEZWakF6SV9Namp3dkdhMi1sRERkdV91VWNNenk?oc=5\" target=\"_blank\" rel=\"nofollow noopener\">Regeringens f\u00f6rslag om undantagsregel f\u00f6r schaktmassor v\u00e4lkomnas av bergmaterialindustrin<\/a>&nbsp;&nbsp;Via TT<\/li>\n<li><a href=\"https:\/\/news.google.com\/rss\/articles\/CBMilgFBVV95cUxOU3VCdG5USWViQVZITlBmQXdYdjJSdENsZ2RxcFpsTXRDbVItOEs5Y25mS0FBaGdzNTlESlJFLWFmN21fdzBnd0trLUJDY2VSR3kxVHBTNTN4T1g3QzZ2NERVNkZpQnZQV0h3T25HcWdQUHg3cDVzOEpleFVYZ2dtcVFoTTNiQk1OdElHUHRsb3RFVWhGM0E?oc=5\" target=\"_blank\" rel=\"nofollow noopener\">Kl\u00e4dbranschen f\u00e5r sj\u00e4lv betala f\u00f6r textilavfall<\/a>&nbsp;&nbsp;Aftonbladet<\/li>\n<li><a href=\"https:\/\/news.google.com\/rss\/articles\/CBMiigFBVV95cUxNdEtyVUxzbWpuT0RiWlIwZnZKbjM4Mkh1dDJRNmFTdGVaSGpxSVp5SG5pN3RyQmdIa3hoNS14Rk9wVmJRZmFzMF9XTkVoeGg0RGIzQXRiWXJ1QWk5UHNXd0NmR0FWbS1RSlRkcjM3Q2JscTdRdC11NU85ZUw5VkU2UDNRdDZ3QTdMZ0E?oc=5\" target=\"_blank\" rel=\"nofollow noopener\">Snart ska kl\u00e4dproducenter betala f\u00f6r \u00e5tervinning. L\u00e5ter inte mer \u00e4n r\u00e4tt.<\/a>&nbsp;&nbsp;feber.se<\/li>\n<li><a href=\"https:\/\/news.google.com\/rss\/articles\/CBMifkFVX3lxTE5KeXNtM0xaSWFoOWZwcEctTjViR3dRLVBSZWxMV0J5QmNpb05FeENqZ3dxWWxxUzZBRkh4UGRHY2F0RFk1Z1JCZ00wdFBObkRXQ3VvV1EyaEJ2MUZROUh4T1NlRHRVUVlWWmFsTnZudkRSYzAtazNoUngtZldzQQ?oc=5\" target=\"_blank\" rel=\"nofollow noopener\">Producentansvar f\u00f6r textil ska inf\u00f6ras i Sverige<\/a>&nbsp;&nbsp;Teknikveckan<\/li>\n<\/ol>\n","protected":false},"excerpt":{"rendered":"Uppdrag till Naturv\u00e5rdsverket att inr\u00e4tta ett system f\u00f6r ut\u00f6kat producentansvar f\u00f6r textil enligt EU:s avfallsdirektiv&nbsp;&nbsp;Regeringen.se Regeringens f\u00f6rslag om&hellip;\n","protected":false},"author":2,"featured_media":1096,"comment_status":"","ping_status":"","sticky":false,"template":"","format":"standard","meta":{"footnotes":""},"categories":[65],"tags":[72,70,71,34,31,33,32,30],"class_list":{"0":"post-106730","1":"post","2":"type-post","3":"status-publish","4":"format-standard","5":"has-post-thumbnail","7":"category-ekonomi","8":"tag-business","9":"tag-economy","10":"tag-ekonomi","11":"tag-se","12":"tag-svenska","13":"tag-sverige","14":"tag-sweden","15":"tag-swedish"},"share_on_mastodon":{"url":"https:\/\/pubeurope.com\/@se\/115723811101646833","error":""},"_links":{"self":[{"href":"https:\/\/www.europesays.com\/se\/wp-json\/wp\/v2\/posts\/106730","targetHints":{"allow":["GET"]}}],"collection":[{"href":"https:\/\/www.europesays.com\/se\/wp-json\/wp\/v2\/posts"}],"about":[{"href":"https:\/\/www.europesays.com\/se\/wp-json\/wp\/v2\/types\/post"}],"author":[{"embeddable":true,"href":"https:\/\/www.europesays.com\/se\/wp-json\/wp\/v2\/users\/2"}],"replies":[{"embeddable":true,"href":"https:\/\/www.europesays.com\/se\/wp-json\/wp\/v2\/comments?post=106730"}],"version-history":[{"count":0,"href":"https:\/\/www.europesays.com\/se\/wp-json\/wp\/v2\/posts\/106730\/revisions"}],"wp:featuredmedia":[{"embeddable":true,"href":"https:\/\/www.europesays.com\/se\/wp-json\/wp\/v2\/media\/1096"}],"wp:attachment":[{"href":"https:\/\/www.europesays.com\/se\/wp-json\/wp\/v2\/media?parent=106730"}],"wp:term":[{"taxonomy":"category","embeddable":true,"href":"https:\/\/www.europesays.com\/se\/wp-json\/wp\/v2\/categories?post=106730"},{"taxonomy":"post_tag","embeddable":true,"href":"https:\/\/www.europesays.com\/se\/wp-json\/wp\/v2\/tags?post=106730"}],"curies":[{"name":"wp","href":"https:\/\/api.w.org\/{rel}","templated":true}]}}