{"id":106734,"date":"2025-12-15T13:30:40","date_gmt":"2025-12-15T13:30:40","guid":{"rendered":"https:\/\/www.europesays.com\/se\/106734\/"},"modified":"2025-12-15T13:30:40","modified_gmt":"2025-12-15T13:30:40","slug":"moa-ilar-tvaa-i-davos-langdskidor","status":"publish","type":"post","link":"https:\/\/www.europesays.com\/se\/106734\/","title":{"rendered":"Moa Ilar tv\u00e5a i Davos | L\u00e4ngdskidor"},"content":{"rendered":"<p>Publicerad 14 dec 2025 kl 14.44Uppdaterad kl 16.35<\/p>\n<p>10 kilometer fritt i Davos.<\/p>\n<p>D\u00e5 imponerade Moa Ilar stort och slutade tv\u00e5a.<\/p>\n<p>\u2013 Det trodde jag inte p\u00e5 f\u00f6rhand, s\u00e4ger svenskan.<\/p>\n<p><img loading=\"lazy\"   alt=\"\"\/><\/p>\n<p>Moa Ilar slutade tv\u00e5a i Davos.<\/p>\n<p>Foto: MAXIM THORE \/ BILDBYR\u00c5N<\/p>\n<p>\u00d6ppna bild i helsk\u00e4rm<img loading=\"lazy\"   alt=\"\"\/> <\/p>\n<p>Foto: MAXIM THORE \/ BILDBYR\u00c5N<\/p>\n<p>\u00d6ppna bild i helsk\u00e4rm<\/p>\n<p>Det blev norsk skr\u00e4llseger p\u00e5 10 kilometer fritt i Davos.<\/p>\n<p>Karoline Simpson-Larsen knep sin f\u00f6rsta v\u00e4rldscupvinst i karri\u00e4ren.<\/p>\n<p>\u2013 Jag \u00e4r i chock. Jag kan inte fatta det, s\u00e4ger hon.<\/p>\n<p>Tv\u00e5a blev <a href=\"https:\/\/www.expressen.se\/tagg\/person\/moa-ilar\/\" class=\"\" rel=\"nofollow noopener\" target=\"_blank\">Moa Ilar<\/a> efter ett fint lopp d\u00e4r varken Frida Karlsson eller Ebba Andersson deltog. Det gjorde inte heller Jonna Sundling efter l\u00f6rdagens sprintseger.<\/p>\n<p>\u2013 J\u00e4ttesk\u00f6nt, det trodde jag inte p\u00e5 f\u00f6rhand. Jag tycker h\u00f6jden \u00e4r en sv\u00e5r faktor, s\u00e4ger Ilar och forts\u00e4tter:<\/p>\n<p>\u2013 Det var sjukt tajt. Det var speciellt att h\u00f6ra f\u00f6rsta varvet att jag var fyra sekunder fr\u00e5n n\u00e5gon fransyska. Men jag fortsatte med min plan.<\/p>\n<p>Det r\u00e5der ingen tvekan vad som v\u00e4ntar Ilar nu.<\/p>\n<p>\u2013 Nu kan jag g\u00e5 p\u00e5 julledigt med gott samvete.<\/p>\n<p>Maja Dahlqvist slutade fyra bakom Astrid \u00d6yre Slind (Norge) och missade pallen med liten marginal.\u00a0<\/p>\n","protected":false},"excerpt":{"rendered":"Publicerad 14 dec 2025 kl 14.44Uppdaterad kl 16.35 10 kilometer fritt i Davos. D\u00e5 imponerade Moa Ilar stort&hellip;\n","protected":false},"author":2,"featured_media":106735,"comment_status":"","ping_status":"","sticky":false,"template":"","format":"standard","meta":{"footnotes":""},"categories":[68],"tags":[9502,34,857,111,110,31,33,32,30],"class_list":{"0":"post-106734","1":"post","2":"type-post","3":"status-publish","4":"format-standard","5":"has-post-thumbnail","7":"category-sport","8":"tag-person-moa-ilar","9":"tag-se","10":"tag-sections-langdskidor","11":"tag-sport","12":"tag-sports","13":"tag-svenska","14":"tag-sverige","15":"tag-sweden","16":"tag-swedish"},"share_on_mastodon":{"url":"https:\/\/pubeurope.com\/@se\/115723830810167693","error":""},"_links":{"self":[{"href":"https:\/\/www.europesays.com\/se\/wp-json\/wp\/v2\/posts\/106734","targetHints":{"allow":["GET"]}}],"collection":[{"href":"https:\/\/www.europesays.com\/se\/wp-json\/wp\/v2\/posts"}],"about":[{"href":"https:\/\/www.europesays.com\/se\/wp-json\/wp\/v2\/types\/post"}],"author":[{"embeddable":true,"href":"https:\/\/www.europesays.com\/se\/wp-json\/wp\/v2\/users\/2"}],"replies":[{"embeddable":true,"href":"https:\/\/www.europesays.com\/se\/wp-json\/wp\/v2\/comments?post=106734"}],"version-history":[{"count":0,"href":"https:\/\/www.europesays.com\/se\/wp-json\/wp\/v2\/posts\/106734\/revisions"}],"wp:featuredmedia":[{"embeddable":true,"href":"https:\/\/www.europesays.com\/se\/wp-json\/wp\/v2\/media\/106735"}],"wp:attachment":[{"href":"https:\/\/www.europesays.com\/se\/wp-json\/wp\/v2\/media?parent=106734"}],"wp:term":[{"taxonomy":"category","embeddable":true,"href":"https:\/\/www.europesays.com\/se\/wp-json\/wp\/v2\/categories?post=106734"},{"taxonomy":"post_tag","embeddable":true,"href":"https:\/\/www.europesays.com\/se\/wp-json\/wp\/v2\/tags?post=106734"}],"curies":[{"name":"wp","href":"https:\/\/api.w.org\/{rel}","templated":true}]}}