{"id":106742,"date":"2025-12-15T13:38:08","date_gmt":"2025-12-15T13:38:08","guid":{"rendered":"https:\/\/www.europesays.com\/se\/106742\/"},"modified":"2025-12-15T13:38:08","modified_gmt":"2025-12-15T13:38:08","slug":"nasta-steg-for-att-infora-bidragsreformen-beslut-om-aktivitetskrav-och-bidragstak","status":"publish","type":"post","link":"https:\/\/www.europesays.com\/se\/106742\/","title":{"rendered":"N\u00e4sta steg f\u00f6r att inf\u00f6ra bidragsreformen \u2013 beslut om aktivitetskrav och bidragstak"},"content":{"rendered":"<p>&#13;<br \/>\nF\u00f6r att bryta bidragsberoendet och utanf\u00f6rskapet m\u00e5ste det l\u00f6na sig mer att g\u00e5 fr\u00e5n bidrag till arbete. Det m\u00e5ste ocks\u00e5 finnas tydliga krav och f\u00f6rv\u00e4ntningar b\u00e5de p\u00e5 samh\u00e4llet och m\u00e4nniskor som lever p\u00e5 bidrag. Med regeringens bidragsreform kommer fler barn se sina f\u00f6r\u00e4ldrar g\u00e5 till jobbet, fler m\u00e4nniskor f\u00f6rs\u00f6rja sig sj\u00e4lva och leva p\u00e5 sin l\u00f6n, inte p\u00e5 bidrag.<\/p>\n<p>Konsekvenserna av ett l\u00e5ngvarigt bidragsberoende \u00e4r f\u00f6r\u00f6dande. Studier visar att bidragsberoende \u00e4r f\u00f6rknippat med b\u00e5de psykisk och fysisk oh\u00e4lsa, och barn som v\u00e4xer upp i bidragsberoende och utanf\u00f6rskap l\u00f6per stor risk att \u00e4rva det utanf\u00f6rskapet.<\/p>\n<p>\u2013 Det beh\u00f6ver l\u00f6na sig mer att g\u00e5 fr\u00e5n bidrag till arbete och egen f\u00f6rs\u00f6rjning. Alla som kan arbeta ska arbeta. Vi genomf\u00f6r en bidragsreform f\u00f6r att fler barn ska se sina f\u00f6r\u00e4ldrar g\u00e5 till jobbet och f\u00e5 m\u00f6jlighet till en klassresa ist\u00e4llet f\u00f6r att \u00e4rva samma utanf\u00f6rskap som deras f\u00f6r\u00e4ldrar befinner sig i, s\u00e4ger \u00e4ldre- och socialf\u00f6rs\u00e4kringsminister Anna Tenje.<\/p>\n<p>\u2013 Bidragsreformen g\u00f6r att arbete l\u00f6nar sig mer och att kraven blir tydligare. Med aktivitetskrav och ett bidragstak tar vi n\u00e4sta steg f\u00f6r att bryta bidragsberoende och utanf\u00f6rskap. Det \u00e4r viktigt att det l\u00f6nar sig att ta ett jobb, utbilda sig eller delta i insatser som leder n\u00e4rmare arbetsmarknaden, s\u00e4ger arbetsmarknadsminister Johan Britz, s\u00e4ger arbetsmarknadsminister Johan Britz.<\/p>\n<p>\u2013 Det f\u00e5r aldrig l\u00f6na sig mer att leva p\u00e5 bidrag \u00e4n att arbeta. Med aktivitetskrav och bidragstak skapar vi b\u00e4ttre m\u00f6jligheter f\u00f6r fler att bli sj\u00e4lvf\u00f6rs\u00f6rjande, samtidigt som ekonomiskt st\u00f6d till personer som vistas olagligt i Sverige begr\u00e4nsas till n\u00f6dsituationer, s\u00e4ger Sverigedemokraternas ekonomiskpolitiska talesperson Oscar Sj\u00f6stedt.<\/p>\n<p>\u2013 Bidragsreformen tydligg\u00f6r individens ansvar att g\u00f6ra det som han eller hon kan f\u00f6r att n\u00e4rma sig arbetsmarknaden. G\u00f6r din plikt och kr\u00e4v din r\u00e4tt, om man s\u00e5 vill. En fungerande integration kr\u00e4ver ett aktivitetskrav. Kan man jobba s\u00e5 kan man delta i aktiviteter som g\u00f6r att man kommer n\u00e4rmare ett arbete och egen f\u00f6rs\u00f6rjning. Regeringen tar nu ett viktigt steg f\u00f6r att minska bidragsberoende i Sverige, s\u00e4ger Kristdemokraternas ekonomiskpolitiska talesperson Hans Eklind.<\/p>\n<p>En viktig del av regeringens arbete inom detta omr\u00e5de \u00e4r en omfattande bidragsreform som omfattar ett bidragstak f\u00f6r mottagare av f\u00f6rs\u00f6rjningsst\u00f6d, ett aktivitetskrav f\u00f6r f\u00f6rs\u00f6rjningsst\u00f6dsmottagare och en kvalificering till vissa socialf\u00f6rs\u00e4kringsf\u00f6rm\u00e5ner.<\/p>\n<p>Nu tar regeringen n\u00e4sta steg f\u00f6r att inf\u00f6ra bidragsreformen genom att besluta om lagr\u00e5dsremisserna Aktivitetskrav f\u00f6r mottagare av f\u00f6rs\u00f6rjningsst\u00f6d samt Reformerat f\u00f6rs\u00f6rjningsst\u00f6d \u2013 bidragstak och \u00f6kade m\u00f6jligheter till arbete. \u00a0<\/p>\n<p>Aktivitetskrav \u2013 f\u00f6r att n\u00e4rma sig arbetsmarknaden<\/p>\n<p>Syftet med aktivitetskravet \u00e4r att den enskildes f\u00f6rm\u00e5ga ska st\u00e4rkas f\u00f6r att n\u00e4rma sig arbetsmarknaden, komma i arbete och bli sj\u00e4lvf\u00f6rs\u00f6rjande. En meningsfull syssels\u00e4ttning genom aktiviteter kan bland annat bidra till att bryta isolering, f\u00f6rb\u00e4ttra h\u00e4lsa och fr\u00e4mja integrationen.<\/p>\n<ul>\n<li>Den som f\u00e5r f\u00f6rs\u00f6rjningsst\u00f6d sedan minst tre sammanh\u00e4ngande m\u00e5nader ska delta i aktivitet inom aktivitetskravet f\u00f6r att ha r\u00e4tt till f\u00f6rs\u00f6rjningsst\u00f6d. Omfattningen av aktivitetskravet ska motsvara den enskildes f\u00f6rm\u00e5ga att delta i aktiviteterna. \u00a0<\/li>\n<li>Aktiviteterna ska bidra till att \u00f6ka den enskildes f\u00f6rm\u00e5ga att ta ett arbete, \u00f6ka den enskildes spr\u00e5kliga f\u00f6ruts\u00e4ttningar, best\u00e5 av jobbs\u00f6kande aktiviteter eller arbetsplatsf\u00f6rlagda aktiviteter.<\/li>\n<li>Aktivitetskravet g\u00e4ller i normalfallet p\u00e5 heltid, men tiden ska minskas och anpassas till eventuell deltidssyssels\u00e4ttning, till exempel om den enskilde har anst\u00e4llning eller deltar i statliga, kommunala eller regionala insatser.<\/li>\n<li>Socialn\u00e4mnden ska uppr\u00e4tta en individuell plan f\u00f6r aktiviteterna och i planen ska rimlig tid avs\u00e4ttas f\u00f6r att s\u00f6ka arbete.<\/li>\n<li>Aktivitetskrav f\u00e5r inte st\u00e4llas p\u00e5 den som \u00e4r under 18 \u00e5r; \u00e4r 18\u201320 \u00e5r och g\u00e5r i grundskolan, gymnasieskolan eller annan j\u00e4mf\u00f6rlig grundutbildning; har syssels\u00e4ttning p\u00e5 heltid i form av exempelvis anst\u00e4llning; har uppn\u00e5tt rikt\u00e5ldern f\u00f6r pension, har sjukpenning, sjukers\u00e4ttning eller vissa andra socialf\u00f6rs\u00e4kringsf\u00f6rm\u00e5ner.<\/li>\n<\/ul>\n<p>Om den enskilde utan godtagbart sk\u00e4l avb\u00f6jer att delta i insatser enligt aktivitetskravet ska socialn\u00e4mnden v\u00e4gra eller s\u00e4tta ned fortsatt f\u00f6rs\u00f6rjningsst\u00f6d.<\/p>\n<p>Inspektionen f\u00f6r v\u00e5rd och omsorg, IVO, ska kunna utf\u00e4rda sanktionsavgifter f\u00f6r kommuner vid systematiska brister i till\u00e4mpningen av aktivitetskravet.<\/p>\n<p>En given f\u00f6ruts\u00e4ttning f\u00f6r att man ska kunna ha h\u00f6gre krav p\u00e5 aktivering \u00e4r att man erbjuder fler timmar i f\u00f6rskola eller fritids. F\u00f6r att m\u00f6jligg\u00f6ra ut\u00f6kad tid i f\u00f6rskola och fritidshem f\u00f6r barn vars f\u00f6r\u00e4ldrar ber\u00f6rs av aktivitetskravet har regeringen i budgetpropositionen f\u00f6r 2026 tillf\u00f6rt kommunerna 130 miljoner kronor 2026 och med 260 miljoner kronor \u00e5rligen fr\u00e5n och med 2027.\u00a0<\/p>\n<p>Regeringen avser \u00e4ven att tills\u00e4tta en utredning som ska se \u00f6ver f\u00f6ruts\u00e4ttningarna f\u00f6r ut\u00f6kad barnomsorg f\u00f6r barn vars f\u00f6r\u00e4ldrar omfattas av aktivitetskravet.<\/p>\n<p>Aktivitetskravet f\u00f6resl\u00e5s tr\u00e4da i kraft den 1 juli 2026. F\u00f6rslaget om sanktionsavgift f\u00f6r kommunerna f\u00f6resl\u00e5s tr\u00e4da i kraft den 1 juli 2027.<\/p>\n<p>Bidragstak \u2013 f\u00f6r att det ska l\u00f6na sig mer att g\u00e5 fr\u00e5n bidrag till arbete<\/p>\n<p>Det ekonomiska bist\u00e5ndet \u00e4r t\u00e4nkt att vara det yttersta skyddsn\u00e4tet n\u00e4r m\u00e4nniskor tillf\u00e4lligt inte kan f\u00f6rs\u00f6rja sig sj\u00e4lva. Det ska inte vara en l\u00e5ngsiktig l\u00f6sning. Inom det ekonomiska bist\u00e5ndet har f\u00f6rs\u00f6rjningsst\u00f6dets utformning lett till att det i m\u00e5nga familjer med flera barn inte har l\u00f6nat sig tillr\u00e4ckligt att b\u00f6rja jobba i st\u00e4llet f\u00f6r att leva p\u00e5 bidrag.<\/p>\n<p>I lagr\u00e5dsremissen Reformerat f\u00f6rs\u00f6rjningsst\u00f6d \u2013 bidragstak och \u00f6kade m\u00f6jligheter till arbete, f\u00f6resl\u00e5r regeringen ett bidragstak som syftar till att \u00f6ka det ekonomiska utbytet av att g\u00e5 fr\u00e5n f\u00f6rs\u00f6rjningsst\u00f6d till arbete.<\/p>\n<p>Bidragstaket best\u00e5r av tre delar:<\/p>\n<ul>\n<li>En modernisering av riksnormen, det vill s\u00e4ga den del av f\u00f6rs\u00f6rjningsst\u00f6det som regeringen best\u00e4mmer niv\u00e5n f\u00f6r.<\/li>\n<li>Begr\u00e4nsning av f\u00f6rs\u00f6rjningsst\u00f6det f\u00f6r st\u00f6rre hush\u00e5ll<\/li>\n<li>Riksnormen ska som huvudregel utg\u00f6ra ett tak<\/li>\n<\/ul>\n<p>I lagr\u00e5dsremissen l\u00e4mnas \u00e4ven f\u00f6rslag om f\u00f6ljande:<\/p>\n<ul>\n<li>Den som vistas olovligen i Sverige ska inte ha r\u00e4tt till ekonomiskt bist\u00e5nd. Regeringen f\u00f6resl\u00e5r d\u00e4rf\u00f6r att personer som inte vistas lagligen i Sverige endast ska kunna f\u00e5 ekonomiskt bist\u00e5nd vid akuta situationer, s\u00e5 kallat n\u00f6dbist\u00e5nd.<\/li>\n<li>F\u00f6rs\u00f6rjningsst\u00f6det \u00e4r ett skyddsn\u00e4t och ska inte bidra till kriminalitet och andra problem i samh\u00e4llet. Det g\u00e4ller inte minst hyresmarknaden. D\u00e4rf\u00f6r f\u00f6resl\u00e5s att f\u00f6rs\u00f6rjningsst\u00f6d till hyra i andra hand som huvudregel bara ska l\u00e4mnas om andrahandsuthyrningen \u00e4r till\u00e5ten.<\/li>\n<li>Det \u00e4r viktigt att socialn\u00e4mnden har ett fullgott underlag n\u00e4r de ska besluta om ekonomiskt bist\u00e5nd. Den som p\u00e5 grund av sjukdom inte st\u00e5r till arbetsmarknadens f\u00f6rfogande eller deltar i aktivitet som n\u00e4mnden anvisat ska d\u00e4rf\u00f6r l\u00e4mna in l\u00e4karintyg f\u00f6r att visa att f\u00f6rm\u00e5gan att g\u00f6ra det \u00e4r nedsatt p\u00e5 grund av sjukdom.<\/li>\n<li>Den som f\u00e5r ekonomiskt bist\u00e5nd f\u00f6rv\u00e4ntas, utifr\u00e5n f\u00f6rm\u00e5ga, g\u00f6ra vad han eller hon kan f\u00f6r att bidra till sin f\u00f6rs\u00f6rjning. Regeringen ger socialn\u00e4mnden en uttrycklig m\u00f6jlighet att kunna st\u00e4lla s\u00e5dana krav \u00e4ven p\u00e5 den som \u00e4r sjuk, med h\u00e4nsyn tagen till bist\u00e5ndsmottagarens individuella f\u00f6ruts\u00e4ttningar.<\/li>\n<li>F\u00f6r att s\u00e4kerst\u00e4lla en stabil och enhetlig samverkansstruktur d\u00e4r enskilda f\u00e5r sitt behov av st\u00f6d tillgodosett \u00e4r det viktigt att Arbetsf\u00f6rmedlingen och F\u00f6rs\u00e4kringskassan ges en skyldighet att delta i uppr\u00e4ttandet av samordnad individuell plan.<\/li>\n<\/ul>\n<p>Bidragstaket f\u00f6resl\u00e5s tr\u00e4da i kraft den 1 januari 2027.<\/p>\n","protected":false},"excerpt":{"rendered":"&#13; F\u00f6r att bryta bidragsberoendet och utanf\u00f6rskapet m\u00e5ste det l\u00f6na sig mer att g\u00e5 fr\u00e5n bidrag till arbete.&hellip;\n","protected":false},"author":2,"featured_media":67452,"comment_status":"","ping_status":"","sticky":false,"template":"","format":"standard","meta":{"footnotes":""},"categories":[5],"tags":[22,23,26,27,17,21,24,25,28,29,15,16,18,34,31,33,32,30,19,20],"class_list":{"0":"post-106742","1":"post","2":"type-post","3":"status-publish","4":"format-standard","5":"has-post-thumbnail","7":"category-rubriker","8":"tag-breaking-news","9":"tag-breakingnews","10":"tag-featured-news","11":"tag-featurednews","12":"tag-headlines","13":"tag-huvudnyheter","14":"tag-latest-news","15":"tag-latestnews","16":"tag-main-news","17":"tag-mainnews","18":"tag-news","19":"tag-nyheter","20":"tag-rubriker","21":"tag-se","22":"tag-svenska","23":"tag-sverige","24":"tag-sweden","25":"tag-swedish","26":"tag-top-stories","27":"tag-topstories"},"share_on_mastodon":{"url":"https:\/\/pubeurope.com\/@se\/115723862188495254","error":""},"_links":{"self":[{"href":"https:\/\/www.europesays.com\/se\/wp-json\/wp\/v2\/posts\/106742","targetHints":{"allow":["GET"]}}],"collection":[{"href":"https:\/\/www.europesays.com\/se\/wp-json\/wp\/v2\/posts"}],"about":[{"href":"https:\/\/www.europesays.com\/se\/wp-json\/wp\/v2\/types\/post"}],"author":[{"embeddable":true,"href":"https:\/\/www.europesays.com\/se\/wp-json\/wp\/v2\/users\/2"}],"replies":[{"embeddable":true,"href":"https:\/\/www.europesays.com\/se\/wp-json\/wp\/v2\/comments?post=106742"}],"version-history":[{"count":0,"href":"https:\/\/www.europesays.com\/se\/wp-json\/wp\/v2\/posts\/106742\/revisions"}],"wp:featuredmedia":[{"embeddable":true,"href":"https:\/\/www.europesays.com\/se\/wp-json\/wp\/v2\/media\/67452"}],"wp:attachment":[{"href":"https:\/\/www.europesays.com\/se\/wp-json\/wp\/v2\/media?parent=106742"}],"wp:term":[{"taxonomy":"category","embeddable":true,"href":"https:\/\/www.europesays.com\/se\/wp-json\/wp\/v2\/categories?post=106742"},{"taxonomy":"post_tag","embeddable":true,"href":"https:\/\/www.europesays.com\/se\/wp-json\/wp\/v2\/tags?post=106742"}],"curies":[{"name":"wp","href":"https:\/\/api.w.org\/{rel}","templated":true}]}}