{"id":106748,"date":"2025-12-15T13:45:09","date_gmt":"2025-12-15T13:45:09","guid":{"rendered":"https:\/\/www.europesays.com\/se\/106748\/"},"modified":"2025-12-15T13:45:09","modified_gmt":"2025-12-15T13:45:09","slug":"isf-soker-kvalificerade-utredare-med-erfarenhet-inom-felaktiga-utbetalningar-kontroll-och-valfardsbrottslighet-altinget","status":"publish","type":"post","link":"https:\/\/www.europesays.com\/se\/106748\/","title":{"rendered":"ISF s\u00f6ker kvalificerade utredare med erfarenhet inom felaktiga utbetalningar, kontroll och v\u00e4lf\u00e4rdsbrottslighet &#8211; Altinget"},"content":{"rendered":"<p>Vi s\u00f6ker dig som har erfarenhet av kvalificerat utredningsarbete eller forskning inom omr\u00e5det felaktiga utbetalningar, kontroll och v\u00e4lf\u00e4rdsbrottslighet och som vill arbeta med stimulerande utredningsarbete p\u00e5 Inspektionen f\u00f6r socialf\u00f6rs\u00e4kringen (ISF).<\/p>\n<p>ISF \u00e4r en analys- och tillsynsmyndighet som granskar och utv\u00e4rderar socialf\u00f6rs\u00e4kringsomr\u00e5det. I uppdraget ing\u00e5r bland annat att granska F\u00f6rs\u00e4kringskassan, Pensionsmyndigheten och delar av Skatteverket.<\/p>\n<p>Motverkande av v\u00e4lf\u00e4rdsbrottslighet och felaktiga utbetalningar har f\u00f6r n\u00e4rvarande h\u00f6g prioritet p\u00e5 den politiska agendan och hos myndigheterna. En viktig del i det arbetet \u00e4r att granska allt fr\u00e5n lagstiftning till myndigheternas interna arbete. Vi s\u00f6ker d\u00e4rf\u00f6r utredare med s\u00e4rskild kompetens och erfarenhet inom omr\u00e5det.<\/p>\n<p>Som utredare p\u00e5 ISF arbetar du med att granska hur v\u00e4l socialf\u00f6rs\u00e4kringen fungerar. Vi arbetar f\u00f6r att regler och \u00e4renden ska hanteras r\u00e4ttss\u00e4kert och effektivt s\u00e5 att m\u00e4nniskor f\u00e5r det st\u00f6d de har r\u00e4tt till. P\u00e5 ISF arbetar i nul\u00e4get ett 50-tal personer varav en majoritet \u00e4r utredare med grund- eller forskarutbildning inom bland annat f\u00f6rvaltningskunskap, nationalekonomi, statistik, statsvetenskap, juridik, folkh\u00e4lsovetenskap och sociologi. En tredjedel av utredarna \u00e4r disputerade.<\/p>\n<p>ISF erbjuder en kreativ, kunskapsintensiv och social arbetsmilj\u00f6 d\u00e4r du har m\u00f6jlighet att utvecklas i rollen som utredare. Du bidrar samtidigt till samh\u00e4llet genom att ta fram viktiga beslutsunderlag som anv\u00e4nds i utvecklingen av socialf\u00f6rs\u00e4kringen.<\/p>\n<p>ISF \u00e4r placerat i centrala G\u00f6teborg och vi sitter i ljusa lokaler med egna kontorsrum i L\u00e4ppstiftet vid Lilla Bommen. Ett h\u00e5llbart arbetsliv f\u00f6r v\u00e5ra medarbetare \u00e4r viktigt f\u00f6r oss p\u00e5 ISF. Som anst\u00e4lld har du m\u00f6jligheter till flex och att arbeta delvis p\u00e5 distans. ISF verkar h\u00e4lsofr\u00e4mjande genom friskv\u00e5rdsaktiviteter, m\u00f6jlighet till tr\u00e4ning p\u00e5 arbetsplatsen och friskv\u00e5rdsbidrag.<\/p>\n<p>Arbetsuppgifter<\/p>\n<p>Som utredare p\u00e5 ISF granskar, analyserar och utv\u00e4rderar du fr\u00e5gor som fr\u00e4mst r\u00f6r r\u00e4ttss\u00e4kerhet, effektivitet och effekter f\u00f6r individ och samh\u00e4lle.<\/p>\n<p>Arbetet bedrivs i projektform och du arbetar som projektledare eller projektmedarbetare i ett eller flera projekt. Tillsammans med andra medarbetare med olika utbildningsbakgrunder initierar, strukturerar och driver du utredningar med h\u00f6g kvalitet fr\u00e5n projektid\u00e9 till f\u00e4rdig granskningsrapport inom givna tidsramar. Du bidrar med dina perspektiv \u00ad\u2013 med helheten i fokus \u2013 till en allsidig belysning av olika fr\u00e5gest\u00e4llningar. Vi hanterar m\u00e5nga olika omr\u00e5den och du kommer att arbeta \u00e4ven med andra fr\u00e5gor \u00e4n felaktiga utbetalningar, kontroll och v\u00e4lf\u00e4rdsbrottslighet.<\/p>\n<p>Ett projekt p\u00e5g\u00e5r vanligtvis cirka ett \u00e5r eller l\u00e4ngre och resulterar i en rapport som l\u00e4mnas till regeringen och de verksamheter som granskas.<\/p>\n<p>I arbetet ing\u00e5r att<\/p>\n<ul>\n<li>\n<p>omv\u00e4rldsbevaka och delta i arbetet med att ta fram id\u00e9er till nya granskningsprojekt<\/p>\n<\/li>\n<li>\n<p>identifiera relevanta metoder f\u00f6r utv\u00e4rdering och analys<\/p>\n<\/li>\n<li>\n<p>samla in och analysera kvantitativa och\/eller kvalitativa data<\/p>\n<\/li>\n<li>\n<p>skriva rapporter och korta sammanfattningar<\/p>\n<\/li>\n<li>\n<p>presentera resultaten i olika sammanhang<\/p>\n<\/li>\n<li>\n<p>besvara remisser fr\u00e5n regeringen<\/p>\n<\/li>\n<li>\n<p>ha kontakter med de verksamheter som granskas, Regeringskansliet, forskarv\u00e4rlden, andra n\u00e4tverk och media.<\/p>\n<\/li>\n<\/ul>\n<p>En del granskningar genomf\u00f6rs p\u00e5 uppdrag av regeringen medan andra initieras av myndigheten.<\/p>\n<p>Som medarbetare \u00e4r du med och p\u00e5verkar inriktningen p\u00e5 verksamheten. <a target=\"_blank\" rel=\"external nofollow noopener\" href=\"https:\/\/isf.se\/publikationer\">Exempel p\u00e5 granskningar hittar du h\u00e4r<\/a><\/p>\n<p>Kompetens<\/p>\n<p>De utredare som vi s\u00f6ker ska ha<\/p>\n<ul>\n<li>\n<p>erfarenhet av kvalificerat utredningsarbete, forskning eller strategiskt arbete inom omr\u00e5det felaktiga utbetalningar, kontroll och v\u00e4lf\u00e4rdsbrottslighet<\/p>\n<\/li>\n<li>\n<p>relevant akademisk examen inom \u00e4mnen som till exempel offentlig f\u00f6rvaltning, nationalekonomi, sociologi, statsvetenskap, statistik, kriminologi eller juridik<\/p>\n<\/li>\n<li>\n<p>Det \u00e4r meriterande om du har<\/p>\n<\/li>\n<li>\n<p>djup och bred kunskap om socialf\u00f6rs\u00e4kringen<\/p>\n<\/li>\n<li>\n<p>erfarenhet av arbete med urvalsprocesser och utredningsmetodik vid kontrollverksamhet<\/p>\n<\/li>\n<li>\n<p>erfarenhet av strategiskt arbete mot v\u00e4lf\u00e4rdsbrottslighet<\/p>\n<\/li>\n<li>\n<p>erfarenhet av analys av felaktiga utbetalningar<\/p>\n<\/li>\n<li>\n<p>erfarenhet av arbete med Crime proofing<\/p>\n<\/li>\n<li>\n<p>erfarenhet av analys av kontrollarbete inom handl\u00e4ggande verksamhet<\/p>\n<\/li>\n<\/ul>\n<p>Som utredare p\u00e5 ISF beh\u00f6ver du kunna initiera, strukturera och driva utredningar med h\u00f6g kvalitet fr\u00e5n id\u00e9generering till f\u00e4rdig rapport inom givna tidsramar. Arbetet st\u00e4ller h\u00f6ga krav p\u00e5 analytisk f\u00f6rm\u00e5ga. Du beh\u00f6ver ocks\u00e5 ha en god f\u00f6rm\u00e5ga att skriva och uttrycka dig med ett enkelt och begripligt spr\u00e5k. Du beh\u00f6ver kunna f\u00f6rmedla komplexa f\u00f6rh\u00e5llanden till skilda m\u00e5lgrupper med varierande kunskap om socialf\u00f6rs\u00e4kringen. Du beh\u00f6ver ocks\u00e5 ha en mycket god samarbetsf\u00f6rm\u00e5ga och vara lyh\u00f6rd och smidig i relationen till andra. Du \u00e4r sj\u00e4lvg\u00e5ende, initiativtagande och l\u00f6sningsfokuserad.<\/p>\n<p>ISF v\u00e4rdes\u00e4tter s\u00e4rskilt f\u00f6rm\u00e5gan att samarbeta i projektform tillsammans med andra professioner.<\/p>\n<p>ISF l\u00e4gger stor vikt vid personlig l\u00e4mplighet.<\/p>\n<p>Arbeta hos oss<\/p>\n<p>\u00c4r du nyfiken p\u00e5 v\u00e5rt uppdrag och hur det \u00e4r att arbeta p\u00e5 ISF? <a target=\"_blank\" rel=\"external nofollow noopener\" href=\"https:\/\/isf.se\/arbeta-hos-oss\">L\u00e4s mer h\u00e4r<\/a><\/p>\n<p>Information och ans\u00f6kan<\/p>\n<p>ISF planerar att anst\u00e4lla en eller flera personer tills vidare med sex m\u00e5naders provanst\u00e4llning och med tilltr\u00e4de snarast m\u00f6jligt.<\/p>\n<p>I ditt personliga brev ber vi dig beskriva dina kunskaper och erfarenheter som matchar den kompetens och bakgrund vi efterfr\u00e5gar.<\/p>\n<p>F\u00f6r fr\u00e5gor om tj\u00e4nsten \u00e4r du v\u00e4lkommen att kontakta enhetschef Elin Sundberg, tel. 010-174 15 80.<\/p>\n<p>Fr\u00e5gor om rekryteringsprocessen besvaras av HR-generalist Amina Hodzic, tel. 010-174 15 37.<\/p>\n<p>Facklig kontaktperson f\u00f6r Saco \u00e4r Susanne Fahl\u00e9n, tel. 010-174 15 32.<\/p>\n<p><strong>V\u00e4lkommen med din ans\u00f6kan senast den 11 januari 2026.<\/strong><\/p>\n","protected":false},"excerpt":{"rendered":"Vi s\u00f6ker dig som har erfarenhet av kvalificerat utredningsarbete eller forskning inom omr\u00e5det felaktiga utbetalningar, kontroll och v\u00e4lf\u00e4rdsbrottslighet&hellip;\n","protected":false},"author":2,"featured_media":106749,"comment_status":"","ping_status":"","sticky":false,"template":"","format":"standard","meta":{"footnotes":""},"categories":[12],"tags":[22,23,26,27,17,21,24,25,28,29,15,16,18,34,31,33,32,30,19,20],"class_list":{"0":"post-106748","1":"post","2":"type-post","3":"status-publish","4":"format-standard","5":"has-post-thumbnail","7":"category-sverige","8":"tag-breaking-news","9":"tag-breakingnews","10":"tag-featured-news","11":"tag-featurednews","12":"tag-headlines","13":"tag-huvudnyheter","14":"tag-latest-news","15":"tag-latestnews","16":"tag-main-news","17":"tag-mainnews","18":"tag-news","19":"tag-nyheter","20":"tag-rubriker","21":"tag-se","22":"tag-svenska","23":"tag-sverige","24":"tag-sweden","25":"tag-swedish","26":"tag-top-stories","27":"tag-topstories"},"share_on_mastodon":{"url":"https:\/\/pubeurope.com\/@se\/115723889782009047","error":""},"_links":{"self":[{"href":"https:\/\/www.europesays.com\/se\/wp-json\/wp\/v2\/posts\/106748","targetHints":{"allow":["GET"]}}],"collection":[{"href":"https:\/\/www.europesays.com\/se\/wp-json\/wp\/v2\/posts"}],"about":[{"href":"https:\/\/www.europesays.com\/se\/wp-json\/wp\/v2\/types\/post"}],"author":[{"embeddable":true,"href":"https:\/\/www.europesays.com\/se\/wp-json\/wp\/v2\/users\/2"}],"replies":[{"embeddable":true,"href":"https:\/\/www.europesays.com\/se\/wp-json\/wp\/v2\/comments?post=106748"}],"version-history":[{"count":0,"href":"https:\/\/www.europesays.com\/se\/wp-json\/wp\/v2\/posts\/106748\/revisions"}],"wp:featuredmedia":[{"embeddable":true,"href":"https:\/\/www.europesays.com\/se\/wp-json\/wp\/v2\/media\/106749"}],"wp:attachment":[{"href":"https:\/\/www.europesays.com\/se\/wp-json\/wp\/v2\/media?parent=106748"}],"wp:term":[{"taxonomy":"category","embeddable":true,"href":"https:\/\/www.europesays.com\/se\/wp-json\/wp\/v2\/categories?post=106748"},{"taxonomy":"post_tag","embeddable":true,"href":"https:\/\/www.europesays.com\/se\/wp-json\/wp\/v2\/tags?post=106748"}],"curies":[{"name":"wp","href":"https:\/\/api.w.org\/{rel}","templated":true}]}}