{"id":106769,"date":"2025-12-15T13:57:12","date_gmt":"2025-12-15T13:57:12","guid":{"rendered":"https:\/\/www.europesays.com\/se\/106769\/"},"modified":"2025-12-15T13:57:12","modified_gmt":"2025-12-15T13:57:12","slug":"kollegorna-minns-helge-skoog-alltid-humor-i-det-han-gjorde","status":"publish","type":"post","link":"https:\/\/www.europesays.com\/se\/106769\/","title":{"rendered":"Kollegorna minns Helge Skoog: \u201dAlltid humor i det han gjorde\u201d"},"content":{"rendered":"<p>Pernilla Wahlgren spelade mot Helge Skoog i julkalendern \u201dPanik i tomteverkstan\u201d 2019. I ett sms till Kulturnyheterna ber\u00e4ttar hon om samarbetet:<\/p>\n<p>\u201dJag minns honom som en varm fin, m\u00e4nniska. S\u00e5 rolig och trygg att jobba med i Julkalendern d\u00e4r han spelade min tomte-pappa. Han var en legend och kommer att l\u00e4mna ett stort tomrum efter sig , men ocks\u00e5 otroliga minnen i alla fantastiska roller och tv-framtr\u00e4danden som han har gjort genom \u00e5ren.\u201d<\/p>\n<p>\u201dKomiken var hans drivkraft\u201d<\/p>\n<p>N\u00e4r Helge Skoog i slutet p\u00e5 1980- och i b\u00f6rjan p\u00e5 1990-talet spelade Ture Sventon p\u00e5 tv och i film spelade Johan Ulveson antagonisten Ville Vessla. Ulveson beskriver Helge Skoog som en inspirationsk\u00e4lla och f\u00f6rebild. <\/p>\n<p>\u2013 Det var alltid v\u00e4ldigt roligt att arbeta med Helge. Han var helt enkelt v\u00e4ldigt rolig och en otroligt skicklig improvisat\u00f6r \u2013 han hade liksom ett s\u00e5nt j\u00e4vla tryck i allting. Han hade s\u00e5n kraft. Han eldade upp sig n\u00e4r han improviserade p\u00e5 ett roligt s\u00e4tt. Han var s\u00e4rpr\u00e4glad, det fanns alltid humor i det han gjorde. Det var n\u00e4stan sv\u00e5rt f\u00f6r honom att g\u00f6ra n\u00e5got utan komiken. Det var hans drivkraft helt enkelt, s\u00e4ger Johan Ulvesson till Kulturnyheterna.<\/p>\n<p>Vilket avtryck l\u00e4mnar han p\u00e5 svensk teater och film?<\/p>\n<p>\u2013 Han uppr\u00e4tth\u00f6ll ju en revytradition p\u00e5 Stadsteatern i olika former. Han var inte ren komiker, han var en komisk sk\u00e5despelare. Vi som identifierar oss som det \u2013 f\u00f6r oss var Helge verkligen en f\u00f6rebild i samma stil som G\u00f6sta Ekman.<\/p>\n<p>\u00c4r det n\u00e5gon s\u00e4rskild roll du minns honom i?<\/p>\n<p>\u2013 Han gjorde en vaktm\u00e4starkarakt\u00e4r p\u00e5 Stadsteatern som \u00e5terkom \u2013 en v\u00e4ldigt str\u00e4ng obehaglig typ som var v\u00e4ldigt rolig. Sedan naturligtvis Ture Sventon. Det gjorde han v\u00e4ldigt fint \u2013 den rollen var lite som gjord f\u00f6r honom.<\/p>\n","protected":false},"excerpt":{"rendered":"Pernilla Wahlgren spelade mot Helge Skoog i julkalendern \u201dPanik i tomteverkstan\u201d 2019. I ett sms till Kulturnyheterna ber\u00e4ttar&hellip;\n","protected":false},"author":2,"featured_media":106770,"comment_status":"","ping_status":"","sticky":false,"template":"","format":"standard","meta":{"footnotes":""},"categories":[67],"tags":[104,34,31,33,32,30,105],"class_list":{"0":"post-106769","1":"post","2":"type-post","3":"status-publish","4":"format-standard","5":"has-post-thumbnail","7":"category-underhallning","8":"tag-entertainment","9":"tag-se","10":"tag-svenska","11":"tag-sverige","12":"tag-sweden","13":"tag-swedish","14":"tag-underhallning"},"share_on_mastodon":{"url":"https:\/\/pubeurope.com\/@se\/115723937015683411","error":""},"_links":{"self":[{"href":"https:\/\/www.europesays.com\/se\/wp-json\/wp\/v2\/posts\/106769","targetHints":{"allow":["GET"]}}],"collection":[{"href":"https:\/\/www.europesays.com\/se\/wp-json\/wp\/v2\/posts"}],"about":[{"href":"https:\/\/www.europesays.com\/se\/wp-json\/wp\/v2\/types\/post"}],"author":[{"embeddable":true,"href":"https:\/\/www.europesays.com\/se\/wp-json\/wp\/v2\/users\/2"}],"replies":[{"embeddable":true,"href":"https:\/\/www.europesays.com\/se\/wp-json\/wp\/v2\/comments?post=106769"}],"version-history":[{"count":0,"href":"https:\/\/www.europesays.com\/se\/wp-json\/wp\/v2\/posts\/106769\/revisions"}],"wp:featuredmedia":[{"embeddable":true,"href":"https:\/\/www.europesays.com\/se\/wp-json\/wp\/v2\/media\/106770"}],"wp:attachment":[{"href":"https:\/\/www.europesays.com\/se\/wp-json\/wp\/v2\/media?parent=106769"}],"wp:term":[{"taxonomy":"category","embeddable":true,"href":"https:\/\/www.europesays.com\/se\/wp-json\/wp\/v2\/categories?post=106769"},{"taxonomy":"post_tag","embeddable":true,"href":"https:\/\/www.europesays.com\/se\/wp-json\/wp\/v2\/tags?post=106769"}],"curies":[{"name":"wp","href":"https:\/\/api.w.org\/{rel}","templated":true}]}}