{"id":106782,"date":"2025-12-15T14:09:10","date_gmt":"2025-12-15T14:09:10","guid":{"rendered":"https:\/\/www.europesays.com\/se\/106782\/"},"modified":"2025-12-15T14:09:10","modified_gmt":"2025-12-15T14:09:10","slug":"disputation-av-sara-wallin-ahlstrom-min-tid-en-traningsmetod-som-okar-forskolebarns-tidsuppfattning-och-vardagsfungerande","status":"publish","type":"post","link":"https:\/\/www.europesays.com\/se\/106782\/","title":{"rendered":"Disputation av Sara Wallin Ahlstr\u00f6m: Min Tid \u2013 en tr\u00e4ningsmetod som \u00f6kar f\u00f6rskolebarns tidsuppfattning och vardagsfungerande"},"content":{"rendered":"<p>            &#13;<br \/>\n                <img decoding=\"async\" src=\"https:\/\/www.europesays.com\/se\/wp-content\/uploads\/2025\/12\/04t10v7x6c07oggsycj5xb.jpeg\" alt=\"\" class=\"figure-img img-fluid rounded\"\/>&#13;<\/p>\n<p class=\"press-info\">&#13;<br \/>\n                <strong> Pressmeddelande<\/strong> \u2013 15 december 2025&#13;\n                <\/p>\n<p><strong\/><strong><strong>\u201dAtt tr\u00e4na tidsuppfattning i f\u00f6rskolan betyder att barn f\u00e5r r\u00e4tt st\u00f6d tidigare, utan att beh\u00f6va v\u00e4nta p\u00e5 en diagnos\u201d, s\u00e4ger Sara Wallin Ahlstr\u00f6m, legitimerad arbetsterapeut och doktorand vid Centrum f\u00f6r klinisk forskning (CKF) i Region Dalarna och M\u00e4lardalens Universitet i V\u00e4ster\u00e5s.<\/strong><\/strong><\/p>\n<p>Min Tid \u00e4r en metod med verktyg f\u00f6r att tr\u00e4na tidsuppfattning p\u00e5 ett konkret, visuellt och lekfullt s\u00e4tt. I detta forskningsprojekt har metoden pr\u00f6vats under \u00e5tta veckor i f\u00f6rskolegrupper med barn i 5\u20136-\u00e5rs\u00e5ldern. I vanliga fall tillhandah\u00e5lls metoden av arbetsterapeuter inom Region Dalarnas barn- och ungdomshabilitering f\u00f6r enskilda barn och unga efter att de remitterats och f\u00e5tt diagnos. <\/p>\n<p>\u2013 Syftet har varit att unders\u00f6ka om en metod f\u00f6r att tr\u00e4na tidsuppfattning p\u00e5 ett lekfullt s\u00e4tt kan vara ett st\u00f6d f\u00f6r att \u00f6ka f\u00f6rskolebarns tidsuppfattning och vardagsfungerande, s\u00e4ger Sara Wallin Ahlstr\u00f6m.<\/p>\n<p>Varf\u00f6r \u00e4r forskningen viktig?<\/p>\n<p>Barn i f\u00f6rskole\u00e5lder med eller utan handligsplan f\u00f6r s\u00e4rskilt st\u00f6d har inte full f\u00f6rst\u00e5else f\u00f6r n\u00e4r i tid olika aktiviteter sker och kan bli otrygga, oroliga eller beh\u00f6va mycket vuxenst\u00f6d. Att ge hela barngrupper samma st\u00f6d minskar risken f\u00f6r utpekande och ger fler barn m\u00f6jlighet att lyckas i vardagens rutiner, \u00e4n om de m\u00e5ste v\u00e4nta p\u00e5 en eventuellt kommande diagnos f\u00f6r att sedan f\u00e5 kontakt med arbetsterapeuter inom regionens barn- och ungdomshabilitering eller barn- och ungdomspsykiatri, beroende p\u00e5  diagnos. <\/p>\n<p>\u2013  Antalet remisser med fr\u00e5gest\u00e4llning st\u00f6d f\u00f6r tidsuppfattning och vardagsfungerande \u00f6kar g\u00e4llande barn i unga \u00e5r. En \u00f6kad samverkan mellan region och kommun kan bidra till att st\u00e4rka barn och ungas utveckling och bidra till en mer h\u00e5llbar v\u00e5rd, s\u00e4ger Sara Wallin Ahlstr\u00f6m.<\/p>\n<p>Intresset f\u00f6r forskningsomr\u00e5det bottnar i hennes eget m\u00e5ng\u00e5riga arbete inom barn- och ungdomshabiliteringen.<\/p>\n<p>\u2013 Min \u00f6nskan \u00e4r att sprida kunskap om den h\u00e4r metoden till f\u00f6rskolan s\u00e5 att barnen kan f\u00e5 hj\u00e4lp med dessa verktyg tidigare \u00e4n vad regionen kan erbjuda p\u00e5 grund av remisskrav. P\u00e5 sikt hoppas jag ocks\u00e5 att antalet remisser med dessa fr\u00e5gest\u00e4llningar kan minska till f\u00f6rm\u00e5n f\u00f6r andra insatser<\/p>\n<p>Vad visar forskningens resultat?<\/p>\n<p>Studien visar att f\u00f6rskolebarn, med och utan diagnos och\/eller handlingsplan, genom metoden Min Tid fick f\u00f6rst\u00e5else f\u00f6r tid i sin vardag. Barnen l\u00e4rde sig att sj\u00e4lva ta reda p\u00e5 tid f\u00f6r aktiviteter och att tiden g\u00e5r lika snabbt oavsett om n\u00e5got \u00e4r roligt eller tr\u00e5kigt. De kommunicerade ocks\u00e5 om tid med sina kompisar.<\/p>\n<p>F\u00f6rskolepersonalen upplevde metoden som enkel att anv\u00e4nda och v\u00e4rdefull f\u00f6r barnens skolstart. Barnen f\u00f6rb\u00e4ttrade \u00e4ven sin tidshantering hemma.<\/p>\n<p>\u2013 Avhandlingen visar att barnen blev tryggare och mer sj\u00e4lvst\u00e4ndiga med den h\u00e4r metoden, de fick en mer objektiv tidsuppfattning och kunde sj\u00e4lva f\u00f6lja tidens g\u00e5ng under dagen, s\u00e4ger Sara Wallin Ahlstr\u00f6m.<\/p>\n<p>Fakta om forskningen:<\/p>\n<ul>\n<li>Titel      p\u00e5 avhandlingen: Evaluation of MyTime, an intervention to increase      Time-Processing Ability, facilitating everyday functioning in preschool      children.<\/li>\n<li>\u00d6versatt      titel: Utv\u00e4rdering av Min Tid, en tr\u00e4ningsmetod f\u00f6r att \u00f6ka      tidsuppfattning och vardagsfungerande f\u00f6r f\u00f6rskolebarn.<\/li>\n<li>Genomf\u00f6rd inom 35 f\u00f6rskolegrupper i Region Dalarna med st\u00f6d av Centrum f\u00f6r Klinisk Forskning (CKF).<\/li>\n<li>Studiens      tidsperiod: 2018\u20132025.<\/li>\n<li>Forskningen      forts\u00e4tter i samarbete med forskarn\u00e4tverket TOVA, \u00d6rebro universitet, med      en ny studie som startar v\u00e5ren 2026 med finansiering fr\u00e5n Forte.<\/li>\n<\/ul>\n<p>L\u00e4nk till avhandlingen: <a href=\"https:\/\/mdh.diva-portal.org\/smash\/record.jsf?pid=diva2%3A2008028&amp;dswid=1807\" target=\"_blank\" rel=\"noopener nofollow\">Evaluation of MyTime, an intervention to increase Time-Processing Ability, facilitating everyday functioning in preschool children<\/a><\/p>\n<p>                <a href=\"https:\/\/www.mynewsdesk.com\/se\/regiondalarna\/pressreleases\/disputation-av-sara-wallin-ahlstroem-min-tid-en-traeningsmetod-som-oekar-foerskolebarns-tidsuppfattning-och-vardagsfungerande-3421791\" class=\"btn btn-outline-danger btn-sm\" target=\"_blank\" rel=\"nofollow noopener\">L\u00e4s pressmeddelandet p\u00e5 mynewsdesk.com<\/a><\/p>\n","protected":false},"excerpt":{"rendered":"&#13; &#13; &#13; Pressmeddelande \u2013 15 december 2025&#13; \u201dAtt tr\u00e4na tidsuppfattning i f\u00f6rskolan betyder att barn f\u00e5r r\u00e4tt&hellip;\n","protected":false},"author":2,"featured_media":106783,"comment_status":"","ping_status":"","sticky":false,"template":"","format":"standard","meta":{"footnotes":""},"categories":[12],"tags":[22,23,26,27,17,21,24,25,28,29,15,16,18,34,31,33,32,30,19,20],"class_list":{"0":"post-106782","1":"post","2":"type-post","3":"status-publish","4":"format-standard","5":"has-post-thumbnail","7":"category-sverige","8":"tag-breaking-news","9":"tag-breakingnews","10":"tag-featured-news","11":"tag-featurednews","12":"tag-headlines","13":"tag-huvudnyheter","14":"tag-latest-news","15":"tag-latestnews","16":"tag-main-news","17":"tag-mainnews","18":"tag-news","19":"tag-nyheter","20":"tag-rubriker","21":"tag-se","22":"tag-svenska","23":"tag-sverige","24":"tag-sweden","25":"tag-swedish","26":"tag-top-stories","27":"tag-topstories"},"share_on_mastodon":{"url":"https:\/\/pubeurope.com\/@se\/115723984340354403","error":""},"_links":{"self":[{"href":"https:\/\/www.europesays.com\/se\/wp-json\/wp\/v2\/posts\/106782","targetHints":{"allow":["GET"]}}],"collection":[{"href":"https:\/\/www.europesays.com\/se\/wp-json\/wp\/v2\/posts"}],"about":[{"href":"https:\/\/www.europesays.com\/se\/wp-json\/wp\/v2\/types\/post"}],"author":[{"embeddable":true,"href":"https:\/\/www.europesays.com\/se\/wp-json\/wp\/v2\/users\/2"}],"replies":[{"embeddable":true,"href":"https:\/\/www.europesays.com\/se\/wp-json\/wp\/v2\/comments?post=106782"}],"version-history":[{"count":0,"href":"https:\/\/www.europesays.com\/se\/wp-json\/wp\/v2\/posts\/106782\/revisions"}],"wp:featuredmedia":[{"embeddable":true,"href":"https:\/\/www.europesays.com\/se\/wp-json\/wp\/v2\/media\/106783"}],"wp:attachment":[{"href":"https:\/\/www.europesays.com\/se\/wp-json\/wp\/v2\/media?parent=106782"}],"wp:term":[{"taxonomy":"category","embeddable":true,"href":"https:\/\/www.europesays.com\/se\/wp-json\/wp\/v2\/categories?post=106782"},{"taxonomy":"post_tag","embeddable":true,"href":"https:\/\/www.europesays.com\/se\/wp-json\/wp\/v2\/tags?post=106782"}],"curies":[{"name":"wp","href":"https:\/\/api.w.org\/{rel}","templated":true}]}}