{"id":106784,"date":"2025-12-15T14:10:18","date_gmt":"2025-12-15T14:10:18","guid":{"rendered":"https:\/\/www.europesays.com\/se\/106784\/"},"modified":"2025-12-15T14:10:18","modified_gmt":"2025-12-15T14:10:18","slug":"15-december-06-48-trafikolycka-mellerud-polisen-se","status":"publish","type":"post","link":"https:\/\/www.europesays.com\/se\/106784\/","title":{"rendered":"15 december 06.48, Trafikolycka, Mellerud &#8211; polisen.se"},"content":{"rendered":"<ol>\n<li><a href=\"https:\/\/news.google.com\/rss\/articles\/CBMimwFBVV95cUxPSkpBa09NNWU4cVNqWGtCc090YThpS1ItT3B4Zmpfa1hlZTRQWWRCcDE0QjR1Y25DSGV1aFFqdWlXR2NqYXRzXzZDSk9odDItWVZOVzM2Vl9DQ1RWcHgzZk1RY1h3LXF5dFRxMnl1THlJblRSdnFOc1RrczlQMHJHM0xJSG1UODhKSHhocU54cGZvYlNBMjA1WFBtNA?oc=5\" target=\"_blank\" rel=\"nofollow noopener\">15 december 06.48, Trafikolycka, Mellerud<\/a>&nbsp;&nbsp;polisen.se<\/li>\n<li><a href=\"https:\/\/news.google.com\/rss\/articles\/CBMinAFBVV95cUxNX0JqMnZQMUpfRTA5ZFlKU0FZTmp4M2piZ2d6U3NQY192ck1WZVQ5TkhZMVV1WTcwdmJ2QzM5ck9Yd0ZhR1lEclh4OHluYmtXUnh1ODB3eE9KUzVncmplVEFKWTVGbmRlQkFoY0RweHJfVHZkQ1pBSUpsc2ZTMm11ZkVHMFY0WGE1TkcxOUo4YkVjVDJUSGNCWC1Pa3c?oc=5\" target=\"_blank\" rel=\"nofollow noopener\">Tv\u00e5 bilar i kollision \u2013 en person f\u00f6rd till sjukhus<\/a>&nbsp;&nbsp;Dalsl\u00e4nningen<\/li>\n<li><a href=\"https:\/\/news.google.com\/rss\/articles\/CBMiowFBVV95cUxOSjEwUlRKTG51NGlneGVOeTBsY0JybVl5YVR3MUdqTXpXTlhzSzY4VnRCWkc3YnJTNG1DeEVuZmt2bkduUEdtNFIwdmFUX1lFTk1sVGl6VEd4d0NSZzZiemZOaHVNVDhoV2tEcl9pc0lIaGJaWFBWM3BCYVNJdWtueVV0TmFxcTdMb194bHpCLVc0cFNsQWRuaVZpSlMtcHdZYnFB?oc=5\" target=\"_blank\" rel=\"nofollow noopener\">Singelolycka p\u00e5verkar trafiken p\u00e5 v\u00e4g 166 \u2013 v\u00e4gen \u00e4r helt avst\u00e4ngd<\/a>&nbsp;&nbsp;NWT<\/li>\n<li><a href=\"https:\/\/news.google.com\/rss\/articles\/CBMingFBVV95cUxQZUpPTXNEc0daOXlXNTJXem03YThzeU1XWm9EM2djcmdnYjFpdXNJVkEwT3lHakxfMFNXVnc3cXl4dmhTcXFwMGllY05FeXZTZ2pPOTcxaUw2RXByem5XWHlKYjVYWDhYdTZrYXBJQTVKOWVFZnktWmVMV2lUM1NKbEU5OS1pc0FVY25WWGNXcjFEckp4ZUt2bG55SkZQUQ?oc=5\" target=\"_blank\" rel=\"nofollow noopener\">Polisanm\u00e4lan efter dikesk\u00f6rning \u2013 misst\u00e4nkt smitning<\/a>&nbsp;&nbsp;Dalsl\u00e4nningen<\/li>\n<li><a href=\"https:\/\/news.google.com\/rss\/articles\/CBMiowFBVV95cUxQYkY4NVFFTXE3cE00dEU3QS0wanpHUUJoZ3BtNl9GR0tkQ0JlbjNJN0ZlbWtSdWJLWXQ3eXR0UjlsNXVwbFE3dVZSRFNtRlZZTWdOd3VtcEZqdzYxaHRnb0Q2UTdfVlMwMnZuSTlybDVfc2lnQmRBXzdVcVEtR3duXy1RdUt2eU1FOGh6bFVvalRvajJZQjRpVW1iZWNoTGpQOXow?oc=5\" target=\"_blank\" rel=\"nofollow noopener\">En person till sjukhus med ambulans efter dikesk\u00f6rning<\/a>&nbsp;&nbsp;Dalsl\u00e4nningen<\/li>\n<\/ol>\n","protected":false},"excerpt":{"rendered":"15 december 06.48, Trafikolycka, Mellerud&nbsp;&nbsp;polisen.se Tv\u00e5 bilar i kollision \u2013 en person f\u00f6rd till sjukhus&nbsp;&nbsp;Dalsl\u00e4nningen Singelolycka p\u00e5verkar trafiken&hellip;\n","protected":false},"author":2,"featured_media":54,"comment_status":"","ping_status":"","sticky":false,"template":"","format":"standard","meta":{"footnotes":""},"categories":[5],"tags":[22,23,26,27,17,21,24,25,28,29,15,16,18,34,31,33,32,30,19,20],"class_list":{"0":"post-106784","1":"post","2":"type-post","3":"status-publish","4":"format-standard","5":"has-post-thumbnail","7":"category-rubriker","8":"tag-breaking-news","9":"tag-breakingnews","10":"tag-featured-news","11":"tag-featurednews","12":"tag-headlines","13":"tag-huvudnyheter","14":"tag-latest-news","15":"tag-latestnews","16":"tag-main-news","17":"tag-mainnews","18":"tag-news","19":"tag-nyheter","20":"tag-rubriker","21":"tag-se","22":"tag-svenska","23":"tag-sverige","24":"tag-sweden","25":"tag-swedish","26":"tag-top-stories","27":"tag-topstories"},"share_on_mastodon":{"url":"https:\/\/pubeurope.com\/@se\/115723988101675367","error":""},"_links":{"self":[{"href":"https:\/\/www.europesays.com\/se\/wp-json\/wp\/v2\/posts\/106784","targetHints":{"allow":["GET"]}}],"collection":[{"href":"https:\/\/www.europesays.com\/se\/wp-json\/wp\/v2\/posts"}],"about":[{"href":"https:\/\/www.europesays.com\/se\/wp-json\/wp\/v2\/types\/post"}],"author":[{"embeddable":true,"href":"https:\/\/www.europesays.com\/se\/wp-json\/wp\/v2\/users\/2"}],"replies":[{"embeddable":true,"href":"https:\/\/www.europesays.com\/se\/wp-json\/wp\/v2\/comments?post=106784"}],"version-history":[{"count":0,"href":"https:\/\/www.europesays.com\/se\/wp-json\/wp\/v2\/posts\/106784\/revisions"}],"wp:featuredmedia":[{"embeddable":true,"href":"https:\/\/www.europesays.com\/se\/wp-json\/wp\/v2\/media\/54"}],"wp:attachment":[{"href":"https:\/\/www.europesays.com\/se\/wp-json\/wp\/v2\/media?parent=106784"}],"wp:term":[{"taxonomy":"category","embeddable":true,"href":"https:\/\/www.europesays.com\/se\/wp-json\/wp\/v2\/categories?post=106784"},{"taxonomy":"post_tag","embeddable":true,"href":"https:\/\/www.europesays.com\/se\/wp-json\/wp\/v2\/tags?post=106784"}],"curies":[{"name":"wp","href":"https:\/\/api.w.org\/{rel}","templated":true}]}}