{"id":106805,"date":"2025-12-15T14:29:10","date_gmt":"2025-12-15T14:29:10","guid":{"rendered":"https:\/\/www.europesays.com\/se\/106805\/"},"modified":"2025-12-15T14:29:10","modified_gmt":"2025-12-15T14:29:10","slug":"heta-gruppen-gor-comeback-i-huskvarna-jonkopings-posten","status":"publish","type":"post","link":"https:\/\/www.europesays.com\/se\/106805\/","title":{"rendered":"Heta gruppen g\u00f6r comeback i Huskvarna \u2013 J\u00f6nk\u00f6pings-Posten"},"content":{"rendered":"<p>P\u00e5 senare \u00e5r har det blivit en tradition i Huskvarna Folkets park att anordna <a class=\"article__content-link\" href=\"https:\/\/www.jp.se\/2025-06-06\/festlig-nationaldag-i-huskvarna-folkets-park\/\" rel=\"nofollow noopener\" target=\"_blank\">Barnens festivaldag p\u00e5 nationaldagen<\/a>. Trycket brukar vara h\u00f6gt n\u00e4r det ordnas spelningar och aktiviteter med fokus mot barn och familjer.<\/p>\n<p>Den 6 juni n\u00e4sta \u00e5r kommer rockgruppen Smash Into Pieces att st\u00e5 p\u00e5 scen, meddelar Huskvarna Folkets park i ett pressmeddelande.<\/p>\n<p>Det \u00e4r tredje g\u00e5ngen gruppen kommer till parken. <\/p>\n<p>Smash into pieces, som bildades i \u00d6rebro, har hits som \u201dSix feet under\u201d och \u201dHeroes are calling\u201d fr\u00e5n Melodifestivalen 2023 respektive 2024. Gruppen kommer \u00e4ven att t\u00e4vla i Mello 2026, med en l\u00e5t som heter \u201dHollow\u201d.<\/p>\n<p>Barnens festivaldag arrangeras med st\u00f6d av LF J\u00f6nk\u00f6ping.<\/p>\n<p><strong>L\u00c4S MER: <\/strong><a class=\"article__content-link\" href=\"https:\/\/www.jp.se\/2025-09-05\/ung-publik-nar-rockidoler-kom-till-folkparken\/\" rel=\"nofollow noopener\" target=\"_blank\">Ung publik n\u00e4r rockidoler kom till folkparken<\/a><\/p>\n","protected":false},"excerpt":{"rendered":"P\u00e5 senare \u00e5r har det blivit en tradition i Huskvarna Folkets park att anordna Barnens festivaldag p\u00e5 nationaldagen.&hellip;\n","protected":false},"author":2,"featured_media":106806,"comment_status":"","ping_status":"","sticky":false,"template":"","format":"standard","meta":{"footnotes":""},"categories":[67],"tags":[104,34,31,33,32,30,105],"class_list":{"0":"post-106805","1":"post","2":"type-post","3":"status-publish","4":"format-standard","5":"has-post-thumbnail","7":"category-underhallning","8":"tag-entertainment","9":"tag-se","10":"tag-svenska","11":"tag-sverige","12":"tag-sweden","13":"tag-swedish","14":"tag-underhallning"},"share_on_mastodon":{"url":"https:\/\/pubeurope.com\/@se\/115724062768954724","error":""},"_links":{"self":[{"href":"https:\/\/www.europesays.com\/se\/wp-json\/wp\/v2\/posts\/106805","targetHints":{"allow":["GET"]}}],"collection":[{"href":"https:\/\/www.europesays.com\/se\/wp-json\/wp\/v2\/posts"}],"about":[{"href":"https:\/\/www.europesays.com\/se\/wp-json\/wp\/v2\/types\/post"}],"author":[{"embeddable":true,"href":"https:\/\/www.europesays.com\/se\/wp-json\/wp\/v2\/users\/2"}],"replies":[{"embeddable":true,"href":"https:\/\/www.europesays.com\/se\/wp-json\/wp\/v2\/comments?post=106805"}],"version-history":[{"count":0,"href":"https:\/\/www.europesays.com\/se\/wp-json\/wp\/v2\/posts\/106805\/revisions"}],"wp:featuredmedia":[{"embeddable":true,"href":"https:\/\/www.europesays.com\/se\/wp-json\/wp\/v2\/media\/106806"}],"wp:attachment":[{"href":"https:\/\/www.europesays.com\/se\/wp-json\/wp\/v2\/media?parent=106805"}],"wp:term":[{"taxonomy":"category","embeddable":true,"href":"https:\/\/www.europesays.com\/se\/wp-json\/wp\/v2\/categories?post=106805"},{"taxonomy":"post_tag","embeddable":true,"href":"https:\/\/www.europesays.com\/se\/wp-json\/wp\/v2\/tags?post=106805"}],"curies":[{"name":"wp","href":"https:\/\/api.w.org\/{rel}","templated":true}]}}