{"id":106813,"date":"2025-12-15T14:36:27","date_gmt":"2025-12-15T14:36:27","guid":{"rendered":"https:\/\/www.europesays.com\/se\/106813\/"},"modified":"2025-12-15T14:36:27","modified_gmt":"2025-12-15T14:36:27","slug":"noah-ostlund-kallades-upp-till-nhl-blev-malskytt-direkt","status":"publish","type":"post","link":"https:\/\/www.europesays.com\/se\/106813\/","title":{"rendered":"Noah \u00d6stlund kallades upp till NHL \u2013 blev m\u00e5lskytt direkt"},"content":{"rendered":"<p><strong>Noah \u00d6stlund blev uppkallad till NHL igen i helgen.<br \/>21-\u00e5ringen tackade f\u00f6r f\u00f6rtroendet genom att bli m\u00e5lskytt i Buffalos 3\u20131-seger \u00f6ver Seattle.<br \/>\u2013 Det var ett viktigt m\u00e5l, s\u00e4ger han.<\/strong><\/p>\n<p><img loading=\"lazy\" decoding=\"async\" width=\"1024\" height=\"658\" src=\"https:\/\/www.europesays.com\/se\/wp-content\/uploads\/2025\/12\/251130BB232-1024x658.webp.webp\" alt=\"\" class=\"wp-image-336646\"  \/>Noah \u00d6stlund.<br \/><strong>Foto:<\/strong> Matt Krohn\/Imagn Images\/Bildbyr\u00e5n<\/p>\n<p>Efter att <a href=\"https:\/\/hockeysverige.se\/spelare\/noah-ostlund\" rel=\"nofollow noopener\" target=\"_blank\">Noah \u00d6stlund<\/a> f\u00f6rra helgen skickats ned till <a href=\"https:\/\/hockeysverige.se\/ahl\" rel=\"nofollow noopener\" target=\"_blank\">AHL<\/a> efter att ha producerat en po\u00e4ng p\u00e5 nio matcher blev det bara en match i farmarligan under veckan, <a href=\"https:\/\/hockeysverige.se\/nhl\/noah-ostlund-kallas-upp-igen-buffalo-sabres-nhl\/\" rel=\"nofollow noopener\" target=\"_blank\">innan \u00d6stlund i helgen blev uppkallad<\/a> till <a href=\"https:\/\/hockeysverige.se\/nhl\" rel=\"nofollow noopener\" target=\"_blank\">NHL<\/a> av <a href=\"https:\/\/hockeysverige.se\/klubb\/buffalo-sabres\" rel=\"nofollow noopener\" target=\"_blank\">Buffalo<\/a>.<\/p>\n<p>Den svenske 21-\u00e5ringen tackade f\u00f6r f\u00f6rtroendet genom att skriva in sig i m\u00e5lprotokollet direkt i 3\u20131-segern mot <a href=\"https:\/\/hockeysverige.se\/klubb\/seattle-kraken\" rel=\"nofollow noopener\" target=\"_blank\">Seattle Kraken<\/a>. \u00d6stlund \u00f6ppnade matchens m\u00e5lskytte d\u00e5 han i sluttampen av den f\u00f6rsta perioden avslutade ett tv\u00e5-mot-ett-l\u00e4ge genom att \u00f6verlista Joey Daccord.<\/p>\n<p>\u2013 Det var ett viktigt m\u00e5l. Det var ett stort m\u00e5l f\u00f6r matchen och det var kul att f\u00e5 ig\u00e5ng killarna lite, s\u00e4ger \u00d6stlund.<\/p>\n<p>Har gjort sju po\u00e4ng i NHL den h\u00e4r s\u00e4songen<\/p>\n<p>\u00d6stlund har spelat merparten av s\u00e4songen i NHL med Buffalo, d\u00e4r han nu producerat sju po\u00e4ng (4+3) p\u00e5 21 matcher f\u00f6r Sabres. I AHL har det blivit sju matcher f\u00f6r svensken, som d\u00e4r producerat totalt tio po\u00e4ng (3+7).<\/p>\n<p>Sabres vann nattens match med 3\u20131 sedan Tage Thompson och Zach Benson ocks\u00e5 blivit m\u00e5lskyttar f\u00f6r Sabres, medan Chandler Stephenson stod f\u00f6r Seattles enda m\u00e5l i matchen. <\/p>\n<p><strong>Seattle Kraken \u2013 Buffalo Sabres 1\u20133<br \/>Seattle: <\/strong>Chandler Stephenson (6).<br \/><strong>Buffalo:<\/strong> Noah \u00d6stlund (4), Tage Thompson (16), Zach Benson (2).<\/p>\n<p>Se matchens h\u00f6jdpunkter i videospelaren.<\/p>\n","protected":false},"excerpt":{"rendered":"Noah \u00d6stlund blev uppkallad till NHL igen i helgen.21-\u00e5ringen tackade f\u00f6r f\u00f6rtroendet genom att bli m\u00e5lskytt i Buffalos&hellip;\n","protected":false},"author":2,"featured_media":106814,"comment_status":"","ping_status":"","sticky":false,"template":"","format":"standard","meta":{"footnotes":""},"categories":[68],"tags":[247,34,133,111,110,31,33,32,30],"class_list":{"0":"post-106813","1":"post","2":"type-post","3":"status-publish","4":"format-standard","5":"has-post-thumbnail","7":"category-sport","8":"tag-nhl","9":"tag-se","10":"tag-second-news","11":"tag-sport","12":"tag-sports","13":"tag-svenska","14":"tag-sverige","15":"tag-sweden","16":"tag-swedish"},"share_on_mastodon":{"url":"https:\/\/pubeurope.com\/@se\/115724090819137817","error":""},"_links":{"self":[{"href":"https:\/\/www.europesays.com\/se\/wp-json\/wp\/v2\/posts\/106813","targetHints":{"allow":["GET"]}}],"collection":[{"href":"https:\/\/www.europesays.com\/se\/wp-json\/wp\/v2\/posts"}],"about":[{"href":"https:\/\/www.europesays.com\/se\/wp-json\/wp\/v2\/types\/post"}],"author":[{"embeddable":true,"href":"https:\/\/www.europesays.com\/se\/wp-json\/wp\/v2\/users\/2"}],"replies":[{"embeddable":true,"href":"https:\/\/www.europesays.com\/se\/wp-json\/wp\/v2\/comments?post=106813"}],"version-history":[{"count":0,"href":"https:\/\/www.europesays.com\/se\/wp-json\/wp\/v2\/posts\/106813\/revisions"}],"wp:featuredmedia":[{"embeddable":true,"href":"https:\/\/www.europesays.com\/se\/wp-json\/wp\/v2\/media\/106814"}],"wp:attachment":[{"href":"https:\/\/www.europesays.com\/se\/wp-json\/wp\/v2\/media?parent=106813"}],"wp:term":[{"taxonomy":"category","embeddable":true,"href":"https:\/\/www.europesays.com\/se\/wp-json\/wp\/v2\/categories?post=106813"},{"taxonomy":"post_tag","embeddable":true,"href":"https:\/\/www.europesays.com\/se\/wp-json\/wp\/v2\/tags?post=106813"}],"curies":[{"name":"wp","href":"https:\/\/api.w.org\/{rel}","templated":true}]}}