{"id":106815,"date":"2025-12-15T14:37:18","date_gmt":"2025-12-15T14:37:18","guid":{"rendered":"https:\/\/www.europesays.com\/se\/106815\/"},"modified":"2025-12-15T14:37:18","modified_gmt":"2025-12-15T14:37:18","slug":"inred-med-arets-farg-2026-cloud-dancer","status":"publish","type":"post","link":"https:\/\/www.europesays.com\/se\/106815\/","title":{"rendered":"Inred med \u00e5rets f\u00e4rg 2026: Cloud dancer"},"content":{"rendered":"<p>share-arrowDela<\/p>\n<p>unsaveSpara<\/p>\n<p class=\"boxtextgrotesk-root_baa6 hyperion-css-1mfqjd2\">Artikeln inneh\u00e5ller annonsl\u00e4nkar<\/p>\n<p><img decoding=\"async\" class=\"image-asset hyperion-css-u06ts1\" data-test-tag=\"image-asset\" src=\"https:\/\/www.europesays.com\/se\/wp-content\/uploads\/2025\/12\/551a0bb0-99d9-4bfe-b1c9-bd6a19acdcca\"  alt=\"\"  loading=\"eager\" fetchpriority=\"high\" style=\"aspect-ratio:1436 \/ 615\"\/><\/p>\n<p class=\"hyperion-css-18uzxi5\" data-test-tag=\"lead-text\">Ett nytt \u00e5r kan k\u00e4nnas lite som ett blankt, oskrivet blad.<\/p>\n<p class=\"hyperion-css-18uzxi5\" data-test-tag=\"lead-text\">Nu kan du maxa den k\u00e4nslan 2026 genom att inreda hemma med \u00e5rets trendf\u00e4rg enligt Pantone. <\/p>\n<p class=\"hyperion-css-18uzxi5\" data-test-tag=\"lead-text\">S\u00e5 g\u00f6r du.<\/p>\n<p class=\"hyperion-css-1gtk2ds\">F\u00f6r n\u00e5gra \u00e5r sedan var den vita inredningen den allra mest popul\u00e4ra. Vi skulle ha ljust och fr\u00e4scht hemma och olika nyanser av vitt diskuterades flitigt. Det pratades om \u00e4ggskalsvitt och stockholmsvitt \u00f6verallt. Sedan byttes det ut mot den mer ombonade k\u00e4nslan som kontrast mot det ljusa. <\/p>\n<p class=\"hyperion-css-1gtk2ds\">2026 \u00e4r vi tillbaka till det vita igen. I alla fall om Pantone f\u00e5r s\u00e4ga sitt. F\u00e4rginstitutet har n\u00e4mligen utsett en vit nyans till \u00e5rets f\u00e4rg 2026. De kallar kul\u00f6ren Cloud dancer och den \u00e4r t\u00e4nkt att fungera som ett blankt blad f\u00f6r lugn harmoni i en h\u00f6gljudd v\u00e4rld. <\/p>\n<p class=\"hyperion-css-1gtk2ds\">Valet av f\u00e4rgen motiveras \u00e4ven med att vitt till\u00e5ter andra f\u00e4rger att f\u00e5 skina \u2013 och det \u00e4r precis s\u00e5 vi b\u00f6r inreda med vitt 2026. Anv\u00e4nd den vita inredningen som en harmonisk bas och tills\u00e4tt sedan f\u00e4rger som kommer att poppa p\u00e5 ett nytt s\u00e4tt. <\/p>\n<p class=\"hyperion-css-1gtk2ds\">H\u00e4r \u00e4r n\u00e5gra riktigt snygga inredningstips i \u00e5rets trendf\u00e4rg f\u00f6r 2026.<\/p>\n<p>FAKTAOm \u00e5rets f\u00e4rg<\/p>\n<p class=\"hyperion-css-1lppet9\">Varje \u00e5r utser f\u00f6retaget Pantone det kommande \u00e5rets f\u00e4rg. Ett val som de baserar p\u00e5 en analys av r\u00e5dande trender och influenser f\u00f6r den kommande s\u00e4songen. \u00c5rets f\u00e4rg f\u00f6r 2026 sl\u00e4pptes den 4 december. Pantone har tillk\u00e4nnagett \u00c5rets f\u00e4rg sedan 1999. F\u00e4rgen f\u00f6r 2025 blev en brun nyans vid namn \u201dMocha mousse\u201d och 2024 blev det en kr\u00e4mig persikof\u00e4rg som kallades \u201dPeach fuzz\u201d<\/p>\n<p>L\u00e4s merVit stor fuskp\u00e4lsmatta<img decoding=\"async\" class=\"image-asset hyperion-css-u06ts1\" data-test-tag=\"image-asset\" src=\"https:\/\/www.europesays.com\/se\/wp-content\/uploads\/2025\/12\/046a40e8-8439-42e9-ac6f-23d1423a23d2\"  alt=\"\"  loading=\"eager\" fetchpriority=\"high\" style=\"aspect-ratio:781 \/ 838\"\/><\/p>\n<p class=\"hyperion-css-1gtk2ds\">Kul och uppfriskande med en matta i fuskp\u00e4ls! T\u00e4nk s\u00e5 mysigt att g\u00e5 runt barfota p\u00e5 den h\u00e4r mjuka mattan. Jag hade haft den i sovrummet helt klart. Mattan har en strukturm\u00f6nstrad, lite bubblig yta, som ger ett mer levande material. Ett tips \u00e4r att satsa p\u00e5 ett halkskydd under mattan, en liten investering som kommer g\u00f6ra stor skillnad!<\/p>\n<p>Kuddfodral<img decoding=\"async\" class=\"image-asset hyperion-css-u06ts1\" data-test-tag=\"image-asset\" src=\"https:\/\/www.europesays.com\/se\/wp-content\/uploads\/2025\/12\/d746bc30-126e-4986-bf10-028195efc2fc\"  alt=\"\"  loading=\"eager\" fetchpriority=\"high\" style=\"aspect-ratio:796 \/ 766\"\/><\/p>\n<p class=\"hyperion-css-1gtk2ds\">Att byta ut textilierna hemma kan g\u00f6ra stor skillnad. Det h\u00e4r kuddfodralet har ett handgjort, unikt m\u00f6nster, som ger levande detaljer trots att den enbart \u00e4r vit. Den \u00e4r gjord i mjuk bomull i 50 cm x 50 cm vilket \u00e4r standardm\u00e5ttet f\u00f6r innerkuddar.  Kom ih\u00e5g att k\u00f6pa en kudde ocks\u00e5 om du inte har n\u00e5gon redan.<\/p>\n<p>Vas fr\u00e5n Louise Roe<img decoding=\"async\" class=\"image-asset hyperion-css-u06ts1\" data-test-tag=\"image-asset\" src=\"https:\/\/www.europesays.com\/se\/wp-content\/uploads\/2025\/12\/e7cb4fac-1de8-44a7-a258-8a255676763e\"  alt=\"\"  loading=\"eager\" fetchpriority=\"high\" style=\"aspect-ratio:769 \/ 467\"\/><\/p>\n<p class=\"hyperion-css-1gtk2ds\">Den h\u00e4r vasen, som heter Balloon, har varit v\u00e4ldigt omtyckt i flera \u00e5r nu. Den kommer fr\u00e5n danska Louise Roe och finns i b\u00e5de keramik som munbl\u00e5st glas. Denna \u00e4r i vitt glas och tillsammans med en f\u00e4rgsprakande blombukett kommer den vara s\u00e5 tjusig i hemmet.<\/p>\n<p>Mysig f\u00e5t\u00f6lj<img decoding=\"async\" class=\"image-asset hyperion-css-u06ts1\" data-test-tag=\"image-asset\" src=\"https:\/\/www.europesays.com\/se\/wp-content\/uploads\/2025\/12\/d230ce0f-38f8-4071-a7e4-9e744c3f00c6\"  alt=\"\"  loading=\"eager\" fetchpriority=\"high\" style=\"aspect-ratio:753 \/ 575\"\/><\/p>\n<p class=\"hyperion-css-1gtk2ds\">Kul med en f\u00e5t\u00f6lj utan ben tycker jag! Den h\u00e4r f\u00e5t\u00f6ljen kommer fr\u00e5n Jotex och visst ser den riktigt inbjudande ut? Den \u00e4r arml\u00f6s i ett lyxigt chenilletyg med mjuk och sk\u00f6n sits. Ha i l\u00e4sh\u00f6rnan, framf\u00f6r tv:n eller varf\u00f6r inte i sovrummet? <\/p>\n<p>Soft serve bordslampa<img decoding=\"async\" class=\"image-asset hyperion-css-u06ts1\" data-test-tag=\"image-asset\" src=\"https:\/\/www.europesays.com\/se\/wp-content\/uploads\/2025\/12\/97091369-bb35-411f-9a6f-68cd213ddc65\"  alt=\"\"  loading=\"eager\" fetchpriority=\"high\" style=\"aspect-ratio:858 \/ 587\"\/><\/p>\n<p class=\"hyperion-css-1gtk2ds\">En av mina personliga favoritlampor \u00e4r just denna Soft serve-lampa fr\u00e5n Cr\u00e8me Atelier. Den finns i flera fina f\u00e4rger och sj\u00e4lvklart \u00e4ven i \u00e5rets f\u00e4rg: vitt. Den har versionen \u00e4r sladdl\u00f6s och portabel med tre dimbara l\u00e4gen, vilket g\u00f6r att du kan anpassa belysningen beroende p\u00e5 syssla. Visste du att formen inspirerats av mjukglass? D\u00e4rav namnet Soft serve!<\/p>\n<p class=\"hyperion-css-1gtk2ds\"><a aria-label=\"L\u00e4s mer om bordslampan fr\u00e5n Cr\u00e8me Atelier och k\u00f6p den hos Royal design h\u00e4r.\" class=\"harligthemma_feature hyperion-css-15jkft9\" href=\"https:\/\/royaldesign.se\/soft-serve-portable-bordslampa?p=391828\" rel=\"noopener nofollow noreferrer\" data-test-tag=\"external-link\" target=\"_blank\">L\u00e4s mer om bordslampan fr\u00e5n Cr\u00e8me Atelier och k\u00f6p den hos Royal design h\u00e4r.<\/a><\/p>\n<p>Gardiner<img decoding=\"async\" class=\"image-asset hyperion-css-u06ts1\" data-test-tag=\"image-asset\" src=\"https:\/\/www.europesays.com\/se\/wp-content\/uploads\/2025\/12\/6a465ee0-4573-48cf-84d6-22f970dcd7c1\"  alt=\"\"  loading=\"eager\" fetchpriority=\"high\" style=\"aspect-ratio:780 \/ 1181\"\/><\/p>\n<p class=\"hyperion-css-1gtk2ds\">Vita gardiner \u00e4r ju inte direkt n\u00e5gon trend, utan en klassiker som alltid passar i alla rum. Men visst kan vit dekoration tillsammans med just vita gardiner skapa en fin harmoni hemma! Dessa gardiner \u00e4r i linne och s\u00e4ljs i tv\u00e5pack. De har s\u00e5 kallade multiband, vilket m\u00f6jligg\u00f6r flera olika typer av h\u00e4ngning.<\/p>\n<p>Skulptur fr\u00e5n Bloomingville<img decoding=\"async\" class=\"image-asset hyperion-css-u06ts1\" data-test-tag=\"image-asset\" src=\"https:\/\/www.europesays.com\/se\/wp-content\/uploads\/2025\/12\/406c8ca3-b66d-48b9-8192-cd5b051de0c5\"  alt=\"\"  loading=\"eager\" fetchpriority=\"high\" style=\"aspect-ratio:812 \/ 581\"\/><\/p>\n<p class=\"hyperion-css-1gtk2ds\">Vill du ha dekoration till bokhyllan eller ovanp\u00e5 en sk\u00e4nk? D\u00e5 kanske den h\u00e4r fina knuten fr\u00e5n Bloomingville kanske passar hos dig. Den \u00e4r av vit marmor och har tre delar som alla \u00e4r sammanl\u00e4nkade med varandra. <\/p>\n<p class=\"hyperion-css-1gtk2ds\"><a aria-label=\"L\u00e4s mer om dekorationen och k\u00f6p hos den Boozt h\u00e4r.\" class=\"harligthemma_feature hyperion-css-15jkft9\" href=\"https:\/\/www.boozt.com\/se\/sv\/bloomingville\/adee-deco-white-marble_33021631\/231785682\" rel=\"noopener nofollow noreferrer\" data-test-tag=\"external-link\" target=\"_blank\">L\u00e4s mer om dekorationen och k\u00f6p hos den Boozt h\u00e4r.<\/a><\/p>\n<p>Handduksset med hotellk\u00e4nsla<img decoding=\"async\" class=\"image-asset hyperion-css-u06ts1\" data-test-tag=\"image-asset\" src=\"https:\/\/www.europesays.com\/se\/wp-content\/uploads\/2025\/12\/e70cb0e3-0025-4f0f-a491-3c8ddd40cc36\"  alt=\"\"  loading=\"eager\" fetchpriority=\"high\" style=\"aspect-ratio:787 \/ 633\"\/><\/p>\n<p class=\"hyperion-css-1gtk2ds\">Vita handdukar p\u00e5minner om hotell tycker jag! Det \u00e4r riktigt fr\u00e4scht att ha hemma. H\u00e4r kan du hitta ett set om sex handdukar d\u00e4r f\u00e5r tre olika storlekar \u00e1 tv\u00e5 av varje. De \u00e4r i mjuk och sk\u00f6n bomullsfrott\u00e9. <\/p>\n<p>Gatto bordslampa fr\u00e5n FlosK\u00e4nd fr\u00e5n P\u00e5 Sp\u00e5ret!<img decoding=\"async\" class=\"image-asset hyperion-css-u06ts1\" data-test-tag=\"image-asset\" src=\"https:\/\/www.europesays.com\/se\/wp-content\/uploads\/2025\/12\/65a4556e-6355-4f90-9eca-cb183e60c351\"  alt=\"\"  loading=\"eager\" fetchpriority=\"high\" style=\"aspect-ratio:744 \/ 664\"\/><\/p>\n<p class=\"hyperion-css-1gtk2ds\">Bordslampan Gatto kr\u00e4ver knappt n\u00e5gon introduktion. Denna designklassiker, skapad av Achille och Pier Giacomo Castiglioni \u00e4r v\u00e4lk\u00e4nd! Faktum \u00e4r att den just nu kan ses i P\u00e5 Sp\u00e5ret p\u00e5 fredagarna p\u00e5 SVT. Spana bakom Fredrik och Kristian n\u00e4sta g\u00e5ng och se om du ser den. Flos designades 1960 och finns i tv\u00e5 olika storlekar. <\/p>\n<p>P\u00e5slakanset i krispigt vitt<img decoding=\"async\" class=\"image-asset hyperion-css-u06ts1\" data-test-tag=\"image-asset\" src=\"https:\/\/www.europesays.com\/se\/wp-content\/uploads\/2025\/12\/ebae6ead-0d1f-4d54-a369-0635455b9b25\"  alt=\"\"  loading=\"eager\" fetchpriority=\"high\" style=\"aspect-ratio:780 \/ 1152\"\/><\/p>\n<p class=\"hyperion-css-1gtk2ds\">Precis som med vita handdukar \u00e4r ett vitt b\u00e4ddset ocks\u00e5 lyxigt och f\u00f6r tankarna till hotellrum. Skapa ditt eget hemma med det h\u00e4r p\u00e5slakansetet, vettja! Det finns i tv\u00e5 olika storlekar och har en tr\u00e5dt\u00e4thet p\u00e5 144 tc. I nederkanten hittar du tryckknappar, vilket jag tycker \u00e4r den b\u00e4sta l\u00f6sningen p\u00e5 lakan.<\/p>\n<p>Handgjord sk\u00e5l<img decoding=\"async\" class=\"image-asset hyperion-css-u06ts1\" data-test-tag=\"image-asset\" src=\"https:\/\/www.europesays.com\/se\/wp-content\/uploads\/2025\/12\/8bc27dfc-9406-4182-8852-facbaeafde51\"  alt=\"\"  loading=\"eager\" fetchpriority=\"high\" style=\"aspect-ratio:882 \/ 690\"\/><\/p>\n<p class=\"hyperion-css-1gtk2ds\">Fin sk\u00e5l inspirerad av de vita byggnaderna p\u00e5 Santorini. Sk\u00e5len \u00e4r handgjord ur ett enda marmorblock faktiskt och en sk\u00e5l tar en hel dag att tillverka. Snacka om konstverk! Den h\u00e4r sk\u00e5len \u00e4r riktigt fin att ha framme oavsett om du fyller den med n\u00e5got eller l\u00e5ter st\u00e5 som den \u00e4r.<\/p>\n<p class=\"hyperion-css-1gtk2ds\"><a aria-label=\"L\u00e4s mer om sk\u00e5len och k\u00f6p den hos Westwing h\u00e4r.\" class=\"harligthemma_feature hyperion-css-15jkft9\" href=\"https:\/\/www.westwing.se\/handgjord-dekorationsskal-santorini-i-marmor-santorini-o-31-cm-sv-22wes93616.html?\" rel=\"noopener nofollow noreferrer\" data-test-tag=\"external-link\" target=\"_blank\">L\u00e4s mer om sk\u00e5len och k\u00f6p den hos Westwing h\u00e4r.<\/a><\/p>\n<p>Skulptur<img decoding=\"async\" class=\"image-asset hyperion-css-u06ts1\" data-test-tag=\"image-asset\" src=\"https:\/\/www.europesays.com\/se\/wp-content\/uploads\/2025\/12\/bc2947b4-95fe-470c-90e1-8b0990d98c0f\"  alt=\"\"  loading=\"eager\" fetchpriority=\"high\" style=\"aspect-ratio:484 \/ 365\"\/><\/p>\n<p class=\"hyperion-css-1gtk2ds\">Kul med en kvinnokropp som skulptur tycker jag. Den h\u00e4r \u00e4r designad av Lene Bjerre och \u00e4r supersnygg att ha i bokhyllan eller p\u00e5 n\u00e5got sidobord. Serien som denna figur \u00e4r en del av kallas Serafina och det finns fler att matcha med om du \u00e4r sugen.<\/p>\n<p class=\"hyperion-css-1gtk2ds\"><a aria-label=\"L\u00e4s mer om figuren och k\u00f6p den hos Boozt h\u00e4r.\" class=\"harligthemma_feature hyperion-css-15jkft9\" href=\"https:\/\/www.boozt.com\/se\/sv\/lene-bjerre\/serafina-figurine_32293122\/226548046\" rel=\"noopener nofollow noreferrer\" data-test-tag=\"external-link\" target=\"_blank\">L\u00e4s mer om figuren och k\u00f6p den hos Boozt h\u00e4r.<\/a><\/p>\n<p>FAKTATexten inneh\u00e5ller annonsl\u00e4nkar<\/p>\n<p class=\"hyperion-css-1lppet9\">Produkterna i denna artikel \u00e4r utvalda av Aftonbladet, utan p\u00e5verkan av n\u00e5gon extern part. Intill en del av produkterna kan det finnas annonsl\u00e4nkar (m\u00e4rkta med \u201dannons\u201d), intill andra produkter kan det finnas vanliga l\u00e4nkar till butiker som s\u00e4ljer varorna. Syftet \u00e4r att du som l\u00e4sare enkelt ska kunna l\u00e4nka dig vidare till en externa sidor d\u00e4r du kan l\u00e4sa mer om, eller k\u00f6pa, de produkter vi skriver om.<\/p>\n<p class=\"hyperion-css-1lppet9\">Annonsl\u00e4nkarna (m\u00e4rkta med \u201dannons\u201d) leder till externa n\u00e4tbutiker d\u00e4r Aftonbladet f\u00e5r en provision vid en transaktion. Int\u00e4kterna bidrar till att finansiera Aftonbladets journalistik. Aftonbladets uppdrag och samh\u00e4lls\u00adgranskande roll p\u00e5verkas inte av detta inneh\u00e5ll. Bild och video kommer fr\u00e5n producenten. Aftonbladets redaktion arbetar enbart p\u00e5 uppdrag av l\u00e4sarna och v\u00e5r trov\u00e4rdighet \u00e4r avg\u00f6rande f\u00f6r att vi ska vara intressanta och relevanta.<\/p>\n<p>L\u00e4s mer<\/p>\n","protected":false},"excerpt":{"rendered":"share-arrowDela unsaveSpara Artikeln inneh\u00e5ller annonsl\u00e4nkar Ett nytt \u00e5r kan k\u00e4nnas lite som ett blankt, oskrivet blad. Nu kan&hellip;\n","protected":false},"author":2,"featured_media":106816,"comment_status":"","ping_status":"","sticky":false,"template":"","format":"standard","meta":{"footnotes":""},"categories":[67],"tags":[104,34,31,33,32,30,105],"class_list":{"0":"post-106815","1":"post","2":"type-post","3":"status-publish","4":"format-standard","5":"has-post-thumbnail","7":"category-underhallning","8":"tag-entertainment","9":"tag-se","10":"tag-svenska","11":"tag-sverige","12":"tag-sweden","13":"tag-swedish","14":"tag-underhallning"},"share_on_mastodon":{"url":"https:\/\/pubeurope.com\/@se\/115724094347216937","error":""},"_links":{"self":[{"href":"https:\/\/www.europesays.com\/se\/wp-json\/wp\/v2\/posts\/106815","targetHints":{"allow":["GET"]}}],"collection":[{"href":"https:\/\/www.europesays.com\/se\/wp-json\/wp\/v2\/posts"}],"about":[{"href":"https:\/\/www.europesays.com\/se\/wp-json\/wp\/v2\/types\/post"}],"author":[{"embeddable":true,"href":"https:\/\/www.europesays.com\/se\/wp-json\/wp\/v2\/users\/2"}],"replies":[{"embeddable":true,"href":"https:\/\/www.europesays.com\/se\/wp-json\/wp\/v2\/comments?post=106815"}],"version-history":[{"count":0,"href":"https:\/\/www.europesays.com\/se\/wp-json\/wp\/v2\/posts\/106815\/revisions"}],"wp:featuredmedia":[{"embeddable":true,"href":"https:\/\/www.europesays.com\/se\/wp-json\/wp\/v2\/media\/106816"}],"wp:attachment":[{"href":"https:\/\/www.europesays.com\/se\/wp-json\/wp\/v2\/media?parent=106815"}],"wp:term":[{"taxonomy":"category","embeddable":true,"href":"https:\/\/www.europesays.com\/se\/wp-json\/wp\/v2\/categories?post=106815"},{"taxonomy":"post_tag","embeddable":true,"href":"https:\/\/www.europesays.com\/se\/wp-json\/wp\/v2\/tags?post=106815"}],"curies":[{"name":"wp","href":"https:\/\/api.w.org\/{rel}","templated":true}]}}