{"id":106818,"date":"2025-12-15T14:41:08","date_gmt":"2025-12-15T14:41:08","guid":{"rendered":"https:\/\/www.europesays.com\/se\/106818\/"},"modified":"2025-12-15T14:41:08","modified_gmt":"2025-12-15T14:41:08","slug":"nya-busshallplatser-och-linjestrackningar-sigtuna-kommun","status":"publish","type":"post","link":"https:\/\/www.europesays.com\/se\/106818\/","title":{"rendered":"Nya bussh\u00e5llplatser och linjestr\u00e4ckningar &#8211; Sigtuna kommun"},"content":{"rendered":"<p class=\"normal\">Fr\u00e5n och med den 14 december sker f\u00f6r\u00e4ndringar i SL:s linjer som g\u00e5r genom Sigtuna, M\u00e4rsta och Tomta.<\/p>\n<p>Kollektivtrafiken \u00e4r en viktigt fr\u00e5ga f\u00f6r oss<\/p>\n<p class=\"normal\">Sigtuna kommun ansvarar inte f\u00f6r kollektivtrafiken i kommunen men det en en prioriterad fr\u00e5ga som vi arbetar med genom att f\u00f6rs\u00f6ka p\u00e5verka beslutsfattare. Nu har det skett vissa f\u00f6r\u00e4ndringar, bland annat s\u00e5 f\u00f6rb\u00e4ttras trafiken i v\u00e5rt v\u00e4xande omr\u00e5de Sigtuna stads\u00e4ngar.<\/p>\n<p class=\"normal\"><a href=\"https:\/\/www.sigtuna.se\/trafik-och-resor\/trafik-och-gator\/kollektivtrafik.html\" rel=\"nofollow noopener\" target=\"_blank\">H\u00e4r kan du l\u00e4sa mer om vem som ansvarar f\u00f6r vad n\u00e4r det g\u00e4ller kollektivtrafik.<\/a><\/p>\n<p>F\u00f6r\u00e4ndringar fr\u00e5n och med den 14 december<\/p>\n<ul class=\" env-text-list normal\">\n<li>Linje 575, en vardagsmorgontur, som g\u00e5tt mellan Ekilla g\u00e5rd norra och Sigtuna busstation f\u00f6rl\u00e4ngs. Turen f\u00e5r ny startpunkt vid M\u00e4rsta station, vilket ger pendlare m\u00f6jlighet till fler avg\u00e5ngar p\u00e5 morgonen.<\/li>\n<li>Linje 579<strong> <\/strong>b\u00f6rjar trafikera omr\u00e5det Sigtuna stads\u00e4ngar. D\u00e4rmed tillkommer h\u00e5llplatsen Sigtuna stads\u00e4ngar. Det f\u00f6rb\u00e4ttrar tillg\u00e4ngligheten f\u00f6r boende i det v\u00e4xande omr\u00e5det.<\/li>\n<li>Linje 583 justeras. H\u00e5llplats Tomta slutar trafikeras p\u00e5 grund av l\u00e5gt resande. Linjen k\u00f6r i st\u00e4llet sin ordinarie str\u00e4ckning mellan M\u00e4rsta station \u2013 Arlanda \u2013 M\u00e4rsta station. SL h\u00e4nvisar resen\u00e4rer till och fr\u00e5n Tomta till linje 579 som trafikerar str\u00e4ckan Arlanda\u2013B\u00e5lsta. Linje 583 f\u00e5r ocks\u00e5 en ny avg\u00e5ng p\u00e5 vardagsmorgnar f\u00f6r att m\u00f6ta efterfr\u00e5gan.<\/li>\n<li>Linje 584 och 584V f\u00e5r fler turer. Det blir \u00f6kat antal avg\u00e5ngar b\u00e5da under morgon- och kv\u00e4llstid.<\/li>\n<\/ul>\n<p class=\"normal\">F\u00f6r fler detaljer h\u00e4nvisar vi till SL:s webbplats och app.<\/p>\n","protected":false},"excerpt":{"rendered":"Fr\u00e5n och med den 14 december sker f\u00f6r\u00e4ndringar i SL:s linjer som g\u00e5r genom Sigtuna, M\u00e4rsta och Tomta.&hellip;\n","protected":false},"author":2,"featured_media":106819,"comment_status":"","ping_status":"","sticky":false,"template":"","format":"standard","meta":{"footnotes":""},"categories":[12],"tags":[22,23,26,27,17,21,24,25,28,29,15,16,18,34,31,33,32,30,19,20],"class_list":{"0":"post-106818","1":"post","2":"type-post","3":"status-publish","4":"format-standard","5":"has-post-thumbnail","7":"category-sverige","8":"tag-breaking-news","9":"tag-breakingnews","10":"tag-featured-news","11":"tag-featurednews","12":"tag-headlines","13":"tag-huvudnyheter","14":"tag-latest-news","15":"tag-latestnews","16":"tag-main-news","17":"tag-mainnews","18":"tag-news","19":"tag-nyheter","20":"tag-rubriker","21":"tag-se","22":"tag-svenska","23":"tag-sverige","24":"tag-sweden","25":"tag-swedish","26":"tag-top-stories","27":"tag-topstories"},"share_on_mastodon":{"url":"https:\/\/pubeurope.com\/@se\/115724110048032973","error":""},"_links":{"self":[{"href":"https:\/\/www.europesays.com\/se\/wp-json\/wp\/v2\/posts\/106818","targetHints":{"allow":["GET"]}}],"collection":[{"href":"https:\/\/www.europesays.com\/se\/wp-json\/wp\/v2\/posts"}],"about":[{"href":"https:\/\/www.europesays.com\/se\/wp-json\/wp\/v2\/types\/post"}],"author":[{"embeddable":true,"href":"https:\/\/www.europesays.com\/se\/wp-json\/wp\/v2\/users\/2"}],"replies":[{"embeddable":true,"href":"https:\/\/www.europesays.com\/se\/wp-json\/wp\/v2\/comments?post=106818"}],"version-history":[{"count":0,"href":"https:\/\/www.europesays.com\/se\/wp-json\/wp\/v2\/posts\/106818\/revisions"}],"wp:featuredmedia":[{"embeddable":true,"href":"https:\/\/www.europesays.com\/se\/wp-json\/wp\/v2\/media\/106819"}],"wp:attachment":[{"href":"https:\/\/www.europesays.com\/se\/wp-json\/wp\/v2\/media?parent=106818"}],"wp:term":[{"taxonomy":"category","embeddable":true,"href":"https:\/\/www.europesays.com\/se\/wp-json\/wp\/v2\/categories?post=106818"},{"taxonomy":"post_tag","embeddable":true,"href":"https:\/\/www.europesays.com\/se\/wp-json\/wp\/v2\/tags?post=106818"}],"curies":[{"name":"wp","href":"https:\/\/api.w.org\/{rel}","templated":true}]}}