{"id":106820,"date":"2025-12-15T14:42:10","date_gmt":"2025-12-15T14:42:10","guid":{"rendered":"https:\/\/www.europesays.com\/se\/106820\/"},"modified":"2025-12-15T14:42:10","modified_gmt":"2025-12-15T14:42:10","slug":"ny-overintendent-till-moderna-nasta-ar","status":"publish","type":"post","link":"https:\/\/www.europesays.com\/se\/106820\/","title":{"rendered":"Ny \u00f6verintendent till Moderna n\u00e4sta \u00e5r"},"content":{"rendered":"<p style=\"font-weight: 400;\">Moderna museets nuvarande \u00f6verintendent Gitte \u00d8rskou har haft rollen sedan 2019. I v\u00e5ras f\u00f6rl\u00e4ngde regeringen hennes f\u00f6rordnade med perioden 1 september 2025 till 31 augusti 2026. N\u00e4r hennes f\u00f6rordnande g\u00e5r ut i augusti n\u00e4sta \u00e5r kommer allts\u00e5 den nya, stora myndigheten f\u00e5 en ny \u00f6verintendent.<\/p>\n<p style=\"font-weight: 400;\">Regeringen letar allts\u00e5 nu efter Gitte \u00d8rskous eftertr\u00e4dare. I annonsen som publicerades i dag betonas erfarenhet av att leda strategiskt f\u00f6r\u00e4ndrings- och utvecklingsarbete och det \u00e4r kvalificerande att ha goda kunskaper om konst- och museiomr\u00e5det. Regeringen s\u00f6ker en dokumenterat god chef som kan f\u00f6retr\u00e4da myndigheten p\u00e5 ett f\u00f6rtroendefullt s\u00e4tt b\u00e5de nationellt och internationellt. Det \u00e4r meriterande att ha kunskap om kulturomr\u00e5den som arkitektur, offentlig konst, form och design.<\/p>\n<p style=\"font-weight: 400;\">Enligt annonsen \u00e4r det ocks\u00e5 meriterande med erfarenhet av att vara chef \u00f6ver chefer.<\/p>\n<p style=\"font-weight: 400;\">F\u00f6rra veckan <a href=\"https:\/\/magasink.se\/2025\/12\/klart-sa-blir-nya-moderna\/\" target=\"_blank\" rel=\"noopener nofollow\">blev det klart att nya Moderna museet<\/a> fr\u00e5n och med n\u00e4sta \u00e5r kommer ledas av en styrelse d\u00e4r \u00f6verintendenten ing\u00e5r. Enligt den nya instruktionen f\u00f6r myndigheten ska ett centrum f\u00f6r arkitektur, form, design och offentlig konst byggas upp.\u00a0Dessutom ska ett nytt beslutsorgan, som kommer heta Statens konstr\u00e5d, tills\u00e4ttas. Det ska besluta om best\u00e4llning och f\u00f6rv\u00e4rv av samtidskonst till statens byggnader.<\/p>\n<p style=\"font-weight: 400;\">Den nya myndigheten Moderna museet kommer att ha cirka 210 anst\u00e4llda. Som Magasin K <a href=\"https:\/\/magasink.se\/2025\/10\/osakerhet-kring-nya-moderna-stort-orosmoment\/\" target=\"_blank\" rel=\"noopener nofollow\">tidigare rapporterat<\/a> planerar man att verksamheten ska bedrivas som en interim organisation under b\u00f6rjan av 2026.<\/p>\n","protected":false},"excerpt":{"rendered":"Moderna museets nuvarande \u00f6verintendent Gitte \u00d8rskou har haft rollen sedan 2019. I v\u00e5ras f\u00f6rl\u00e4ngde regeringen hennes f\u00f6rordnade med&hellip;\n","protected":false},"author":2,"featured_media":106821,"comment_status":"","ping_status":"","sticky":false,"template":"","format":"standard","meta":{"footnotes":""},"categories":[5],"tags":[22,23,26,27,17,21,24,25,28,29,11932,5586,15,16,18,34,31,33,32,30,19,20],"class_list":{"0":"post-106820","1":"post","2":"type-post","3":"status-publish","4":"format-standard","5":"has-post-thumbnail","7":"category-rubriker","8":"tag-breaking-news","9":"tag-breakingnews","10":"tag-featured-news","11":"tag-featurednews","12":"tag-headlines","13":"tag-huvudnyheter","14":"tag-latest-news","15":"tag-latestnews","16":"tag-main-news","17":"tag-mainnews","18":"tag-moderna-museet","19":"tag-museer","20":"tag-news","21":"tag-nyheter","22":"tag-rubriker","23":"tag-se","24":"tag-svenska","25":"tag-sverige","26":"tag-sweden","27":"tag-swedish","28":"tag-top-stories","29":"tag-topstories"},"share_on_mastodon":{"url":"https:\/\/pubeurope.com\/@se\/115724113882591145","error":""},"_links":{"self":[{"href":"https:\/\/www.europesays.com\/se\/wp-json\/wp\/v2\/posts\/106820","targetHints":{"allow":["GET"]}}],"collection":[{"href":"https:\/\/www.europesays.com\/se\/wp-json\/wp\/v2\/posts"}],"about":[{"href":"https:\/\/www.europesays.com\/se\/wp-json\/wp\/v2\/types\/post"}],"author":[{"embeddable":true,"href":"https:\/\/www.europesays.com\/se\/wp-json\/wp\/v2\/users\/2"}],"replies":[{"embeddable":true,"href":"https:\/\/www.europesays.com\/se\/wp-json\/wp\/v2\/comments?post=106820"}],"version-history":[{"count":0,"href":"https:\/\/www.europesays.com\/se\/wp-json\/wp\/v2\/posts\/106820\/revisions"}],"wp:featuredmedia":[{"embeddable":true,"href":"https:\/\/www.europesays.com\/se\/wp-json\/wp\/v2\/media\/106821"}],"wp:attachment":[{"href":"https:\/\/www.europesays.com\/se\/wp-json\/wp\/v2\/media?parent=106820"}],"wp:term":[{"taxonomy":"category","embeddable":true,"href":"https:\/\/www.europesays.com\/se\/wp-json\/wp\/v2\/categories?post=106820"},{"taxonomy":"post_tag","embeddable":true,"href":"https:\/\/www.europesays.com\/se\/wp-json\/wp\/v2\/tags?post=106820"}],"curies":[{"name":"wp","href":"https:\/\/api.w.org\/{rel}","templated":true}]}}