{"id":106822,"date":"2025-12-15T14:45:16","date_gmt":"2025-12-15T14:45:16","guid":{"rendered":"https:\/\/www.europesays.com\/se\/106822\/"},"modified":"2025-12-15T14:45:16","modified_gmt":"2025-12-15T14:45:16","slug":"tv-toppen-julkalendern-dominerar-igen","status":"publish","type":"post","link":"https:\/\/www.europesays.com\/se\/106822\/","title":{"rendered":"Tv-toppen: Julkalendern dominerar igen"},"content":{"rendered":"<p>share-arrowDela<\/p>\n<p>unsaveSpara<\/p>\n<p>expand-left<\/p>\n<p>helsk\u00e4rm<img decoding=\"async\" class=\"image-asset hyperion-css-u06ts1\" data-test-tag=\"image-asset\" src=\"https:\/\/www.europesays.com\/se\/wp-content\/uploads\/2025\/12\/abe08b27-093e-4937-8d24-16972405eee6\"  alt=\"Julkalendern &quot;Tidstjuven&quot; lockar tittare. Pressbild.\"  loading=\"eager\" fetchpriority=\"high\" style=\"aspect-ratio:1900 \/ 1267\"\/>Julkalendern &#8221;Tidstjuven&#8221; lockar tittare. Pressbild. Foto: Johan Paulin\/SVT<\/p>\n<p class=\"hyperion-css-1shl3oz\" data-test-tag=\"lead-text\">Julkalendern dominerar tv-toppen \u00e4ven denna vecka.<\/p>\n<p class=\"hyperion-css-1shl3oz\" data-test-tag=\"lead-text\">H\u00f6gst upp p\u00e5 listan \u00e4r dock fortfarande \u201dP\u00e5 sp\u00e5ret\u201d.<\/p>\n<p class=\"hyperion-css-1v9qo5x\">1. P\u00e5 sp\u00e5ret (SVT1, fredag) 1\u00a0844\u00a0000.<\/p>\n<p class=\"hyperion-css-1v9qo5x\">2. Allt f\u00f6r Sverige (SVT1, m\u00e5ndag) 1\u00a0077\u00a0000.<\/p>\n<p class=\"hyperion-css-1v9qo5x\">3. Julkalendern: Tidstjuven (SVT1, m\u00e5ndag) 1\u00a0076\u00a0000.<\/p>\n<p class=\"hyperion-css-1v9qo5x\">4. Carina Bergfeldt (SVT1, fredag) 1\u00a0076\u00a0000.<\/p>\n<p class=\"hyperion-css-1v9qo5x\">5. Julkalendern: Tidstjuven (SVT1, tisdag) 980\u00a0000.<\/p>\n<p class=\"hyperion-css-1v9qo5x\">6. Julkalendern: Tidstjuven (SVT1, s\u00f6ndag) 978\u00a0000.<\/p>\n<p class=\"hyperion-css-1v9qo5x\">7. Julkalendern: Tidstjuven (SVT1, torsdag) 957\u00a0000.<\/p>\n<p class=\"hyperion-css-1v9qo5x\">8. Luciamorgon fr\u00e5n Visby (SVT1, l\u00f6rdag) 943\u00a0000.<\/p>\n<p class=\"hyperion-css-1v9qo5x\">9. Skidskytte, v\u00e4rldscupen, (SVT1, s\u00f6ndag) 938\u00a0000.<\/p>\n<p class=\"hyperion-css-1v9qo5x\">10. Julkalendern: Tidstjuven (SVT1, onsdag) 914\u00a0000.<\/p>\n<p class=\"hyperion-css-1v9qo5x\">M\u00e4tperiod 8-14\/12 2025. Inga nyhetsprogram, \u201dSportnytt\u201d eller program under tio minuter tas med p\u00e5 listan.<\/p>\n","protected":false},"excerpt":{"rendered":"share-arrowDela unsaveSpara expand-left helsk\u00e4rmJulkalendern &#8221;Tidstjuven&#8221; lockar tittare. Pressbild. Foto: Johan Paulin\/SVT Julkalendern dominerar tv-toppen \u00e4ven denna vecka. H\u00f6gst&hellip;\n","protected":false},"author":2,"featured_media":106823,"comment_status":"","ping_status":"","sticky":false,"template":"","format":"standard","meta":{"footnotes":""},"categories":[67],"tags":[104,34,31,33,32,30,105],"class_list":{"0":"post-106822","1":"post","2":"type-post","3":"status-publish","4":"format-standard","5":"has-post-thumbnail","7":"category-underhallning","8":"tag-entertainment","9":"tag-se","10":"tag-svenska","11":"tag-sverige","12":"tag-sweden","13":"tag-swedish","14":"tag-underhallning"},"share_on_mastodon":{"url":"https:\/\/pubeurope.com\/@se\/115724125980237943","error":""},"_links":{"self":[{"href":"https:\/\/www.europesays.com\/se\/wp-json\/wp\/v2\/posts\/106822","targetHints":{"allow":["GET"]}}],"collection":[{"href":"https:\/\/www.europesays.com\/se\/wp-json\/wp\/v2\/posts"}],"about":[{"href":"https:\/\/www.europesays.com\/se\/wp-json\/wp\/v2\/types\/post"}],"author":[{"embeddable":true,"href":"https:\/\/www.europesays.com\/se\/wp-json\/wp\/v2\/users\/2"}],"replies":[{"embeddable":true,"href":"https:\/\/www.europesays.com\/se\/wp-json\/wp\/v2\/comments?post=106822"}],"version-history":[{"count":0,"href":"https:\/\/www.europesays.com\/se\/wp-json\/wp\/v2\/posts\/106822\/revisions"}],"wp:featuredmedia":[{"embeddable":true,"href":"https:\/\/www.europesays.com\/se\/wp-json\/wp\/v2\/media\/106823"}],"wp:attachment":[{"href":"https:\/\/www.europesays.com\/se\/wp-json\/wp\/v2\/media?parent=106822"}],"wp:term":[{"taxonomy":"category","embeddable":true,"href":"https:\/\/www.europesays.com\/se\/wp-json\/wp\/v2\/categories?post=106822"},{"taxonomy":"post_tag","embeddable":true,"href":"https:\/\/www.europesays.com\/se\/wp-json\/wp\/v2\/tags?post=106822"}],"curies":[{"name":"wp","href":"https:\/\/api.w.org\/{rel}","templated":true}]}}