{"id":106832,"date":"2025-12-15T14:53:11","date_gmt":"2025-12-15T14:53:11","guid":{"rendered":"https:\/\/www.europesays.com\/se\/106832\/"},"modified":"2025-12-15T14:53:11","modified_gmt":"2025-12-15T14:53:11","slug":"det-enda-sattet-att-overleva-morka-december","status":"publish","type":"post","link":"https:\/\/www.europesays.com\/se\/106832\/","title":{"rendered":"Det enda s\u00e4ttet att \u00f6verleva m\u00f6rka december"},"content":{"rendered":"<p>Jonas Bonnier<\/p>\n<p>Publicerad 15 dec 2025 kl 15.25Uppdaterad kl 15.35<\/p>\n<p>Jonas Bonnier skriver om det enda s\u00e4ttet att \u00f6verleva vintern.\u00a0<\/p>\n<p><img   alt=\"\"\/> <\/p>\n<p>Foto: TT<\/p>\n<p>\u00d6ppna bild i helsk\u00e4rm<\/p>\n<p>Detta \u00e4r en kr\u00f6nika. Analys och st\u00e4llningstaganden \u00e4r skribentens.&#13;<br \/>\n &#13;\n<\/p>\n<p><img   alt=\"\"\/>Jonas Bonnier<\/p>\n<p>Halvv\u00e4gs in i december och i Stockholm r\u00e4knar vi hittills bara solminuter. Svarta himlar gr\u00e5ter och under ett par timmar per dygn skiftar locket i gr\u00e5tt. Tidningar fylls med tips p\u00e5 hur man ska h\u00e5lla hum\u00f6ret uppe och vilka lampor man g\u00f6r b\u00e4st att stirra in i, men jag tror p\u00e5 den motsatta strategin. Kasta in handduken. Ge upp. Fokusera p\u00e5 det \u00e5rstiden l\u00e4mpar sig b\u00e4st f\u00f6r. Sov s\u00e5 mycket du n\u00e5gonsin kan.<\/p>\n<p>Sj\u00e4lv har jag aldrig g\u00e5tt och lagt mig med min smarta klocka, s\u00e4ker p\u00e5 att den kommer att surra och v\u00e4cka mig i min sk\u00f6naste s\u00f6mn med en p\u00e5minnelse fr\u00e5n Postnord, trots att jag \u00e4gnat ett par timmar \u00e5t att f\u00f6rs\u00f6ka tysta ner allt s\u00e5dant.<\/p>\n<p><strong>Att f\u00e5 veta att en bok jag gl\u00f6mt att jag best\u00e4llt finns att h\u00e4mta p\u00e5 ett upph\u00e4mtningsst\u00e4lle som Gud gl\u00f6mt att han skapat, \u00e4r inte v\u00e4rt att offra natten f\u00f6r.<\/strong><\/p>\n<p>Dessutom l\u00e4ser jag <a href=\"https:\/\/www.svd.se\/a\/vrW9bB\/professor-lita-inte-pa-smartklockans-somnpoang\" rel=\"nofollow noopener\" target=\"_blank\">f\u00f6rn\u00f6jt i SvD<\/a> att det enda de smarta s\u00f6mnklockorna kan avg\u00f6ra med viss s\u00e4kerhet \u00e4r OM man sover. Och inte ens det \u00e4r helt tillf\u00f6rlitligt.<\/p>\n<p>Nej, d\u00e5 \u00e4r snarare Carl Erik Rinsch en f\u00f6rebild. L\u00e4ste ni? Ut\u00f6ver att ha gjort en musikvideo med Swedish House Mafia var Rinsch en hyggligt framg\u00e5ngsrik regiss\u00f6r i Hollywood som skulle spela i en ny tv-serie, \u201dConquest\u201d. Men han betedde sig allt m\u00e4rkligare under inspelningarna. Till sina producenter p\u00e5 Netflix skickade han sent om kv\u00e4llarna sms och ber\u00e4ttade att han uppt\u00e4ckt hemligheten bakom Covid-19 och pandemins orsaker, och inf\u00f6r sin fru avsl\u00f6jade han i f\u00f6rtroende att han kunde f\u00f6rutse jordb\u00e4vningar och vulkanutbrott.<\/p>\n<p>Inte ov\u00e4ntat besl\u00f6t Netflix t\u00e4mligen omg\u00e5ende att stoppa Rinsch och inspelningen av serien, varp\u00e5 regiss\u00f6ren i vredesmod raskt \u00f6verf\u00f6rde den \u00e5terst\u00e5ende inspelningsbudgeten till sitt eget konto och skyndade sig att g\u00f6ra slut p\u00e5 pengarna.<\/p>\n<p><strong>Ett par tjusiga bilar, m\u00f6bler och \u2013 h\u00e4r kommer ber\u00e4ttelsens po\u00e4ng \u2013 handsydd madrass f\u00f6r 439\u00a0000 dollar, allts\u00e5 f\u00f6r cirka 4,2 miljoner svenska kronor, k\u00f6pte han enligt New York Times. Se d\u00e4r, n\u00e5gon som f\u00f6rst\u00e5r att s\u00e4tta s\u00f6mnen i f\u00f6rsta rummet!<\/strong><\/p>\n<blockquote><p>I USA \u00e4gnas sedan l\u00e4nge en helgdag om \u00e5ret till att k\u00f6pa madrasser.<\/p><\/blockquote>\n<p>Vid n\u00e4rmare efterforskningar, tycks det dock r\u00f6ra sig om tv\u00e5 madrasser, och kanske, men detta \u00e4r rena spekulationer, var det n\u00e5got Rinsch fick upp \u00f6gonen f\u00f6r under inspelningen av den svenska musikvideon? Det handlar om f\u00f6retaget H\u00e4stens svenska madrass Grand Vividus. Enligt H\u00e4stens sj\u00e4lva sys madrassen f\u00f6r hand, vilket tar mer \u00e4n 600 timmar. Den levereras i fyra f\u00e4rger, och historien f\u00f6rt\u00e4ljer inte vilket utf\u00f6rande Rinsch valde, men sj\u00e4lv skulle jag ha tagit \u201dPhantom charcoal\u201d, mest f\u00f6r namnet.<\/p>\n<p>I USA \u00e4gnas sedan l\u00e4nge en helgdag om \u00e5ret till att k\u00f6pa madrasser, vilket kan tyckas aningen exotiskt f\u00f6r en europ\u00e9, men det \u00e4r ju mycket med USA som \u00e4r udda.<\/p>\n<p><strong>S\u00f6ndag den 21 december klockan 16.03 v\u00e4nder det, och d\u00e5 g\u00e4ller det att vara snabb med champagnekorken f\u00f6r redan 16.04 har dagarna blivit ljusare igen, och man f\u00e5r masa sig upp ur s\u00e4ngen och \u00e5terg\u00e5 till livet.\u00a0<\/strong><\/p>\n<p>S\u00e5 vi har fortfarande n\u00e5gon dryg vecka p\u00e5 oss att fokusera p\u00e5 s\u00e4ngen och s\u00f6mnen. Varf\u00f6r inte ringa sig sjuk, dra t\u00e4cket \u00f6ver huvudet, stoppa in lurar i \u00f6ronen och l\u00e5ta sig f\u00e4rdas mot dr\u00f6mmarnas land tillsammans med en riktigt bra roman? Som exempelvis Lyra Eriksson Lindb\u00e4cks \u201dGenom delning\u201d, om ett par tvillingsystrar som \u00e4r varandras motsatser. Ett enkelt f\u00f6rslag p\u00e5 hur december kan \u00f6verlevas.<\/p>\n<p>Jonas Bonnier \u00e4r f\u00f6rfattare och kolumnist i Expressen.<\/p>\n","protected":false},"excerpt":{"rendered":"Jonas Bonnier Publicerad 15 dec 2025 kl 15.25Uppdaterad kl 15.35 Jonas Bonnier skriver om det enda s\u00e4ttet att&hellip;\n","protected":false},"author":2,"featured_media":106833,"comment_status":"","ping_status":"","sticky":false,"template":"","format":"standard","meta":{"footnotes":""},"categories":[67],"tags":[104,11934,34,11933,31,33,32,30,105],"class_list":{"0":"post-106832","1":"post","2":"type-post","3":"status-publish","4":"format-standard","5":"has-post-thumbnail","7":"category-underhallning","8":"tag-entertainment","9":"tag-person-jonas-bonnier","10":"tag-se","11":"tag-sections-jonasbonnier","12":"tag-svenska","13":"tag-sverige","14":"tag-sweden","15":"tag-swedish","16":"tag-underhallning"},"share_on_mastodon":{"url":"https:\/\/pubeurope.com\/@se\/115724157411891334","error":""},"_links":{"self":[{"href":"https:\/\/www.europesays.com\/se\/wp-json\/wp\/v2\/posts\/106832","targetHints":{"allow":["GET"]}}],"collection":[{"href":"https:\/\/www.europesays.com\/se\/wp-json\/wp\/v2\/posts"}],"about":[{"href":"https:\/\/www.europesays.com\/se\/wp-json\/wp\/v2\/types\/post"}],"author":[{"embeddable":true,"href":"https:\/\/www.europesays.com\/se\/wp-json\/wp\/v2\/users\/2"}],"replies":[{"embeddable":true,"href":"https:\/\/www.europesays.com\/se\/wp-json\/wp\/v2\/comments?post=106832"}],"version-history":[{"count":0,"href":"https:\/\/www.europesays.com\/se\/wp-json\/wp\/v2\/posts\/106832\/revisions"}],"wp:featuredmedia":[{"embeddable":true,"href":"https:\/\/www.europesays.com\/se\/wp-json\/wp\/v2\/media\/106833"}],"wp:attachment":[{"href":"https:\/\/www.europesays.com\/se\/wp-json\/wp\/v2\/media?parent=106832"}],"wp:term":[{"taxonomy":"category","embeddable":true,"href":"https:\/\/www.europesays.com\/se\/wp-json\/wp\/v2\/categories?post=106832"},{"taxonomy":"post_tag","embeddable":true,"href":"https:\/\/www.europesays.com\/se\/wp-json\/wp\/v2\/tags?post=106832"}],"curies":[{"name":"wp","href":"https:\/\/api.w.org\/{rel}","templated":true}]}}