{"id":106847,"date":"2025-12-15T15:06:15","date_gmt":"2025-12-15T15:06:15","guid":{"rendered":"https:\/\/www.europesays.com\/se\/106847\/"},"modified":"2025-12-15T15:06:15","modified_gmt":"2025-12-15T15:06:15","slug":"hog-trivsel-och-okat-fortroende-i-tyreso","status":"publish","type":"post","link":"https:\/\/www.europesays.com\/se\/106847\/","title":{"rendered":"H\u00f6g trivsel och \u00f6kat f\u00f6rtroende i Tyres\u00f6"},"content":{"rendered":"<p class=\"font-normal\">Tyres\u00f6 forts\u00e4tter att f\u00e5 mycket h\u00f6ga omd\u00f6men som plats att bo och leva p\u00e5. I 2025 \u00e5rs medborgarunders\u00f6kning uppger 97 procent av de svarande att Tyres\u00f6 \u00e4r en bra kommun att leva i. Tre av fyra kan rekommendera andra att flytta hit, vilket \u00e4r en klart h\u00f6gre andel \u00e4n snittet i Stockholms l\u00e4n. Tilltron till att kommunen sk\u00f6ter sina verksamheter p\u00e5 ett bra s\u00e4tt \u00e4r fortsatt stark och Tyres\u00f6 ligger \u00f6ver b\u00e5de riket och l\u00e4net inom de flesta omr\u00e5den.<\/p>\n<p class=\"font-normal\">Den positiva bilden bekr\u00e4ftas \u00e4ven i rankingen Sveriges Framtidskommuner, d\u00e4r Tyres\u00f6 placerar sig p\u00e5 plats 44 av 290 kommuner och bed\u00f6ms ha god tillv\u00e4xt och framtidspotential.<\/p>\n<p>Barn och unga ger h\u00f6ga betyg<\/p>\n<p class=\"font-normal\">Nytt f\u00f6r i \u00e5r \u00e4r att \u00e4ven barn och unga i \u00e5ldrarna 7\u201317 \u00e5r har f\u00e5tt svara p\u00e5 fr\u00e5gor om sin hemkommun. Resultatet visar att 94 procent trivs i Tyres\u00f6 och att 70 procent kan rekommendera andra barn att flytta hit. \u00c4ven dessa resultat ger en samst\u00e4mmig bild av h\u00f6g trivsel i kommunen.<\/p>\n<p>F\u00f6rtroendet f\u00f6r kommunens arbete forts\u00e4tter att st\u00e4rkas<\/p>\n<p class=\"font-normal\">F\u00f6rtroendet f\u00f6r kommunens politiker forts\u00e4tter att st\u00e4rkas. Allt fler Tyres\u00f6bor upplever att politikerna arbetar f\u00f6r kommunens b\u00e4sta, \u00e4r lyh\u00f6rda f\u00f6r inv\u00e5narnas synpunkter och fattar genomt\u00e4nkta beslut.<\/p>\n<p class=\"font-normal\">M\u00f6jligheten att som inv\u00e5nare delta aktivt i kommunens utveckling har \u00f6kat fr\u00e5n 39 procent 2024 till 47 procent 2025. Dessutom uppger h\u00e4lften av de svarande att de upplever att de kan p\u00e5verka de verksamheter kommunen ansvarar f\u00f6r.<\/p>\n<p class=\"font-normal\">Tyres\u00f6borna \u00e4r ocks\u00e5 mer n\u00f6jda med bem\u00f6tande och inflytande \u00e4n inv\u00e5nare i \u00f6vriga l\u00e4net. 91 procent uppger att de f\u00e5r ett gott bem\u00f6tande fr\u00e5n politiker, j\u00e4mf\u00f6rt med 79 procent i Stockholms l\u00e4n. \u00c4ven tj\u00e4nstepersonernas bem\u00f6tande bed\u00f6ms som gott och ligger i niv\u00e5 med andra kommuner. D\u00e4remot ligger Tyres\u00f6 n\u00e5got under genomsnittet n\u00e4r det g\u00e4ller information vid st\u00f6rre f\u00f6r\u00e4ndringar, till exempel i samband med detaljplanering och byggnation.<\/p>\n<p>Tryggheten \u00e4r fortsatt h\u00f6g i kommunen<\/p>\n<p class=\"font-normal\">Upplevelsen av trygghet i Tyres\u00f6 \u00e4r fortsatt stark. 95 procent av inv\u00e5narna k\u00e4nner sig trygga i sitt bostadsomr\u00e5de, vilket \u00e4r i niv\u00e5 med f\u00f6reg\u00e5ende \u00e5r och n\u00e5got h\u00f6gre \u00e4n genomsnittet i Stockholms l\u00e4n. Oron f\u00f6r v\u00e5ldsbrott har minskat, b\u00e5de bland unga och \u00e4ldre, och f\u00e4rre upplever problem med narkotikahandel, inbrott, st\u00f6lder, skadeg\u00f6relse och klotter.<\/p>\n","protected":false},"excerpt":{"rendered":"Tyres\u00f6 forts\u00e4tter att f\u00e5 mycket h\u00f6ga omd\u00f6men som plats att bo och leva p\u00e5. I 2025 \u00e5rs medborgarunders\u00f6kning&hellip;\n","protected":false},"author":2,"featured_media":106848,"comment_status":"","ping_status":"","sticky":false,"template":"","format":"standard","meta":{"footnotes":""},"categories":[12],"tags":[22,23,26,27,17,21,24,25,28,29,15,16,18,34,31,33,32,30,19,20,8043],"class_list":{"0":"post-106847","1":"post","2":"type-post","3":"status-publish","4":"format-standard","5":"has-post-thumbnail","7":"category-sverige","8":"tag-breaking-news","9":"tag-breakingnews","10":"tag-featured-news","11":"tag-featurednews","12":"tag-headlines","13":"tag-huvudnyheter","14":"tag-latest-news","15":"tag-latestnews","16":"tag-main-news","17":"tag-mainnews","18":"tag-news","19":"tag-nyheter","20":"tag-rubriker","21":"tag-se","22":"tag-svenska","23":"tag-sverige","24":"tag-sweden","25":"tag-swedish","26":"tag-top-stories","27":"tag-topstories","28":"tag-tyreso"},"share_on_mastodon":{"url":"https:\/\/pubeurope.com\/@se\/115724208259015383","error":""},"_links":{"self":[{"href":"https:\/\/www.europesays.com\/se\/wp-json\/wp\/v2\/posts\/106847","targetHints":{"allow":["GET"]}}],"collection":[{"href":"https:\/\/www.europesays.com\/se\/wp-json\/wp\/v2\/posts"}],"about":[{"href":"https:\/\/www.europesays.com\/se\/wp-json\/wp\/v2\/types\/post"}],"author":[{"embeddable":true,"href":"https:\/\/www.europesays.com\/se\/wp-json\/wp\/v2\/users\/2"}],"replies":[{"embeddable":true,"href":"https:\/\/www.europesays.com\/se\/wp-json\/wp\/v2\/comments?post=106847"}],"version-history":[{"count":0,"href":"https:\/\/www.europesays.com\/se\/wp-json\/wp\/v2\/posts\/106847\/revisions"}],"wp:featuredmedia":[{"embeddable":true,"href":"https:\/\/www.europesays.com\/se\/wp-json\/wp\/v2\/media\/106848"}],"wp:attachment":[{"href":"https:\/\/www.europesays.com\/se\/wp-json\/wp\/v2\/media?parent=106847"}],"wp:term":[{"taxonomy":"category","embeddable":true,"href":"https:\/\/www.europesays.com\/se\/wp-json\/wp\/v2\/categories?post=106847"},{"taxonomy":"post_tag","embeddable":true,"href":"https:\/\/www.europesays.com\/se\/wp-json\/wp\/v2\/tags?post=106847"}],"curies":[{"name":"wp","href":"https:\/\/api.w.org\/{rel}","templated":true}]}}