{"id":106857,"date":"2025-12-15T15:13:07","date_gmt":"2025-12-15T15:13:07","guid":{"rendered":"https:\/\/www.europesays.com\/se\/106857\/"},"modified":"2025-12-15T15:13:07","modified_gmt":"2025-12-15T15:13:07","slug":"en-sorgens-dag-i-hongkong","status":"publish","type":"post","link":"https:\/\/www.europesays.com\/se\/106857\/","title":{"rendered":"En sorgens dag i Hongkong"},"content":{"rendered":"<p style=\"font-weight: 400;\"><strong>Jimmy Lai ses som \u201dregimens fiende\u201d, skriver professor Joseph Y.S. Cheng.<\/strong><\/p>\n<p style=\"font-weight: 400;\">Den 15 december 2025 d\u00f6mdes aff\u00e4rsmannen och demokratiaktivisten Jimmy Lai av en magistratsdomstol i Hongkong. Han f\u00f6rklarades skyldig till att ha \u201dkonspirerat med utl\u00e4ndska krafter\u201d samt att han spridit \u201duppviglande\u201d publikationer.<\/p>\n<p style=\"font-weight: 400;\">Vi det laget hade Jimmy Lai redan h\u00e5llits i f\u00e5ngenskap i 1\u00a0900 dagar. Domen att han skulle ha konspirerat med utl\u00e4ndska krafter kan leda till livstidsstraff.<\/p>\n<p style=\"font-weight: 400;\">N\u00e4r domstolen samlas igen den 12 januari kan Jimmy Lai v\u00e4dja om en mildare dom. D\u00e4refter kommer straffet att offentligg\u00f6ras.<\/p>\n<p>Lobbying mot Trump<\/p>\n<p style=\"font-weight: 400;\">Jimmy Lais familj och v\u00e4nner menar att de kinesiska myndigheterna inte vill att han ska bli fri igen under sin livstid, och med tanke p\u00e5 att han \u00e4r 78 \u00e5r \u00e4r det troligt att han kommer att d\u00f6 i f\u00e4ngelse. Det \u00e4r sk\u00e4let till att hans familj har bedrivit lobbying mot Trumpadministrationen i USA f\u00f6r att den ska intervenera och v\u00e4dja om n\u00e5d hos Kinas ledare Xi Jinping.<\/p>\n<p style=\"font-weight: 400;\">Domstolsutslaget sl\u00e5r fast att Lais plan hela tiden varit att konfrontera den kinesiska regimen, med alla till buds st\u00e5ende medel, och att han hyst ett hat mot Kina. Att han velat destabilisera det kinesiska kommunistpartiets administration av Hongkong och st\u00f6rta dess makt. Enligt domen ska detta tydligt ha framg\u00e5tt av hans tidningsartiklar och intervjuer.<\/p>\n<p style=\"font-weight: 400;\">D\u00e4rf\u00f6r har Jimmy Lai klassats som en \u201dregimens fiende\u201d.<\/p>\n<p style=\"font-weight: 400;\">Men hans tidning, Apple Daily, var den mest l\u00e4sa och b\u00e4st s\u00e4ljande i Hongkong och sj\u00e4lv har han betraktats som en av de mest respekterade ledarna f\u00f6r territoriets demokratir\u00f6relse.<\/p>\n<p style=\"font-weight: 400;\">De pro-demokratiska partierna har f\u00f6r det mesta f\u00e5tt mer \u00e4n h\u00e4lften av r\u00f6sterna i alla demokratiska val och Jimmy Lais syn p\u00e5 saker har delats av en majoritet av Hongkongs inv\u00e5nare.<\/p>\n<p>St\u00f6ttade demokratir\u00f6relsen<\/p>\n<p style=\"font-weight: 400;\">I ett fritt, demokratiskt land som Sverige skulle Lais \u00e5sikter och verksamhet ha tolererats och betraktats som en aktivists s\u00e4tt att driva en oppositionsr\u00f6relse. Han \u00e4gnade sig inte \u00e5t n\u00e5gra konspirationer, allt var offentligt och \u00f6ppet.<\/p>\n<p style=\"font-weight: 400;\">I dag g\u00e5r det knappast att publicera en kommentar som ger honom st\u00f6d, i n\u00e5got enda av Hongkongs massmedier.<\/p>\n<p style=\"font-weight: 400;\">Jimmy Lai har gett ett gener\u00f6st finansiellt st\u00f6d till olika pro-demokratiska grupper. Under 2010-talet var det m\u00e5nga unga de demokratiaktivister som fann honom en smula f\u00f6r konservativ, helt i linje med det moderata Democratic Party. Men n\u00e4r de beh\u00f6vde pengar var det alltid honom de t\u00e4nkte p\u00e5 f\u00f6rst. N\u00e4r jag sj\u00e4lv var verksam som koordinator f\u00f6r demokratir\u00f6relsens kampanj brukade jag ibland f\u00f6lja med n\u00e4r Jimmy Lai tr\u00e4ffade pro-demokratiska grupper. Jag fick sj\u00e4lv hj\u00e4lp av honom n\u00e4r jag fungerade som sammankallande f\u00f6r paraplyorganisationen Alliance for True Democracy \u00e5r 2014, samt n\u00e4r jag organiserade den internationella akademiska konferensen till trettio\u00e5rsdagen av 4-juni-r\u00f6relsen.<\/p>\n<p style=\"font-weight: 400;\">Nu kan folket i Hongkong inte h\u00f6ja r\u00f6sten till st\u00f6d f\u00f6r sin hj\u00e4lte, men h\u00e4r kan det internationella samfundet hj\u00e4lpa till.<\/p>\n<p style=\"font-weight: 400;\">Ett starkt st\u00f6d fr\u00e5n andra l\u00e4nder skulle g\u00f6ra b\u00e5de Jimmy Lais och hela demokratir\u00f6relsens arbete v\u00e4rt alla uppoffringar.<\/p>\n<p style=\"font-weight: 400;\"><strong>Joseph Y.S. Cheng<\/strong>, pensionerad professor i Political Science. Han var tidigare sammankallande f\u00f6r Alliance for True Democracy i Hong Kong och rektor vid New School for Democracy. Han lever numera i Australien.\u00a0<\/p>\n","protected":false},"excerpt":{"rendered":"Jimmy Lai ses som \u201dregimens fiende\u201d, skriver professor Joseph Y.S. Cheng. Den 15 december 2025 d\u00f6mdes aff\u00e4rsmannen och&hellip;\n","protected":false},"author":2,"featured_media":106858,"comment_status":"","ping_status":"","sticky":false,"template":"","format":"standard","meta":{"footnotes":""},"categories":[14],"tags":[22,23,26,27,17,21,24,25,28,29,15,16,18,34,31,33,32,30,19,20,51,52,53,54],"class_list":{"0":"post-106857","1":"post","2":"type-post","3":"status-publish","4":"format-standard","5":"has-post-thumbnail","7":"category-varlden","8":"tag-breaking-news","9":"tag-breakingnews","10":"tag-featured-news","11":"tag-featurednews","12":"tag-headlines","13":"tag-huvudnyheter","14":"tag-latest-news","15":"tag-latestnews","16":"tag-main-news","17":"tag-mainnews","18":"tag-news","19":"tag-nyheter","20":"tag-rubriker","21":"tag-se","22":"tag-svenska","23":"tag-sverige","24":"tag-sweden","25":"tag-swedish","26":"tag-top-stories","27":"tag-topstories","28":"tag-varlden","29":"tag-world","30":"tag-world-news","31":"tag-worldnews"},"share_on_mastodon":{"url":"https:\/\/pubeurope.com\/@se\/115724235891254719","error":""},"_links":{"self":[{"href":"https:\/\/www.europesays.com\/se\/wp-json\/wp\/v2\/posts\/106857","targetHints":{"allow":["GET"]}}],"collection":[{"href":"https:\/\/www.europesays.com\/se\/wp-json\/wp\/v2\/posts"}],"about":[{"href":"https:\/\/www.europesays.com\/se\/wp-json\/wp\/v2\/types\/post"}],"author":[{"embeddable":true,"href":"https:\/\/www.europesays.com\/se\/wp-json\/wp\/v2\/users\/2"}],"replies":[{"embeddable":true,"href":"https:\/\/www.europesays.com\/se\/wp-json\/wp\/v2\/comments?post=106857"}],"version-history":[{"count":0,"href":"https:\/\/www.europesays.com\/se\/wp-json\/wp\/v2\/posts\/106857\/revisions"}],"wp:featuredmedia":[{"embeddable":true,"href":"https:\/\/www.europesays.com\/se\/wp-json\/wp\/v2\/media\/106858"}],"wp:attachment":[{"href":"https:\/\/www.europesays.com\/se\/wp-json\/wp\/v2\/media?parent=106857"}],"wp:term":[{"taxonomy":"category","embeddable":true,"href":"https:\/\/www.europesays.com\/se\/wp-json\/wp\/v2\/categories?post=106857"},{"taxonomy":"post_tag","embeddable":true,"href":"https:\/\/www.europesays.com\/se\/wp-json\/wp\/v2\/tags?post=106857"}],"curies":[{"name":"wp","href":"https:\/\/api.w.org\/{rel}","templated":true}]}}