{"id":106868,"date":"2025-12-15T15:21:08","date_gmt":"2025-12-15T15:21:08","guid":{"rendered":"https:\/\/www.europesays.com\/se\/106868\/"},"modified":"2025-12-15T15:21:08","modified_gmt":"2025-12-15T15:21:08","slug":"sveriges-klimatutslapp-okade-kraftigt-under-2024","status":"publish","type":"post","link":"https:\/\/www.europesays.com\/se\/106868\/","title":{"rendered":"Sveriges klimatutsl\u00e4pp \u00f6kade kraftigt under 2024"},"content":{"rendered":"<p>Nya <a href=\"https:\/\/sdi.eea.europa.eu\/data\/f80bebef-447e-4882-b3e9-c4a91cbae4f5\" rel=\"nofollow noopener\" target=\"_blank\">prelimin\u00e4ra uppgifter<\/a> fr\u00e5n Europeiska milj\u00f6byr\u00e5n visar att Sveriges v\u00e4xthusgasutsl\u00e4pp inom de s\u00e5 kallade ansvarsf\u00f6rdelningssektorerna \u00f6kade med 13,8 procent mellan 2023 och 2024. Endast Rum\u00e4nien hade en st\u00f6rre \u00f6kning.<\/p>\n<p>\u00a0<\/p>\n<p>\u00d6kningen inneb\u00e4r att Sverige sl\u00e4ppte ut 30,5 miljoner ton koldioxidekvivalenter under 2024, j\u00e4mf\u00f6rt med 26,8 miljoner ton \u00e5ret innan. Det \u00e4r den h\u00f6gsta niv\u00e5n sedan 2019.<\/p>\n<p>Sett \u00f6ver l\u00e4ngre tid har Sverige minskat sina utsl\u00e4pp kraftigt. Sedan bas\u00e5ret 2005 har landet minskat sina utsl\u00e4pp inom ansvarsf\u00f6rdelningssektorerna med 28,6 procent. Det g\u00f6r Sverige till det land i unionen med femte h\u00f6gsta utsl\u00e4ppsminskning. (Artikeln forts\u00e4tter under grafiken.)<\/p>\n<p>\u00a0<\/p>\n<p><strong>Inbromsning p\u00e5 EU-niv\u00e5<\/strong><br \/>P\u00e5 EU-niv\u00e5 var utsl\u00e4ppen fr\u00e5n ansvarsf\u00f6rdelningssektorerna praktiskt taget of\u00f6r\u00e4ndrade mellan 2023 och 2024, med en marginell minskning p\u00e5 0,1 procent. Det inneb\u00e4r att utsl\u00e4ppen 2024 l\u00e5g n\u00e5got \u00f6ver den till\u00e5tna niv\u00e5n f\u00f6r \u00e5ret.<\/p>\n<p>Sedan 2005 har EU-l\u00e4nderna minskat sina utsl\u00e4pp inom dessa sektorer med 17,8 procent. F\u00f6r att n\u00e5 unionens m\u00e5l om en minskning med 40 procent till 2030 kr\u00e4vs betydligt snabbare utsl\u00e4ppsminskningar under de kommande \u00e5ren.<\/p>\n<p>Medlemsl\u00e4ndernas prognoser fr\u00e5n 2025 visar att nuvarande strategier inte r\u00e4cker f\u00f6r att n\u00e5 denna acceleration. Med befintliga \u00e5tg\u00e4rder ber\u00e4knas utsl\u00e4ppen minska med 29,7 procent till 2030, och med planerade till\u00e4ggs\u00e5tg\u00e4rder n\u00e5r minskningen 38,1 procent \u2013 fortfarande under m\u00e5let.<\/p>\n<p><strong>Fortsatt l\u00e5ga utsl\u00e4pp per person<\/strong><br \/>Trots \u00f6kningen hade Sverige fortfarande de n\u00e4st l\u00e4gsta utsl\u00e4ppen per person i hela EU under 2024, med 2,9 ton koldioxidekvivalenter per inv\u00e5nare. EU-genomsnittet l\u00e5g p\u00e5 4,5 ton per person.<\/p>\n<p>\u00a0<\/p>\n<p>\u00a0<\/p>\n<p><strong>Ansvarsf\u00f6rdelning<\/strong><br \/>EU:s s\u00e5 kallade <a href=\"https:\/\/eur-lex.europa.eu\/legal-content\/SV\/TXT\/PDF\/?uri=CELEX:02018R0842-20230516\" rel=\"nofollow noopener\" target=\"_blank\">ansvarsf\u00f6rdelningsf\u00f6rordning<\/a>, ofta f\u00f6rkortad ESR, reglerar utsl\u00e4pp fr\u00e5n inrikes transporter (exklusive flyg), byggnader, jordbruk, sm\u00e5industri och avfall. Tillsammans st\u00e5r dessa sektorer f\u00f6r mer \u00e4n 60 procent av EU:s totala v\u00e4xthusgasutsl\u00e4pp.<\/p>\n<p>F\u00f6rordningen kompletterar unionens utsl\u00e4ppshandelssystem (ETS) och regelverket f\u00f6r markanv\u00e4ndning (LULUCF). Tillsammans utg\u00f6r dessa tre system EU:s centrala verktyg f\u00f6r att n\u00e5 sina klimatm\u00e5l.<\/p>\n<p><strong>Bindande \u00e5rliga m\u00e5l<\/strong><br \/>F\u00f6r varje medlemsland fastst\u00e4ller f\u00f6rordningen bindande \u00e5rliga utsl\u00e4ppstilldelningar f\u00f6r perioden 2021\u20132030. De nationella m\u00e5len varierar fr\u00e5n en minskning p\u00e5 10 procent till 50 procent j\u00e4mf\u00f6rt med 2005 \u00e5rs niv\u00e5er.<\/p>\n<p>Sveriges m\u00e5l \u00e4r en minskning med 50 procent till 2030, vilket \u00e4r ett av de mest ambiti\u00f6sa i unionen. Med en hittillsvarande minskning p\u00e5 drygt 28 procent \u00e5terst\u00e5r en betydande reducering under de kommande \u00e5ren.<\/p>\n<p><strong>Framtidsutsikter<\/strong><br \/>F\u00f6r 2024 visade prelimin\u00e4ra uppgifter att 17 medlemsl\u00e4nder, d\u00e4ribland Sverige, riskerade att \u00f6verstiga sina \u00e5rliga utsl\u00e4ppstilldelningar, j\u00e4mf\u00f6rt med sex l\u00e4nder 2023. Detta inneb\u00e4r att dessa l\u00e4nder beh\u00f6ver utnyttja de flexibilitetsmekanismer som finns i regelverket f\u00f6r att uppfylla sina \u00e5taganden.<\/p>\n<p>Prognoserna visar att endast sex medlemsl\u00e4nder \u2013 Grekland, Kroatien, Bulgarien, Tjeckien, Danmark och Portugal \u2013 \u00e4r p\u00e5 v\u00e4g att n\u00e5 sina m\u00e5l f\u00f6r 2030 med nuvarande \u00e5tg\u00e4rder. Med planerade till\u00e4ggs\u00e5tg\u00e4rder \u00f6kar antalet till 14 l\u00e4nder. Sverige h\u00f6r inte till dessa l\u00e4nder <a href=\"https:\/\/www.eea.europa.eu\/en\/analysis\/indicators\/progress-towards-national-greenhouse-gas\" rel=\"nofollow noopener\" target=\"_blank\">enligt Europeiska milj\u00f6byr\u00e5n<\/a>.<\/p>\n","protected":false},"excerpt":{"rendered":"Nya prelimin\u00e4ra uppgifter fr\u00e5n Europeiska milj\u00f6byr\u00e5n visar att Sveriges v\u00e4xthusgasutsl\u00e4pp inom de s\u00e5 kallade ansvarsf\u00f6rdelningssektorerna \u00f6kade med 13,8&hellip;\n","protected":false},"author":2,"featured_media":106869,"comment_status":"","ping_status":"","sticky":false,"template":"","format":"standard","meta":{"footnotes":""},"categories":[14],"tags":[22,23,26,27,17,21,24,25,28,29,15,16,18,34,31,33,32,30,19,20,51,52,53,54],"class_list":{"0":"post-106868","1":"post","2":"type-post","3":"status-publish","4":"format-standard","5":"has-post-thumbnail","7":"category-varlden","8":"tag-breaking-news","9":"tag-breakingnews","10":"tag-featured-news","11":"tag-featurednews","12":"tag-headlines","13":"tag-huvudnyheter","14":"tag-latest-news","15":"tag-latestnews","16":"tag-main-news","17":"tag-mainnews","18":"tag-news","19":"tag-nyheter","20":"tag-rubriker","21":"tag-se","22":"tag-svenska","23":"tag-sverige","24":"tag-sweden","25":"tag-swedish","26":"tag-top-stories","27":"tag-topstories","28":"tag-varlden","29":"tag-world","30":"tag-world-news","31":"tag-worldnews"},"share_on_mastodon":{"url":"https:\/\/pubeurope.com\/@se\/115724267397122983","error":""},"_links":{"self":[{"href":"https:\/\/www.europesays.com\/se\/wp-json\/wp\/v2\/posts\/106868","targetHints":{"allow":["GET"]}}],"collection":[{"href":"https:\/\/www.europesays.com\/se\/wp-json\/wp\/v2\/posts"}],"about":[{"href":"https:\/\/www.europesays.com\/se\/wp-json\/wp\/v2\/types\/post"}],"author":[{"embeddable":true,"href":"https:\/\/www.europesays.com\/se\/wp-json\/wp\/v2\/users\/2"}],"replies":[{"embeddable":true,"href":"https:\/\/www.europesays.com\/se\/wp-json\/wp\/v2\/comments?post=106868"}],"version-history":[{"count":0,"href":"https:\/\/www.europesays.com\/se\/wp-json\/wp\/v2\/posts\/106868\/revisions"}],"wp:featuredmedia":[{"embeddable":true,"href":"https:\/\/www.europesays.com\/se\/wp-json\/wp\/v2\/media\/106869"}],"wp:attachment":[{"href":"https:\/\/www.europesays.com\/se\/wp-json\/wp\/v2\/media?parent=106868"}],"wp:term":[{"taxonomy":"category","embeddable":true,"href":"https:\/\/www.europesays.com\/se\/wp-json\/wp\/v2\/categories?post=106868"},{"taxonomy":"post_tag","embeddable":true,"href":"https:\/\/www.europesays.com\/se\/wp-json\/wp\/v2\/tags?post=106868"}],"curies":[{"name":"wp","href":"https:\/\/api.w.org\/{rel}","templated":true}]}}