{"id":10699,"date":"2025-08-22T00:12:18","date_gmt":"2025-08-22T00:12:18","guid":{"rendered":"https:\/\/www.europesays.com\/se\/10699\/"},"modified":"2025-08-22T00:12:18","modified_gmt":"2025-08-22T00:12:18","slug":"nagon-javla-ordning-skulle-det-visst-vara-i-vansterpartiet","status":"publish","type":"post","link":"https:\/\/www.europesays.com\/se\/10699\/","title":{"rendered":"N\u00e5gon j\u00e4vla ordning skulle det visst vara i V\u00e4nsterpartiet"},"content":{"rendered":"<p>Viktor Barth-Kron<\/p>\n<p>Publicerad 21 aug 2025 kl 05.58Uppdaterad kl 11.34<\/p>\n<p>Riksdagsledam\u00f6terna Lorena Delgado Varas och Daniel Riazat <a href=\"https:\/\/www.expressen.se\/nyheter\/sverige\/daniel-riazat-och-lorena-delgado-varas-tvingas-bort-fran-vansterpartiet\/\" rel=\"nofollow noopener\" target=\"_blank\">utesluts ur V\u00e4nsterpartiet<\/a>. Det mest anm\u00e4rkningsv\u00e4rda \u00e4r att de var kvar \u00e4nda till nu, skriver Viktor Barth-Kron.<\/p>\n<p><img   alt=\"\"\/><\/p>\n<p>Lorena Delgado Varas.<\/p>\n<p>Foto: Pontus Lundahl\/TT \/ TT NYHETSBYR\u00c5N<\/p>\n<p>\u00d6ppna bild i helsk\u00e4rm<img loading=\"lazy\"   alt=\"\"\/><\/p>\n<p>Daniel Riazat.<\/p>\n<p>Foto: SVEN LINDWALL \/ BILDBYR\u00c5N<\/p>\n<p>\u00d6ppna bild i helsk\u00e4rm<img loading=\"lazy\"   alt=\"\"\/>\u00d6ppna bild i helsk\u00e4rm<\/p>\n<p>Detta \u00e4r en kommenterande text. Analys och st\u00e4llningstaganden \u00e4r skribentens.<\/p>\n<p><img   alt=\"\"\/>Viktor Barth-Kron<\/p>\n<p>\u201dKamrater \u2013 n\u00e5gon j\u00e4vla ordning ska det va&#8217; i ett parti!\u201d<\/p>\n<p>Citatet fr\u00e5n <a href=\"https:\/\/sv.wikipedia.org\/wiki\/C.-H._Hermansson\" rel=\"nofollow noopener\" target=\"_blank\"><strong>CH Hermansson<\/strong><\/a> \u00e4r ett av de mest bevingade som finns i svensk politikhistoria. Hermansson var vid tidpunkten partiledare f\u00f6r V\u00e4nsterpartiet Kommunisterna \u2013 och det var knappast en slump.<\/p>\n<p>Kommunismen m\u00e5 vara en auktorit\u00e4r ideologi, men partiet som i dag heter V\u00e4nsterpartiet har alltid varit en tummelplats f\u00f6r individer med egna och g\u00e4rna h\u00f6gljudda agendor.<\/p>\n<p><strong>De senaste \u00e5ren har det varit Palestinafr\u00e5gan som skapat kontrovers och splittring.\u00a0<\/strong><\/p>\n<p><strong>Nooshi Dadgostars<\/strong> ledning \u00e4r f\u00f6r svag i sitt st\u00f6d f\u00f6r den palestinska saken och f\u00f6r h\u00e5rd mot partif\u00f6retr\u00e4dare som spridit antisemitism, om man ska sammanfatta den ofta h\u00e4tska interna kritiken.<\/p>\n<p>Redan i fjol s\u00e5g vi <a href=\"https:\/\/www.expressen.se\/nyheter\/sverige\/vansterpartiet-utesluter-kristofer-lundberg\/\" rel=\"nofollow noopener\" target=\"_blank\">uteslutningar<\/a> och tv\u00e5 (\u00e4n s\u00e5 l\u00e4nge mycket anonyma) utbrytarpartier, men i \u00e5r har insatserna h\u00f6jts.<\/p>\n<p>Det h\u00f6r till ovanligheterna att ett etablerat riksdagsparti utesluter tv\u00e5 sittande ledam\u00f6ter, men varken <strong>Lorena Delgado Varas<\/strong> eller <strong>Daniel Riazat<\/strong> kan rimligen vara f\u00f6rv\u00e5nade.\u00a0<\/p>\n<p><strong>I samtliga andra partier hade de varit utk\u00f6rda med huvudet f\u00f6re f\u00f6r l\u00e4nge sedan.<\/strong><\/p>\n<p>Det beror inte bara p\u00e5 att toleransen f\u00f6r extrema yttringar \u00e4r h\u00f6gre i V\u00e4nsterpartiet \u00e4n p\u00e5 de flesta andra st\u00e4llen.<\/p>\n<p>Att s\u00e4tta sitt eget varum\u00e4rke fr\u00e4mst, underminera partilinjen dagligen och strunta fullst\u00e4ndigt i vad den demokratiskt valda ledningen s\u00e4ger om saken fungerar inte hur l\u00e4nge som helst. Uppenbarligen inte ens i V\u00e4nsterpartiet.<\/p>\n<p>P\u00e5 <a href=\"https:\/\/www.sverigesradio.se\/artikel\/600830\" rel=\"nofollow noopener\" target=\"_blank\">Sveriges Radios ljudupptagning <\/a>kan man h\u00f6ra hur CH Hermanssons n\u00e4mnda uppl\u00e4xning om just detta m\u00f6ts av ett rungande medh\u00e5ll p\u00e5 partikongressen 1969.<\/p>\n<p>Det fanns uppenbarligen en inte obetydlig grupp v\u00e4nsterpartister som var lika tr\u00f6tta som partiledaren p\u00e5 illojala frifr\u00e4sare.<\/p>\n<p><strong>S\u00e5 \u00e4r det i dag ocks\u00e5. De h\u00f6rs bara inte lika ofta som de andra.<\/strong><\/p>\n<p>Viktor Barth-Kron \u00e4r politisk kommentator p\u00e5 Expressen.<\/p>\n","protected":false},"excerpt":{"rendered":"Viktor Barth-Kron Publicerad 21 aug 2025 kl 05.58Uppdaterad kl 11.34 Riksdagsledam\u00f6terna Lorena Delgado Varas och Daniel Riazat utesluts&hellip;\n","protected":false},"author":2,"featured_media":10700,"comment_status":"","ping_status":"","sticky":false,"template":"","format":"standard","meta":{"footnotes":""},"categories":[5],"tags":[22,23,26,27,17,21,24,25,28,29,15,16,1500,1501,18,34,1238,31,33,32,30,19,485,20],"class_list":{"0":"post-10699","1":"post","2":"type-post","3":"status-publish","4":"format-standard","5":"has-post-thumbnail","7":"category-rubriker","8":"tag-breaking-news","9":"tag-breakingnews","10":"tag-featured-news","11":"tag-featurednews","12":"tag-headlines","13":"tag-huvudnyheter","14":"tag-latest-news","15":"tag-latestnews","16":"tag-main-news","17":"tag-mainnews","18":"tag-news","19":"tag-nyheter","20":"tag-person-lorena-delgado-varas","21":"tag-person-nooshi-dadgostar","22":"tag-rubriker","23":"tag-se","24":"tag-sections-viktorbarthkron","25":"tag-svenska","26":"tag-sverige","27":"tag-sweden","28":"tag-swedish","29":"tag-top-stories","30":"tag-topic-politik","31":"tag-topstories"},"share_on_mastodon":{"url":"","error":""},"_links":{"self":[{"href":"https:\/\/www.europesays.com\/se\/wp-json\/wp\/v2\/posts\/10699","targetHints":{"allow":["GET"]}}],"collection":[{"href":"https:\/\/www.europesays.com\/se\/wp-json\/wp\/v2\/posts"}],"about":[{"href":"https:\/\/www.europesays.com\/se\/wp-json\/wp\/v2\/types\/post"}],"author":[{"embeddable":true,"href":"https:\/\/www.europesays.com\/se\/wp-json\/wp\/v2\/users\/2"}],"replies":[{"embeddable":true,"href":"https:\/\/www.europesays.com\/se\/wp-json\/wp\/v2\/comments?post=10699"}],"version-history":[{"count":0,"href":"https:\/\/www.europesays.com\/se\/wp-json\/wp\/v2\/posts\/10699\/revisions"}],"wp:featuredmedia":[{"embeddable":true,"href":"https:\/\/www.europesays.com\/se\/wp-json\/wp\/v2\/media\/10700"}],"wp:attachment":[{"href":"https:\/\/www.europesays.com\/se\/wp-json\/wp\/v2\/media?parent=10699"}],"wp:term":[{"taxonomy":"category","embeddable":true,"href":"https:\/\/www.europesays.com\/se\/wp-json\/wp\/v2\/categories?post=10699"},{"taxonomy":"post_tag","embeddable":true,"href":"https:\/\/www.europesays.com\/se\/wp-json\/wp\/v2\/tags?post=10699"}],"curies":[{"name":"wp","href":"https:\/\/api.w.org\/{rel}","templated":true}]}}