{"id":106990,"date":"2025-12-15T17:03:17","date_gmt":"2025-12-15T17:03:17","guid":{"rendered":"https:\/\/www.europesays.com\/se\/106990\/"},"modified":"2025-12-15T17:03:17","modified_gmt":"2025-12-15T17:03:17","slug":"regeringen-och-sd-infor-bidragstak-150-000-far-sankta-bidrag","status":"publish","type":"post","link":"https:\/\/www.europesays.com\/se\/106990\/","title":{"rendered":"Regeringen och SD inf\u00f6r bidragstak \u2013 150 000 f\u00e5r s\u00e4nkta bidrag"},"content":{"rendered":"<p>Publicerad 15 dec 2025 kl 12.55Uppdaterad kl 17.39<\/p>\n<p>Regeringen vill s\u00e4nka bidragen.<\/p>\n<p>Omkring 150 000 hush\u00e5ll ber\u00e4knas f\u00e5 l\u00e4gre f\u00f6rs\u00f6rjningsst\u00f6d med de nya reglerna.<\/p>\n<p>\u2013 Det kommer l\u00f6na sig mer att g\u00e5 fr\u00e5n bidrag till arbete, s\u00e4ger \u00e4ldre- och socialf\u00f6rs\u00e4kringsminister Anna Tenje (M).<\/p>\n<p><img loading=\"lazy\"   alt=\"\"\/><\/p>\n<p>Anna Tenje.<\/p>\n<p>Foto: Henrik Montgomery\/TT \/ TT NYHETSBYR\u00c5N<\/p>\n<p>\u00d6ppna bild i helsk\u00e4rm<img loading=\"lazy\"   alt=\"\"\/><\/p>\n<p>Omkring 150 000 hush\u00e5ll ber\u00e4knas f\u00e5 l\u00e4gre f\u00f6rs\u00f6rjningsst\u00f6d med Tid\u00f6-partiernas f\u00f6rslag.<\/p>\n<p>Foto: Jens Lindstr\u00f6m \/ TT NYHETSBYR\u00c5N<\/p>\n<p>\u00d6ppna bild i helsk\u00e4rmArtikeln i korthet<\/p>\n<p> Regeringen och SD vill s\u00e4nka bidragen.<\/p>\n<p> Totalt ber\u00f6rs omkring 150 000 hush\u00e5ll, enligt regeringen.<\/p>\n<p>\u00a0F\u00f6rs\u00f6rjningsst\u00f6det kommer att s\u00e4nkas, som mest f\u00f6r familjer med m\u00e5nga barn.<\/p>\n<p>\u00a0Samtidigt h\u00f6js kraven p\u00e5 den som g\u00e5r p\u00e5 f\u00f6rs\u00f6rjningsst\u00f6d att ocks\u00e5 st\u00e5 till arbetsmarknadens f\u00f6rfogande, allts\u00e5 att kunna ta ett jobb.<\/p>\n<p> Den som inte \u00e4r beredd att g\u00f6ra det kan bli av med f\u00f6rs\u00f6rjningsst\u00f6det.<\/p>\n<p>Visa mer<\/p>\n<p><a href=\"https:\/\/www.expressen.se\/tagg\/organization\/regeringen\/\" class=\"\" rel=\"nofollow noopener\" target=\"_blank\">Regeringen<\/a> och Sverigedemokraterna g\u00e5r nu vidare med sin bidragsreform.<\/p>\n<p>P\u00e5 tisdagen kommer regeringen att ta beslut om tv\u00e5 lagr\u00e5dsremisser.<\/p>\n<p>\u2013 Efter m\u00e5nga \u00e5r av ansvarsl\u00f6s migrationspolitik i kombination med en kravl\u00f6s integrationspolitik v\u00e4xte ett omfattande utanf\u00f6rskap fram i Sverige, s\u00e4ger Anna Tenje.<\/p>\n<p>Enligt regeringens ber\u00e4kningar kommer 150 000 hush\u00e5ll f\u00e5 s\u00e4nkt f\u00f6rs\u00f6rjningsst\u00f6d, tidigare kallat socialbidrag.<\/p>\n<p>\u2013 Men det kommer ocks\u00e5 l\u00f6na sig betydligt mer att g\u00e5 fr\u00e5n bidrag till arbete och man kommer f\u00e5 ett ut\u00f6kat st\u00f6d f\u00f6r att g\u00f6ra s\u00e5, s\u00e4ger Anna Tenje.<\/p>\n<p>\u201dL\u00f6nar sig inte\u201d<\/p>\n<p>Det handlar om det tidigare aviserade bidragstaket. Enligt regeringen kan fembarnsfamiljer d\u00e4r ingen av f\u00f6r\u00e4ldrarna jobbar f\u00e5 ut \u00f6ver 46 500 kronor efter skatt, vilket man vill s\u00e4tta stopp f\u00f6r.<\/p>\n<p>Siffran har ifr\u00e5gasatts av kritiker som menar att den \u00e4r \u00f6verdriven.<\/p>\n<p>\u2013 Tyv\u00e4rr st\u00e4mmer inte detta, s\u00e4ger Anna Tenje.<\/p>\n<p>\u2013 F\u00f6r familjerna som befinner sig i den h\u00e4r situationen l\u00f6nar det sig allts\u00e5 inte att g\u00e5 fr\u00e5n bidrag till arbete, forts\u00e4tter hon.<\/p>\n<p>Bidragstaket inneb\u00e4r att f\u00f6rs\u00f6rjningsst\u00f6det s\u00e4nks.<\/p>\n<p>Det sker genom en f\u00f6r\u00e4ndring av riksnormen, det vill s\u00e4ga utr\u00e4kningen av ett hush\u00e5lls levnadskostnader som ligger till grund f\u00f6r niv\u00e5n p\u00e5 bidraget.<\/p>\n<p>Den kommer nu att stramas \u00e5t, vilket inneb\u00e4r en generell s\u00e4nkning av f\u00f6rs\u00f6rjningsst\u00f6det.<\/p>\n<p>Hur mycket det handlar om i pengar kan inte Anna Tenje s\u00e4ga eftersom det beror p\u00e5 bland annat familjens sammans\u00e4ttning.<\/p>\n<p>\u2013 Det varierar v\u00e4ldigt mycket beroende p\u00e5 vilken situation du befinner dig i. Det g\u00e5r alltifr\u00e5n n\u00e5gra kronor till lite mer pengar, s\u00e4ger Anna Tenje.<\/p>\n<p>Flerbarnsfamiljer f\u00e5r l\u00e4gre bidrag<\/p>\n<p>Regeringen och SD riktar in s\u00e4rskilt in sig p\u00e5 familjer med m\u00e5nga barn, som kommer att f\u00e5 avdrag fr\u00e5n det fj\u00e4rde barnet.<\/p>\n<p>Det handlar i praktiken fr\u00e4mst om familjer med utl\u00e4ndsk bakgrund.<\/p>\n<p>\u2013 Bland st\u00f6rre barnfamiljer med fyra barn eller fler som lever p\u00e5 f\u00f6rs\u00f6rjningsst\u00f6d \u00e4r det \u00f6ver 95 procent av dem som \u00e4r utrikesf\u00f6dda, s\u00e4ger Anna Tenje.<\/p>\n<p>Annons<\/p>\n<p>Fram\u00f6ver ska det inte heller g\u00e5 att g\u00f6ra undantag fr\u00e5n riksnormen.<\/p>\n<p>\u2013 Det kommer inte l\u00e4ngre vara m\u00f6jligt att besluta om h\u00f6gre bidrag lokalt, s\u00e4ger arbetsmarknadsminister Johan Britz (L).<\/p>\n<p>Kan dras in helt<\/p>\n<p>Regeringen vill \u00e4ven h\u00f6ja kraven p\u00e5 de som tar emot bidragen. Den som f\u00e5r f\u00f6rs\u00f6rjningsst\u00f6d ska ocks\u00e5 st\u00e5 till arbetsmarknadens f\u00f6rfogande, allts\u00e5 kunna ta ett jobb eller delta i aktiviteter f\u00f6r att p\u00e5 sikt kunna f\u00e5 ett.<\/p>\n<p>Den som inte kan g\u00f6ra det p\u00e5 grund av till exempel sjukdom ska bli tvungen att l\u00e4mna in ett l\u00e4karintyg.<\/p>\n<p>D\u00e5 kan man beh\u00f6va delta i s\u00e5 kallad arbetslivsinriktad rehabilitering. Om man s\u00e4ger nej till det eller inte dyker upp kan f\u00f6rs\u00f6rjningsst\u00f6det dras in helt eller s\u00e4nkas.<\/p>\n<p>\u2013 D\u00e5 ska socialn\u00e4mnden neka fortsatt f\u00f6rs\u00f6rjningsst\u00f6d. Det \u00e4r huvudregeln, s\u00e4ger Oscar Sj\u00f6stedt, ekonomiskpolitisk talesperson f\u00f6r SD.<\/p>\n<p>Samtidigt st\u00e4lls krav p\u00e5 kommunerna, som f\u00e5r ut\u00f6kade skyldigheter att erbjuda aktiviteter p\u00e5 heltid till personer med f\u00f6rs\u00f6rjningsst\u00f6d.<\/p>\n<p>De nya reglerna riktar ocks\u00e5 in sig p\u00e5 det s\u00e5 kallade skuggsamh\u00e4llet, med personer som inte har r\u00e4tt att vara i Sverige.<\/p>\n<p>\u2013 Den som inte vistas lagligen i landet ska inte heller ha r\u00e4tt till bist\u00e5nd, s\u00e4ger Oscar Sj\u00f6stedt.<\/p>\n<p>Det kommer g\u00e5 att f\u00e5 n\u00f6dbist\u00e5nd, men det \u00e4r enligt Sj\u00f6stedt \u201dverkligen undantagsfall\u201d.<\/p>\n","protected":false},"excerpt":{"rendered":"Publicerad 15 dec 2025 kl 12.55Uppdaterad kl 17.39 Regeringen vill s\u00e4nka bidragen. Omkring 150 000 hush\u00e5ll ber\u00e4knas f\u00e5&hellip;\n","protected":false},"author":2,"featured_media":106991,"comment_status":"","ping_status":"","sticky":false,"template":"","format":"standard","meta":{"footnotes":""},"categories":[5],"tags":[22,23,26,27,17,21,24,25,28,29,15,16,43,38,18,34,583,31,33,32,30,19,20],"class_list":{"0":"post-106990","1":"post","2":"type-post","3":"status-publish","4":"format-standard","5":"has-post-thumbnail","7":"category-rubriker","8":"tag-breaking-news","9":"tag-breakingnews","10":"tag-featured-news","11":"tag-featurednews","12":"tag-headlines","13":"tag-huvudnyheter","14":"tag-latest-news","15":"tag-latestnews","16":"tag-main-news","17":"tag-mainnews","18":"tag-news","19":"tag-nyheter","20":"tag-organization-regeringen","21":"tag-organization-sverigedemokraterna","22":"tag-rubriker","23":"tag-se","24":"tag-sections-politik","25":"tag-svenska","26":"tag-sverige","27":"tag-sweden","28":"tag-swedish","29":"tag-top-stories","30":"tag-topstories"},"share_on_mastodon":{"url":"https:\/\/pubeurope.com\/@se\/115724668334569825","error":""},"_links":{"self":[{"href":"https:\/\/www.europesays.com\/se\/wp-json\/wp\/v2\/posts\/106990","targetHints":{"allow":["GET"]}}],"collection":[{"href":"https:\/\/www.europesays.com\/se\/wp-json\/wp\/v2\/posts"}],"about":[{"href":"https:\/\/www.europesays.com\/se\/wp-json\/wp\/v2\/types\/post"}],"author":[{"embeddable":true,"href":"https:\/\/www.europesays.com\/se\/wp-json\/wp\/v2\/users\/2"}],"replies":[{"embeddable":true,"href":"https:\/\/www.europesays.com\/se\/wp-json\/wp\/v2\/comments?post=106990"}],"version-history":[{"count":0,"href":"https:\/\/www.europesays.com\/se\/wp-json\/wp\/v2\/posts\/106990\/revisions"}],"wp:featuredmedia":[{"embeddable":true,"href":"https:\/\/www.europesays.com\/se\/wp-json\/wp\/v2\/media\/106991"}],"wp:attachment":[{"href":"https:\/\/www.europesays.com\/se\/wp-json\/wp\/v2\/media?parent=106990"}],"wp:term":[{"taxonomy":"category","embeddable":true,"href":"https:\/\/www.europesays.com\/se\/wp-json\/wp\/v2\/categories?post=106990"},{"taxonomy":"post_tag","embeddable":true,"href":"https:\/\/www.europesays.com\/se\/wp-json\/wp\/v2\/tags?post=106990"}],"curies":[{"name":"wp","href":"https:\/\/api.w.org\/{rel}","templated":true}]}}