{"id":10701,"date":"2025-08-22T00:28:08","date_gmt":"2025-08-22T00:28:08","guid":{"rendered":"https:\/\/www.europesays.com\/se\/10701\/"},"modified":"2025-08-22T00:28:08","modified_gmt":"2025-08-22T00:28:08","slug":"guvernor-gavin-newsom-trollar-donald-trump-pa-trumps-satt-varlden","status":"publish","type":"post","link":"https:\/\/www.europesays.com\/se\/10701\/","title":{"rendered":"Guvern\u00f6r Gavin Newsom trollar Donald Trump p\u00e5 Trumps s\u00e4tt | V\u00e4rlden"},"content":{"rendered":"<p>Kaliforniens guvern\u00f6r Gavin Newsom sluggar sig fram mot presidentvalet 2028.<\/p>\n<p>Med sin nya strategi f\u00e5r han stor uppm\u00e4rksamhet \u2013 och \u00f6kad popularitet.<\/p>\n<p>Metoden: Trolla Trump p\u00e5 Trumps vis.<\/p>\n<p><img   alt=\"\"\/><\/p>\n<p>Gavin Newsom imiterar Donald Trumps stil p\u00e5 sociala medier \u2013 och kallar presidenten f\u00f6r \u201dTiny hands\u201d<\/p>\n<p>Foto: AA \/ STELLA PICTURES\/ABACA PRESS ABACA PRESS<\/p>\n<p>\u00d6ppna bild i helsk\u00e4rm<img loading=\"lazy\"   alt=\"\"\/> <\/p>\n<p>Foto: AARON SCHWARTZ \/ POOL \/ EPA CONSOLIDATED NEWS PHOTOS POOL<\/p>\n<p>\u00d6ppna bild i helsk\u00e4rm<img loading=\"lazy\"   alt=\"\"\/>\u00d6ppna bild i helsk\u00e4rmARTIKELN I KORTHET<\/p>\n<p>\u00a0Kaliforniens guvern\u00f6r Gavin Newsom imiterar Trumps ton i sociala medier f\u00f6r att driva med presidenten.<\/p>\n<p> Han publicerar inl\u00e4gg i Trumps stil \u2013 versaler, utropstecken och citationstecken \u2013 men med attacker mot Trump och hans allierade.<\/p>\n<p> Strategin kritiseras fr\u00e5n Vita huset och Fox News, men Newsom svarar med nya inl\u00e4gg.<\/p>\n<p> Antalet f\u00f6ljare p\u00e5 hans presskonto har \u00f6kat med 450 procent och Google-s\u00f6kningar om honom har rusat.<\/p>\n<p> Opinionsm\u00e4tningar visar att Newsoms st\u00f6d bland demokratiska v\u00e4ljare \u00f6kat mycket p\u00e5 kort tid.<\/p>\n<p>Visa mer<\/p>\n<p>Att <a href=\"https:\/\/www.expressen.se\/tagg\/person\/gavin-newsom\/\" rel=\"nofollow noopener\" target=\"_blank\">Gavin Newsom <\/a>st\u00e4ller upp i presidentvalet r\u00e5der det sannolikt ingen tvekan om. I flera \u00e5r har <a href=\"https:\/\/www.expressen.se\/tagg\/location\/kalifornien\/\" rel=\"nofollow noopener\" target=\"_blank\">Kaliforniens<\/a> guvern\u00f6r f\u00f6rs\u00f6kt positionera sig som den sj\u00e4lvklara kandidaten. F\u00f6rst, n\u00e4r <a href=\"https:\/\/www.expressen.se\/tagg\/person\/joe-biden\/\" rel=\"nofollow noopener\" target=\"_blank\">Joe Biden<\/a> kallade sig en \u00f6verg\u00e5ngspresident, en brygga till framtiden. Sedan, n\u00e4r det stod klart att Biden verkligen kandiderade en g\u00e5ng till, som en av de tydligaste st\u00e4llf\u00f6retr\u00e4darna f\u00f6r presidenten.\u00a0<\/p>\n<p>Efter valet har han skickat upp ett antal testballonger, m\u00f6jligen f\u00f6r att se vilken taktik som kan ge resultat.<\/p>\n<p>Han har startat en podd, d\u00e4r han inledningsvis intervjuade flera inflytelserika influencers p\u00e5 den yttersta h\u00f6gerkanten, som Charlie Kirk och <a href=\"https:\/\/www.expressen.se\/tagg\/person\/Steve%20Bannon\/\" rel=\"nofollow noopener\" target=\"_blank\">Steve Bannon<\/a>. Han reagerade \u2013 enligt demokrater uppfriskande \u2013 kraftfullt n\u00e4r <a href=\"https:\/\/www.expressen.se\/tagg\/person\/donald-trump\/\" rel=\"nofollow noopener\" target=\"_blank\">Donald Trump<\/a> tog \u00f6ver Kaliforniens nationalgarde och satte in mot demonstranter i Los Angeles. Han har tagit upp kampen mot <a href=\"https:\/\/www.expressen.se\/tagg\/location\/texas\/\" rel=\"nofollow noopener\" target=\"_blank\">Texas<\/a> republikaner, som ritar om valdistrikten f\u00f6r att tvinga fram nya platser i representanthuset till Republikanerna p\u00e5 Demokraternas bekostnad. Newsom har svarat med att \u2013 \u00e5tminstone f\u00f6rs\u00f6ka \u2013 g\u00f6ra motsvarande drag i Kalifornien.\u00a0<\/p>\n<p>Imiterar Donald Trump<\/p>\n<p>Och nu lanserar han det som ser ut att vara hans mest lyckade projekt. Att trolla Donald Trump och hans Maga-r\u00f6relse p\u00e5 Donald Trumps eget s\u00e4tt. Den senaste veckan har hans konto \u201d<a href=\"https:\/\/x.com\/GovPressOffice\" rel=\"nofollow\">Governor Newsom press office<\/a>\u201d publicerar inl\u00e4gg p\u00e5 inl\u00e4gg, skrivna med idel versaler, m\u00e4rkligt placerade citationstecken, m\u00e5nga utropstecken och en stil som tydligt imiterar presidentens s\u00e4tt att skriva. Men med tuffa angrepp p\u00e5 Donald Trump.\u00a0<\/p>\n<p>\u201dTRUMP FLYDDE JUST FR\u00c5N PODIET MED PUTIN \u2014 INGA FR\u00c5GOR, INGENTING! TOTALT L\u00c5G ENERGI&#8230; \u00c4R HAN R\u00c4DD ATT PRESSEN SKA FR\u00c5GA OM MIG??? (AMERIKAS FAVORITGUVERN\u00d6R)\u201d, <a href=\"https:\/\/x.com\/GovPressOffice\/status\/1956496301782417592\" rel=\"nofollow\">skrev han<\/a> efter m\u00f6tet i Alaska f\u00f6rra fredagen.<\/p>\n<p>\u201dM\u00c5NGA S\u00c4GER ATT HAN BAD PUTIN ATT H\u00c5LLA HANS (PYTTESM\u00c5) H\u00c4NDER P\u00c5 V\u00c4GEN UT.\u201d<\/p>\n<p><img loading=\"lazy\"   alt=\"\"\/> <\/p>\n<p>Foto: X<\/p>\n<p>\u00d6ppna bild i helsk\u00e4rm<img loading=\"lazy\"   alt=\"\"\/> <\/p>\n<p>Foto: X<\/p>\n<p>\u00d6ppna bild i helsk\u00e4rm<img loading=\"lazy\"   alt=\"\"\/> <\/p>\n<p>Foto: X<\/p>\n<p>\u00d6ppna bild i helsk\u00e4rm<img loading=\"lazy\"   alt=\"\"\/> <\/p>\n<p>Foto: X<\/p>\n<p>\u00d6ppna bild i helsk\u00e4rm<img loading=\"lazy\"   alt=\"\"\/> <\/p>\n<p>Foto: X<\/p>\n<p>\u00d6ppna bild i helsk\u00e4rm<\/p>\n<p>Ang\u00e5ende planerna p\u00e5 att rita om valdistrikten <a href=\"https:\/\/x.com\/GovPressOffice\/status\/1955411757540970603?ref_src=twsrc%5Etfw%7Ctwcamp%5Etweetembed%7Ctwterm%5E1955411757540970603%7Ctwgr%5Ef210d7f9725e634e14bee28a9c52f70590a2419a%7Ctwcon%5Es1_&amp;ref_url=https%3A%2F%2Fwww.huffpost.com%2Fentry%2Fgavin-newsom-donald-trump-mocking-maga-experts_n_68a38358e4b0b028bc3628a1\" rel=\"nofollow\">skriver Newsom<\/a>:<\/p>\n<p>\u201dKALIFORNIEN KOMMER NU ATT RITA NYA, MER \u201dVACKRA KARTOR\u201d, DE KOMMER ATT VARA HISTORISKA EFTERSOM DE KOMMER ATT AVSLUTA TRUMPS PRESIDENTSKAP (DEMOKRATERNA TAR TILLBAKA REPRESENTANTHUSET!).\u201d<\/p>\n<p>Andra inl\u00e4gg har drivit med Donald Trumps vana att l\u00e4gga ut AI-genererade bilder som f\u00f6rsk\u00f6nar honom. Bland annat med en bild p\u00e5 den k\u00e4nda Trump-supportern Kid Rock, med en text om att artisten <a href=\"https:\/\/x.com\/GovPressOffice\/status\/1957233788083442083\" rel=\"nofollow\">manar till st\u00f6d <\/a>f\u00f6r Newsom. Kid Rock blev uppr\u00f6rd och <a href=\"https:\/\/x.com\/KidRock\/status\/1957610006003741030?ref_src=twsrc%5Etfw%7Ctwcamp%5Etweetembed%7Ctwterm%5E1957610006003741030%7Ctwgr%5E887a59a64917ac0cb140e37b94c256fe9a9edb7b%7Ctwcon%5Es1_&amp;ref_url=https%3A%2F%2Fwww.huffpost.com%2Fentry%2Fkid-rock-gavin-newsom_n_68a53b45e4b021f2223618b2\" rel=\"nofollow\">svarade<\/a> \u201dDet enda st\u00f6det Gavin Newscum n\u00e5gonsin kommer att f\u00e5 fr\u00e5n mig \u00e4r fr\u00e5n DEEZ NUTZ\u201d, varp\u00e5 Newsom snabbt replikerade med <a href=\"https:\/\/x.com\/GovPressOffice\/status\/1957803768814399701\" rel=\"nofollow\">ett nytt inl\u00e4gg<\/a>:\u00a0<\/p>\n<p>\u201dJAG HATAR KID ROCK\u201d, med en <a href=\"https:\/\/x.com\/GovPressOffice\/status\/1957966132075495889\" rel=\"nofollow\">uppf\u00f6ljare<\/a> n\u00e5gra dagar senare \u201dHAR N\u00c5GON M\u00c4RKT ATT SEDAN JAG SA &#8217;JAG HATAR KID ROCK&#8217; \u00c4R HAN INTE L\u00c4NGRE &#8217;HET&#8217;?\u201d.<\/p>\n<p>Annons<\/p>\n<p>En tirad bekant fr\u00e5n valr\u00f6relsen, d\u00e5 Taylor Swift \u00f6ppet meddelat att hon t\u00e4nkte r\u00f6sta p\u00e5 Kamala Harris. D\u00e5 skrev Donald Trump f\u00f6rst \u201dJAG HATAR TAYLOR SWIFT\u201d, n\u00e5got han flera m\u00e5nader efter valsegern f\u00f6ljde upp med samma analys om Swift som <a href=\"https:\/\/www.expressen.se\/tagg\/person\/gavin-newsom\/\" class=\"\" rel=\"nofollow noopener\" target=\"_blank\">Gavin Newsom<\/a> nu g\u00f6r om Kid Rock \u2013 att hon inte l\u00e4ngre \u00e4r het.\u00a0<\/p>\n<p>Gavin Newsom f\u00f6rklarar<\/p>\n<p>P\u00e5 en <a href=\"https:\/\/www.youtube.com\/live\/5XC6hH7qqT0\" rel=\"nofollow noopener\" target=\"_blank\">presstr\u00e4ff<\/a> f\u00f6rklarar Newsom vad tanken \u00e4r: Att belysa hur f\u00e5niga presidentens inl\u00e4gg \u00e4r.<\/p>\n<p>\u2013 Jag f\u00f6ljer p\u00e5 s\u00e4tt och vis hans exempel. Om du har problem med det jag l\u00e4gger ut, borde du verkligen vara orolig f\u00f6r det han l\u00e4gger ut som president.\u00a0<\/p>\n<p>\u2013 Jag tror den djupare fr\u00e5gan \u00e4r hur vi har till\u00e5tit normaliseringen av hans tweets och Truth Social-inl\u00e4gg under m\u00e5nga \u00e5r att passera utan liknande granskning och uppm\u00e4rksamhet?<\/p>\n<p>Men f\u00f6rklaringen tycks inte sjunka in hos presidenten och hans allierade. I ett mail till <a href=\"https:\/\/www.nytimes.com\/2025\/08\/20\/us\/newsom-trump-social-media.html\" rel=\"nofollow noopener\" target=\"_blank\">New York Times<\/a> skriver Abigail Jackson, talesperson f\u00f6r Vita huset, att: \u201dInget med Newscum \u00e4r \u00e4kta&#8230; Det \u00e4r bara logiskt att han skulle f\u00f6rs\u00f6ka efterlikna presidentens vansinnigt framg\u00e5ngsrika kommunikationsstrategi.\u201d<\/p>\n<p>Guvern\u00f6ren kritiseras \u00e4ven p\u00e5 Fox News.<\/p>\n<p>\u2013 Om jag var hans fru skulle jag s\u00e4ga att &#8217;Du g\u00f6r dig till \u00e5tl\u00f6je&#8217;, s\u00e4ger Dana Perino.<\/p>\n<p>\u2013 Han har ett viktigt jobb som guvern\u00f6r i Kalifornien, men om han vill ha ett \u00e4nnu viktigare jobb m\u00e5ste han vara lite mer seri\u00f6s.<\/p>\n<p>Newsom <a href=\"https:\/\/x.com\/GovPressOffice\/status\/1957593773120303461\" rel=\"nofollow\">svarar<\/a> i flera <a href=\"https:\/\/x.com\/GovPressOffice\/status\/1957829287115157928\" rel=\"nofollow\">inl\u00e4gg<\/a>.<\/p>\n<p>\u201dN\u00c4STAN EN VECKA HAR G\u00c5TT OCH DE F\u00d6RST\u00c5R FORTFARANDE INTE\u201d.<\/p>\n<p>\u201dDANA &#8217;DING DONG&#8217; PERINO (HADE ALDRIG H\u00d6RT TALAS OM HENNE F\u00d6RR\u00c4N IDAG!) BRYTER IHOP P\u00c5 GRUND AV MIG, GAVIN C. NEWSOM! FOX HATAR ATT JAG \u00c4R AMERIKAS ABSOLUTA FAVORITGUVERN\u00d6R (\u201dOPINIONS-KUNGEN\u201d) SOM R\u00c4DDAR AMERIKA&#8230; FOX TAPPAR DET, F\u00d6R N\u00c4R JAG SKRIVER VINNER AMERIKA NU!!!\u201d<\/p>\n<p>Perino svarar p\u00e5 Fox-programmet \u201dThe Five\u201d att hon mycket v\u00e4l f\u00f6rst\u00e5r, men att det inte \u00e4r roligt.<\/p>\n<p>\u2013 Jag trodde de hatade Trump, men de f\u00f6rs\u00f6ker bli mer som honom. Vad jag f\u00f6rs\u00f6kte s\u00e4ga var att jag tror att alla m\u00e5ste f\u00f6rs\u00f6ka hitta sin egen v\u00e4g.<\/p>\n<p>Newsom \u00f6kar i m\u00e4tningar och f\u00f6ljare<\/p>\n<p>Fungerar strategin? Uppm\u00e4rksamhet har han i alla fall f\u00e5tt. Enligt CNN:s dataanalytiker Harry Enten har Newsoms presskonto \u00f6kat antalet f\u00f6ljare med 450 procent sedan juni. Under samma period har google-s\u00f6kningar p\u00e5 Kaliforniens guvern\u00f6r \u00f6kat med 1 300 procent \u2013 under augusti med 500 procent. Samtidigt ber\u00e4knas hans chanser till att bli Demokraternas kandidat ha \u00f6kat fr\u00e5n 11 procent till 24 procent.<\/p>\n<p>Tv\u00e5 m\u00e4tningar de senaste dagarna indikerar ocks\u00e5 att hans siffror \u00f6kar i opinionen. <a href=\"https:\/\/www.newsweek.com\/primary-presidential-poll-newsom-surge-2115412\" rel=\"nofollow noopener\" target=\"_blank\">Echelon Insights m\u00e4tning <\/a>placerar honom som nummer tv\u00e5 bland t\u00e4nkbara demokratiska kandidater, p\u00e5 13 procent, slagen endast av Kamala Harris med 26 procent. I april hade Newsom bara 4 procent i motsvarande m\u00e4tning. I Kalifornien \u00e4r han favorit f\u00f6re Harris \u2013 \u00e4ven hon kommer d\u00e4rifr\u00e5n \u2013 med 25 procent mot den tidigare presidentkandidatens 19 procent.\u00a0<\/p>\n","protected":false},"excerpt":{"rendered":"Kaliforniens guvern\u00f6r Gavin Newsom sluggar sig fram mot presidentvalet 2028. Med sin nya strategi f\u00e5r han stor uppm\u00e4rksamhet&hellip;\n","protected":false},"author":2,"featured_media":10702,"comment_status":"","ping_status":"","sticky":false,"template":"","format":"standard","meta":{"footnotes":""},"categories":[5],"tags":[22,23,26,27,17,21,24,25,1503,28,29,15,16,198,1502,1483,1504,1505,776,18,34,55,31,33,32,30,19,204,20],"class_list":{"0":"post-10701","1":"post","2":"type-post","3":"status-publish","4":"format-standard","5":"has-post-thumbnail","7":"category-rubriker","8":"tag-breaking-news","9":"tag-breakingnews","10":"tag-featured-news","11":"tag-featurednews","12":"tag-headlines","13":"tag-huvudnyheter","14":"tag-latest-news","15":"tag-latestnews","16":"tag-location-kalifornien","17":"tag-main-news","18":"tag-mainnews","19":"tag-news","20":"tag-nyheter","21":"tag-person-donald-trump","22":"tag-person-gavin-newsom","23":"tag-person-joe-biden","24":"tag-person-kamala-harris","25":"tag-person-steve-bannon","26":"tag-person-taylor-swift","27":"tag-rubriker","28":"tag-se","29":"tag-sections-varlden","30":"tag-svenska","31":"tag-sverige","32":"tag-sweden","33":"tag-swedish","34":"tag-top-stories","35":"tag-topic-amerikansk-politik","36":"tag-topstories"},"share_on_mastodon":{"url":"","error":""},"_links":{"self":[{"href":"https:\/\/www.europesays.com\/se\/wp-json\/wp\/v2\/posts\/10701","targetHints":{"allow":["GET"]}}],"collection":[{"href":"https:\/\/www.europesays.com\/se\/wp-json\/wp\/v2\/posts"}],"about":[{"href":"https:\/\/www.europesays.com\/se\/wp-json\/wp\/v2\/types\/post"}],"author":[{"embeddable":true,"href":"https:\/\/www.europesays.com\/se\/wp-json\/wp\/v2\/users\/2"}],"replies":[{"embeddable":true,"href":"https:\/\/www.europesays.com\/se\/wp-json\/wp\/v2\/comments?post=10701"}],"version-history":[{"count":0,"href":"https:\/\/www.europesays.com\/se\/wp-json\/wp\/v2\/posts\/10701\/revisions"}],"wp:featuredmedia":[{"embeddable":true,"href":"https:\/\/www.europesays.com\/se\/wp-json\/wp\/v2\/media\/10702"}],"wp:attachment":[{"href":"https:\/\/www.europesays.com\/se\/wp-json\/wp\/v2\/media?parent=10701"}],"wp:term":[{"taxonomy":"category","embeddable":true,"href":"https:\/\/www.europesays.com\/se\/wp-json\/wp\/v2\/categories?post=10701"},{"taxonomy":"post_tag","embeddable":true,"href":"https:\/\/www.europesays.com\/se\/wp-json\/wp\/v2\/tags?post=10701"}],"curies":[{"name":"wp","href":"https:\/\/api.w.org\/{rel}","templated":true}]}}