{"id":107032,"date":"2025-12-15T17:58:12","date_gmt":"2025-12-15T17:58:12","guid":{"rendered":"https:\/\/www.europesays.com\/se\/107032\/"},"modified":"2025-12-15T17:58:12","modified_gmt":"2025-12-15T17:58:12","slug":"anmalan-mot-maria-tornqvist-har-kommit-in-till-lansstyrelsen","status":"publish","type":"post","link":"https:\/\/www.europesays.com\/se\/107032\/","title":{"rendered":"Anm\u00e4lan mot Maria T\u00f6rnqvist har kommit in till L\u00e4nsstyrelsen"},"content":{"rendered":"<p>Maria T\u00f6rnqvist utreds av Svensk Travsport \u2022 Anm\u00e4lan har kommit in till L\u00e4nsstyrelsen \u2022 Nya vittnen har f\u00f6rh\u00f6rts<img decoding=\"async\" class=\"image-asset hyperion-css-n6kkq1\" data-test-tag=\"image-asset\" src=\"https:\/\/www.europesays.com\/se\/wp-content\/uploads\/2025\/12\/1765821489_816_8beae7be-3be2-45da-b868-a42c79c28435\"  alt=\"\"  loading=\"lazy\" fetchpriority=\"auto\" style=\"aspect-ratio:1900 \/ 1900\"\/><img decoding=\"async\" class=\"image-asset hyperion-css-n6kkq1\" data-test-tag=\"image-asset\" src=\"https:\/\/www.europesays.com\/se\/wp-content\/uploads\/2025\/12\/1765821490_562_bd28e84d-e0c7-4149-a49a-07505da353ed\"  alt=\"\"  loading=\"lazy\" fetchpriority=\"auto\" style=\"aspect-ratio:1900 \/ 1900\"\/>share-arrowDela<\/p>\n<p>unsaveSpara<\/p>\n<p>expand-left<\/p>\n<p>helsk\u00e4rm<img decoding=\"async\" class=\"image-asset hyperion-css-u06ts1\" data-test-tag=\"image-asset\" src=\"https:\/\/www.europesays.com\/se\/wp-content\/uploads\/2025\/12\/0367e187-257a-4be8-bc71-feeb1ee483d0\"  alt=\"En utredning av Svensk Travsport har inletts mot Maria T\u00f6rnqvist.\"  loading=\"eager\" fetchpriority=\"high\" style=\"aspect-ratio:1200 \/ 600\"\/>En utredning av Svensk Travsport har inletts mot Maria T\u00f6rnqvist. Foto: Lars Jakobsson\/Tr Media<\/p>\n<p class=\"hyperion-css-1shl3oz\" data-test-tag=\"lead-text\">Svensk Travsport utreder stortr\u00e4naren Maria T\u00f6rnqvist efter en film med ljud av piskrapp mot en av hennes h\u00e4star. P\u00e5 filmen finns \u00e4ven kusken Dwight Pieters med.<\/p>\n<p class=\"hyperion-css-1shl3oz\" data-test-tag=\"lead-text\">Nu har en anm\u00e4lan kommit in till L\u00e4nsstyrelsen, initialt f\u00f6r misstanke om bristande djurh\u00e5llning.<\/p>\n<p class=\"hyperion-css-1shl3oz\" data-test-tag=\"lead-text\">\u201d\u00c4renden av denna typ skickas alltid till polis samt ses \u00f6ver av v\u00e5ra l\u00e4nsveterin\u00e4rer\u201d, skriver Julia Fridlund, djurskyddskontrollant p\u00e5 L\u00e4nsstyrelsen i ett mail till Trav365.<\/p>\n<p class=\"hyperion-css-1v9qo5x\">Den 9 december spreds en film p\u00e5 sociala medier. P\u00e5 filmen syns tv\u00e5 ekipage i tr\u00e4ning och ljud som liknar piskrapp mot en av travh\u00e4starna.<\/p>\n<p class=\"hyperion-css-1v9qo5x\">Dagen efter meddelade <a aria-label=\"f\u00f6rbundet Svensk Travsport\" class=\"sportbladet hyperion-css-15jkft9\" href=\"https:\/\/www.travsport.se\/arkiv\/nyheter\/2025\/december\/med-anledning-av-den-film-som-spridits\/\" rel=\"noopener nofollow noreferrer\" data-test-tag=\"external-link\" target=\"_blank\">f\u00f6rbundet Svensk Travsport<\/a> att en utredning \u00e4r startad och samtidigt valde stortr\u00e4naren Maria T\u00f6rnqvist att tr\u00e4da <a aria-label=\"fram i Travronden\" class=\"sportbladet hyperion-css-15jkft9\" href=\"https:\/\/www.travronden.se\/travsport\/halsa\/hastvalfard\/a\/maria-tornqvist-trader-fram-efter-video-med-piskrapp\" rel=\"noopener nofollow noreferrer\" data-test-tag=\"external-link\" target=\"_blank\">fram i Travronden<\/a> och ber\u00e4tta att hon var en av personerna p\u00e5 filmen. Den andra \u00e4r stallets f\u00f6rstekusk, och hennes sambo, Dwight Pieters.<\/p>\n<p>\u201dF\u00f6rst\u00e5r att det l\u00e5ter v\u00e4ldigt illa\u201d<\/p>\n<p class=\"hyperion-css-1v9qo5x\">Historierna vad som utspelar sig p\u00e5 filmen, som Trav365 har tagit del av, skiljer sig kraftigt \u00e5t.<\/p>\n<p class=\"hyperion-css-1v9qo5x\">Vittnet och personen som filmade har <a data-test-tag=\"internal-link\" href=\"https:\/\/www.aftonbladet.se\/sportbladet\/trav365\/a\/7pl4wo\/travtranaren-maria-tornqvist-utreds-av-svensk-travsport-efter-film-pa-sociala-medier\" class=\"hyperion-css-15jkft9\" rel=\"nofollow noopener\" target=\"\" aria-label=\"ber\u00e4ttat f\u00f6r Trav365\" theme=\"sportbladet\">ber\u00e4ttat f\u00f6r Trav365<\/a> hur flertalet piskrapp har delats ut mot h\u00e4sten som k\u00f6rdes av Dwight Pieters.<\/p>\n<p class=\"hyperion-css-1v9qo5x\">\u2013 I b\u00f6rjan slog tr\u00e4naren ingenting, hon var bakom en egen h\u00e4st. N\u00e4r tr\u00e4naren v\u00e4nde sin h\u00e4st piskade hon h\u00e4sten ocks\u00e5. Det man ser p\u00e5 filmen \u00e4r fr\u00e4mst n\u00e4r tr\u00e4naren sl\u00e5r h\u00e4sten. Jag st\u00e5r f\u00f6r det h\u00e4r, f\u00f6r vad jag sett och vad jag filmat, har filmaren sagt.<\/p>\n<p class=\"hyperion-css-1v9qo5x\">Maria T\u00f6rnqvists version skiljer sig \u00e5t. Enligt henne blev h\u00e4sten, som k\u00f6rdes av Dwight Pieters, r\u00e4dd f\u00f6r en hund och sprang ner i ett dike, en situation som inte \u00e4r med i filmen. Man slog lite p\u00e5 skalmen f\u00f6r att undvika en olycka.<\/p>\n<p class=\"hyperion-css-1v9qo5x\">\u2013 Vi f\u00f6rs\u00f6ker helt enkelt f\u00e5 upp henne ur diket och sl\u00e5r p\u00e5 skalmen med pisken f\u00f6r att undvika en olycka. Men jag f\u00f6rst\u00e5r verkligen att det som h\u00f6rs p\u00e5 klippet l\u00e5ter v\u00e4ldigt illa. Jag g\u00f6r verkligen det, har Maria T\u00f6rnqvist <a data-test-tag=\"internal-link\" href=\"https:\/\/www.aftonbladet.se\/sportbladet\/trav365\/a\/7pl4wo\/travtranaren-maria-tornqvist-utreds-av-svensk-travsport-efter-film-pa-sociala-medier\" class=\"hyperion-css-15jkft9\" rel=\"nofollow noopener\" target=\"\" aria-label=\"sagt till Trav365.\" theme=\"sportbladet\">sagt till Trav365.<\/a><\/p>\n<p>expand-left<\/p>\n<p>helsk\u00e4rm<img decoding=\"async\" class=\"image-asset hyperion-css-u06ts1\" data-test-tag=\"image-asset\" src=\"https:\/\/www.europesays.com\/se\/wp-content\/uploads\/2025\/12\/8f5a5795-6afd-462f-bec6-222785f711f8\"  alt=\"Dwight Pieters och Maria T\u00f6rnqvist.\"  loading=\"eager\" fetchpriority=\"high\" style=\"aspect-ratio:1900 \/ 1266\"\/>Dwight Pieters och Maria T\u00f6rnqvist. Foto: Mikael Wikner\/Tr Media\u201dJag \u00e4r huvudpersonen\u201d<\/p>\n<p class=\"hyperion-css-1v9qo5x\">Dagen efter valde kusken Dwight Pieters att ta p\u00e5 sig hela situationen, i en <a data-test-tag=\"internal-link\" href=\"https:\/\/www.aftonbladet.se\/sportbladet\/trav365\/a\/m06xGq\/travkusken-dwight-pieters-uttalar-sig-efter-omdiskuterade-klippet\" class=\"hyperion-css-15jkft9\" rel=\"nofollow noopener\" target=\"\" aria-label=\"intervju med Kanal 75.\" theme=\"sportbladet\">intervju med Kanal 75.<\/a><\/p>\n<p class=\"hyperion-css-1v9qo5x\">\u2013 Jag var med i situationen, jag var v\u00e4l huvudpersonen i hela situationen. Det utg\u00e5r mer fr\u00e5n mig \u00e4n Maria tror jag, sa han och f\u00f6rklarade att anv\u00e4ndandet av k\u00f6rsp\u00f6et kom fr\u00e5n honom.<\/p>\n<p class=\"hyperion-css-1v9qo5x\">Samtidigt som Svensk Travsports utredning p\u00e5g\u00e5r har \u00e4ven en anm\u00e4lan till L\u00e4nsstyrelsen kommit in. Initialt f\u00f6r misstanke om bristande djurh\u00e5llning. \u00c4rendet har inte f\u00e5tt n\u00e5gon handl\u00e4ggare \u00e4nnu.<\/p>\n<p class=\"hyperion-css-1v9qo5x\">\u201dGenerellt kan jag s\u00e4ga att L\u00e4nsstyrelsen hanterar \u00e4renden utifr\u00e5n djurskyddslagen. Det \u00e4r polismyndigheten som utreder fr\u00e5gan om djurpl\u00e5geri\u201d, skriver Julia Fridlund, djurskyddskontrollant p\u00e5 L\u00e4nsstyrelsen i V\u00e4stra G\u00f6taland i ett mail till Trav365.<\/p>\n<p class=\"hyperion-css-1v9qo5x\"><strong>Hur arbetar ni med \u00e4rendet?<\/strong><\/p>\n<p class=\"hyperion-css-1v9qo5x\">\u201d\u00c4rendet kommer att tilldelas en handl\u00e4ggare som sedan hanterar \u00e4rendet utefter v\u00e5ra rutiner. \u00c4renden av denna typ skickas alltid till polis samt ses \u00f6ver av v\u00e5ra l\u00e4nsveterin\u00e4rer\u201d.<\/p>\n<p>expand-left<\/p>\n<p>helsk\u00e4rm<img decoding=\"async\" class=\"image-asset hyperion-css-u06ts1\" data-test-tag=\"image-asset\" src=\"https:\/\/www.europesays.com\/se\/wp-content\/uploads\/2025\/12\/624bd308-3740-4444-961d-529749e144e7\"  alt=\"H\u00e4r \u00e4r en bild fr\u00e5n den omtalade filmen.\"  loading=\"eager\" fetchpriority=\"high\" style=\"aspect-ratio:1200 \/ 600\"\/>H\u00e4r \u00e4r en bild fr\u00e5n den omtalade filmen. Foto: Privat\u201dHaft fler samtal\u201d<\/p>\n<p class=\"hyperion-css-1v9qo5x\">Trav365 har \u00e4ven uppgifter p\u00e5 att ytterligare personer med n\u00e4ra insyn har vittnat i utredningen till Svensk Travsport.<\/p>\n<p class=\"hyperion-css-1v9qo5x\">Mattias Falkb\u00e5ge \u00e4r avdelningschef f\u00f6r h\u00e4stv\u00e4lf\u00e4rd\/antidopning p\u00e5 Svensk Travsport, och h\u00e5ller i utredningen.<\/p>\n<p class=\"hyperion-css-1v9qo5x\">Han vill inte bekr\u00e4fta Trav365:s uppgifter, men s\u00e4ger:<\/p>\n<p class=\"hyperion-css-1v9qo5x\">\u2013 Det \u00e4r detaljer i utredningen som jag inte vill g\u00e5 in p\u00e5, men vi har haft fler samtal \u00e4n bara med personerna som ber\u00f6rs i filmen.<\/p>\n<p class=\"hyperion-css-1v9qo5x\">Just nu \u00e4r Svensk Travsport i insamlingsfasen av bevis \u2013 och arbetar med att optimera det film- och bildmaterial man har tagit del av. <\/p>\n<p class=\"hyperion-css-1v9qo5x\">\u2013 Vi \u00e4r fortfarande i en fas d\u00e4r vi samlar p\u00e5 oss s\u00e5 mycket som m\u00f6jligt. N\u00e4r det blir v\u00e4ldigt uppm\u00e4rksammat medialt \u00e4r det inte ovanligt att fler h\u00f6r av sig till oss med information. Varje g\u00e5ng n\u00e5gon g\u00f6r det, d\u00e5 forts\u00e4tter inh\u00e4mtningsfasen. Det viktiga \u00e4r att f\u00e5 helhetsbilden s\u00e5 korrekt som m\u00f6jligt s\u00e5 vi sen kan ta beslut utifr\u00e5n det.<\/p>\n<p>\u201dBrukar ha en bra dialog\u201d<\/p>\n<p class=\"hyperion-css-1v9qo5x\"><strong>En anm\u00e4lan till L\u00e4nsstyrelsen \u00e4r gjord. Hur fungerar samarbetet?<\/strong><\/p>\n<p class=\"hyperion-css-1v9qo5x\">\u2013 Det kan vara p\u00e5 lite olika s\u00e4tt efter \u00e4rendets karakt\u00e4r. Ibland blir det som att vi har tv\u00e5 parallella \u00e4renden. Sen s\u00e5 h\u00f6r man av sig mot slutfasen till varandra. Det \u00e4r inte ovanligt att L\u00e4nsstyrelsen \u00e4r intresserade av vad vi har f\u00e5tt fram innan de tar beslut.<\/p>\n<p class=\"hyperion-css-1v9qo5x\">\u2013 V\u00e5r utg\u00e5ngspunkt \u00e4r att om myndigheter h\u00f6r av sig om ett samarbete eller beh\u00f6ver underlag f\u00f6r att kunna ta beslut och vi besitter p\u00e5 dom underlagen, d\u00e5 samarbetar vi. Vi brukar ha en bra dialog.<\/p>\n<p class=\"hyperion-css-1v9qo5x\"><strong>N\u00e4r kan ni komma fram till ett beslut?<\/strong><\/p>\n<p class=\"hyperion-css-1v9qo5x\">\u2013 Jag kan inte s\u00e4ga det i nul\u00e4get. S\u00e5 l\u00e4nge det finns personer som fortfarande har information som man vill l\u00e4mna, d\u00e5 beh\u00f6ver vi ta de samtalen och ta den tiden f\u00f6r att f\u00e5 alla delar p\u00e5 plats. Vi n\u00e4rmar oss helger och nu fokuserar vi p\u00e5 att h\u00e5lla nya samtal och d\u00e4refter p\u00e5 att f\u00e5 helhetsbilden av alla samtal samt optimering av film. D\u00e4refter kan vi s\u00e4tta oss ner och diskutera hur vi b\u00f6r g\u00e5 vidare.<\/p>\n<p>expand-left<\/p>\n<p>helsk\u00e4rm<img decoding=\"async\" class=\"image-asset hyperion-css-u06ts1\" data-test-tag=\"image-asset\" src=\"https:\/\/www.europesays.com\/se\/wp-content\/uploads\/2025\/12\/bc7d3c06-55df-4d74-9666-160b554d82b1\"  alt=\"Mattias Falkb\u00e5ge.\"  loading=\"eager\" fetchpriority=\"high\" style=\"aspect-ratio:1200 \/ 600\"\/>Mattias Falkb\u00e5ge. Foto: Thomas Blomqvist\/Tr Media\u201dBeslut n\u00e4r vi har helhetsbilden\u201d<\/p>\n<p class=\"hyperion-css-1v9qo5x\"><strong>\u00c4rendet \u00e4r prioriterat. Hur allvarligt ser ni p\u00e5 det?<\/strong><\/p>\n<p class=\"hyperion-css-1v9qo5x\">\u2013 Allvarlighetsgraden f\u00e5r vi bed\u00f6ma n\u00e4r vi vet exakt vad som har skett. Nu har vi en film som vi kan utg\u00e5 ifr\u00e5n. Vi har samtal, delar av det vi ser och h\u00f6r d\u00e4r k\u00e4nns allvarligt utifr\u00e5n vikten hur vi behandlar v\u00e5ra h\u00e4star.<\/p>\n<p class=\"hyperion-css-1v9qo5x\">\u2013 Utifr\u00e5n filmen och samtal vi har haft s\u00e5 ser vi att det \u00e4r tv\u00e5 personer som \u00e4r involverade. Sen exakt vem som har gjort vad, det kommer bli \u00e4n mer tydligt n\u00e4r vi optimerat filmen och efter fortsatta samtal. Det f\u00e5r vi ta beslut om n\u00e4r vi har helhetsbilden.<\/p>\n<p class=\"hyperion-css-1v9qo5x\">Mattias Falkb\u00e5ge vill inte spekulera i ett eventuellt utfall efter att utredningen \u00e4r klar.<\/p>\n<p class=\"hyperion-css-1v9qo5x\">\u2013 Det f\u00e5r vi bed\u00f6ma n\u00e4r vi ser vad filmerna visar, n\u00e4r vi har en sammanfattning av samtalen och vad vi kan bevisa har skett. N\u00e4r vi \u00e4r klara med inh\u00e4mtningsfasen och haft de samtal vi vill ha s\u00e5 blir sen n\u00e4sta steg i processen att s\u00e4tta sig internt och titta p\u00e5 hur vi g\u00e5r vidare.<\/p>\n<p>expand-left<\/p>\n<p>helsk\u00e4rm<img decoding=\"async\" class=\"image-asset hyperion-css-u06ts1\" data-test-tag=\"image-asset\" src=\"https:\/\/www.europesays.com\/se\/wp-content\/uploads\/2025\/12\/36e33c7d-ef15-491f-b9af-6f1b92b9883b\"  alt=\"Maria T\u00f6rnqvists stall har k\u00f6rt in 14 miljoner kronor i \u00e5r.\"  loading=\"eager\" fetchpriority=\"high\" style=\"aspect-ratio:1900 \/ 1344\"\/>Maria T\u00f6rnqvists stall har k\u00f6rt in 14 miljoner kronor i \u00e5r. Foto: Malin Albinsson\/Tr MediaVill inte kommentera<\/p>\n<p class=\"hyperion-css-1v9qo5x\">Trav365 har varit i kontakt med b\u00e5de Maria T\u00f6rnqvist och Dwight Pieters som inte vill kommentera n\u00e5gonting mera, utan h\u00e4nvisar till Svensk Travsports utredning som dom inv\u00e4ntar svar p\u00e5.<\/p>\n<p class=\"hyperion-css-1v9qo5x\">Maria T\u00f6rnqvist har i en <a data-test-tag=\"internal-link\" href=\"https:\/\/www.aftonbladet.se\/sportbladet\/trav365\/a\/7pl4wo\/travtranaren-maria-tornqvist-utreds-av-svensk-travsport-efter-film-pa-sociala-medier\" class=\"hyperion-css-15jkft9\" rel=\"nofollow noopener\" target=\"\" aria-label=\"tidigare intervju med Trav365\" theme=\"sportbladet\">tidigare intervju med Trav365<\/a> kommenterat att hon mer eller mindre pekas ut som djurpl\u00e5gare.<\/p>\n<p class=\"hyperion-css-1v9qo5x\">\u2013 Som sagt, jag f\u00f6rst\u00e5r folks reaktioner, jag f\u00f6rst\u00e5r hur dom upplever det. Men g\u00e5rden \u00e4r \u00f6ppen och vi v\u00e4lkomnar folk till g\u00e5rden. Vi str\u00e4var efter en h\u00f6g djurv\u00e4lf\u00e4rd och folk kan se att v\u00e5ra h\u00e4star \u00e4r v\u00e4lm\u00e5ende. Vi \u00e4lskar v\u00e5ra h\u00e4star, sa hon d\u00e5.<\/p>\n<p>Vann storloppet<\/p>\n<p class=\"hyperion-css-1v9qo5x\">Maria T\u00f6rnqvist \u00e4r en av Sveriges mest framst\u00e5ende travtr\u00e4nare. <\/p>\n<p class=\"hyperion-css-1v9qo5x\">Stallet har k\u00f6rt in \u00f6ver 14 miljoner kronor efter 83 segrar i \u00e5r. Hon har 111 h\u00e4star p\u00e5 sin tr\u00e4ningslista och ligger p\u00e5 tionde plats \u00f6ver \u00e5rets vinstrikaste travtr\u00e4nare.<\/p>\n<p class=\"hyperion-css-1v9qo5x\">Den 20 augusti i \u00e5r vann hennes Bicc&#8217;s Tobee klassikerloppet Margareta Wallenius-Klebergs Pokal, tidigare Jubileumspokalen, p\u00e5 Solvalla, med Dwight Pieters i sulkyn.<\/p>\n<p class=\"hyperion-css-1v9qo5x\">I fjol var blev hon dessutom b\u00e4st av alla hemmatr\u00e4nare p\u00e5 \u00c5bytravet d\u00e5 stallet k\u00f6rde in 9,5 miljoner kronor. Hon br\u00f6t d\u00e4rmed en 88 \u00e5r l\u00e5ng dominans av m\u00e4n p\u00e5 hemmabanan.<\/p>\n<p class=\"hyperion-css-1v9qo5x\">P\u00e5 l\u00f6rdag startar Maria T\u00f6rnqvist tv\u00e5 h\u00e4star p\u00e5 V85 fr\u00e5n Halmstad. Det handlar om 11 Rosso Rubino (V85-2) samt f\u00f6rhandsfavoriten 2 Fawaz Mil (V85-8). B\u00e5da h\u00e4starna k\u00f6rs av Dwight Pieters.<\/p>\n","protected":false},"excerpt":{"rendered":"Maria T\u00f6rnqvist utreds av Svensk Travsport \u2022 Anm\u00e4lan har kommit in till L\u00e4nsstyrelsen \u2022 Nya vittnen har f\u00f6rh\u00f6rtsshare-arrowDela&hellip;\n","protected":false},"author":2,"featured_media":107033,"comment_status":"","ping_status":"","sticky":false,"template":"","format":"standard","meta":{"footnotes":""},"categories":[67],"tags":[104,34,31,33,32,30,105],"class_list":{"0":"post-107032","1":"post","2":"type-post","3":"status-publish","4":"format-standard","5":"has-post-thumbnail","7":"category-underhallning","8":"tag-entertainment","9":"tag-se","10":"tag-svenska","11":"tag-sverige","12":"tag-sweden","13":"tag-swedish","14":"tag-underhallning"},"share_on_mastodon":{"url":"https:\/\/pubeurope.com\/@se\/115724884900524806","error":""},"_links":{"self":[{"href":"https:\/\/www.europesays.com\/se\/wp-json\/wp\/v2\/posts\/107032","targetHints":{"allow":["GET"]}}],"collection":[{"href":"https:\/\/www.europesays.com\/se\/wp-json\/wp\/v2\/posts"}],"about":[{"href":"https:\/\/www.europesays.com\/se\/wp-json\/wp\/v2\/types\/post"}],"author":[{"embeddable":true,"href":"https:\/\/www.europesays.com\/se\/wp-json\/wp\/v2\/users\/2"}],"replies":[{"embeddable":true,"href":"https:\/\/www.europesays.com\/se\/wp-json\/wp\/v2\/comments?post=107032"}],"version-history":[{"count":0,"href":"https:\/\/www.europesays.com\/se\/wp-json\/wp\/v2\/posts\/107032\/revisions"}],"wp:featuredmedia":[{"embeddable":true,"href":"https:\/\/www.europesays.com\/se\/wp-json\/wp\/v2\/media\/107033"}],"wp:attachment":[{"href":"https:\/\/www.europesays.com\/se\/wp-json\/wp\/v2\/media?parent=107032"}],"wp:term":[{"taxonomy":"category","embeddable":true,"href":"https:\/\/www.europesays.com\/se\/wp-json\/wp\/v2\/categories?post=107032"},{"taxonomy":"post_tag","embeddable":true,"href":"https:\/\/www.europesays.com\/se\/wp-json\/wp\/v2\/tags?post=107032"}],"curies":[{"name":"wp","href":"https:\/\/api.w.org\/{rel}","templated":true}]}}