{"id":107039,"date":"2025-12-15T18:08:30","date_gmt":"2025-12-15T18:08:30","guid":{"rendered":"https:\/\/www.europesays.com\/se\/107039\/"},"modified":"2025-12-15T18:08:30","modified_gmt":"2025-12-15T18:08:30","slug":"efterfragan-pa-silver-slar-rekord-foljer-ofta-guldet","status":"publish","type":"post","link":"https:\/\/www.europesays.com\/se\/107039\/","title":{"rendered":"Efterfr\u00e5gan p\u00e5 silver sl\u00e5r rekord: &#8221;F\u00f6ljer ofta guldet&#8221;"},"content":{"rendered":"<p>Industri driver efterfr\u00e5gan<\/p>\n<p class=\"font-sans text-base text-text-main dark:text-text-main-dark font-normal leading-[1.4]\">Enligt Darwei Kung har silver varit underv\u00e4rderat under l\u00e5ng tid.<\/p>\n<p class=\"font-sans text-base text-text-main dark:text-text-main-dark font-normal leading-[1.4]\">&#8221;Investerare har varit betydligt mer intresserade av guld, och silver har inte f\u00e5tt samma uppm\u00e4rksamhet. Samtidigt har den industriella efterfr\u00e5gan \u00f6kat snabbt de senaste \u00e5ren&#8221;, s\u00e4ger han.<\/p>\n<p class=\"font-sans text-base text-text-main dark:text-text-main-dark font-normal leading-[1.4]\">Silver \u00e4r b\u00e5de en \u00e4delmetall och en industrimetall, och p\u00e5verkas d\u00e4rf\u00f6r b\u00e5de av ekonomi och investeringstrender. Cirka 58% av efterfr\u00e5gan p\u00e5 metallen kommer fr\u00e5n industrin d\u00e4r den bland annat anv\u00e4nds inom solpaneler, elektronik och AI-chip. Den industriella efterfr\u00e5gan \u00f6kar snabbt vilket ger silvret en mer stabil och l\u00e5ngsiktig efterfr\u00e5gebas.<\/p>\n<p class=\"font-sans text-base text-text-main dark:text-text-main-dark font-normal leading-[1.4]\">Silvermarknaden upplever sitt femte raka \u00e5r med underskott. Totalt 118 miljoner uns ber\u00e4knas saknas i \u00e5r. Silver \u00e4r oftast en biprodukt fr\u00e5n gruvor som producerar koppar eller nickel, och d\u00e4rf\u00f6r \u00e4r produktionen sv\u00e5rare att styra.<\/p>\n<p class=\"font-sans text-base text-text-main dark:text-text-main-dark font-normal leading-[1.4]\">P\u00e5 fr\u00e5gan vad som skulle v\u00e4nda trenden f\u00f6r silvret \u00e4r svaret fr\u00e5n DWS-chefen att en global recession \u00e4r det mest troliga scenariot. En minskad ekonomisk aktivitet s\u00e4nker efterfr\u00e5gan p\u00e5 industrimetaller som silver.<\/p>\n","protected":false},"excerpt":{"rendered":"Industri driver efterfr\u00e5gan Enligt Darwei Kung har silver varit underv\u00e4rderat under l\u00e5ng tid. &#8221;Investerare har varit betydligt mer&hellip;\n","protected":false},"author":2,"featured_media":107040,"comment_status":"","ping_status":"","sticky":false,"template":"","format":"standard","meta":{"footnotes":""},"categories":[65],"tags":[11413,72,70,71,548,3379,34,6974,31,33,32,30],"class_list":{"0":"post-107039","1":"post","2":"type-post","3":"status-publish","4":"format-standard","5":"has-post-thumbnail","7":"category-ekonomi","8":"tag-adelmetaller","9":"tag-business","10":"tag-economy","11":"tag-ekonomi","12":"tag-guld","13":"tag-guldpriset","14":"tag-se","15":"tag-silver","16":"tag-svenska","17":"tag-sverige","18":"tag-sweden","19":"tag-swedish"},"share_on_mastodon":{"url":"https:\/\/pubeurope.com\/@se\/115724924001467386","error":""},"_links":{"self":[{"href":"https:\/\/www.europesays.com\/se\/wp-json\/wp\/v2\/posts\/107039","targetHints":{"allow":["GET"]}}],"collection":[{"href":"https:\/\/www.europesays.com\/se\/wp-json\/wp\/v2\/posts"}],"about":[{"href":"https:\/\/www.europesays.com\/se\/wp-json\/wp\/v2\/types\/post"}],"author":[{"embeddable":true,"href":"https:\/\/www.europesays.com\/se\/wp-json\/wp\/v2\/users\/2"}],"replies":[{"embeddable":true,"href":"https:\/\/www.europesays.com\/se\/wp-json\/wp\/v2\/comments?post=107039"}],"version-history":[{"count":0,"href":"https:\/\/www.europesays.com\/se\/wp-json\/wp\/v2\/posts\/107039\/revisions"}],"wp:featuredmedia":[{"embeddable":true,"href":"https:\/\/www.europesays.com\/se\/wp-json\/wp\/v2\/media\/107040"}],"wp:attachment":[{"href":"https:\/\/www.europesays.com\/se\/wp-json\/wp\/v2\/media?parent=107039"}],"wp:term":[{"taxonomy":"category","embeddable":true,"href":"https:\/\/www.europesays.com\/se\/wp-json\/wp\/v2\/categories?post=107039"},{"taxonomy":"post_tag","embeddable":true,"href":"https:\/\/www.europesays.com\/se\/wp-json\/wp\/v2\/tags?post=107039"}],"curies":[{"name":"wp","href":"https:\/\/api.w.org\/{rel}","templated":true}]}}