{"id":107049,"date":"2025-12-15T18:17:09","date_gmt":"2025-12-15T18:17:09","guid":{"rendered":"https:\/\/www.europesays.com\/se\/107049\/"},"modified":"2025-12-15T18:17:09","modified_gmt":"2025-12-15T18:17:09","slug":"intellegos-storagare-misstanks-for-grovt-bedrageri","status":"publish","type":"post","link":"https:\/\/www.europesays.com\/se\/107049\/","title":{"rendered":"Intellegos stor\u00e4gare misst\u00e4nks f\u00f6r grovt bedr\u00e4geri"},"content":{"rendered":"<p class=\"font-sans text-base text-text-main dark:text-text-main-dark font-normal leading-[1.4]\">Efter\u00a0<a class=\"text-primary-90 underline hover:text-primary-110 hover:no-underline\" href=\"https:\/\/www.affarsvarlden.se\/artikel\/dokument-avslojar-darfor-slog-ebm-till-mot-intellego\" rel=\"nofollow noopener\" target=\"_blank\">en anm\u00e4lan fr\u00e5n\u00a0<strong>FI<\/strong><\/a>\u00a0slog EBM till mot\u00a0<a class=\"text-primary-90 underline hover:text-primary-110 hover:no-underline\" href=\"https:\/\/www.affarsvarlden.se\/aktie\/intellego-technologies\" rel=\"nofollow noopener\" target=\"_blank\">Intellego Technologies<\/a> den 18:e november i \u00e5r. Den d\u00e5varande VD:n <strong>Claes Lindahl<\/strong>\u00a0h\u00e4ktades, misst\u00e4nkt f\u00f6r grovt svindleri men f\u00f6rsattes p\u00e5 fri fot den 3 december. Aktien \u00e4r handelsstoppad sedan tillslaget och 230 miljoner kronor har tagits i kvarstad som brottsvinst.<\/p>\n<p class=\"font-sans text-base text-text-main dark:text-text-main-dark font-normal leading-[1.4]\">UV-teknikbolaget har sedan b\u00f6rsintroduktionen 2021 f\u00e5tt \u00e5terkommande kritik, bland annat f\u00f6r oklarheter kring PM om stora ordrar och bristf\u00e4llig kommunikation. I augusti 2024 fick Intellego b\u00f6ter p\u00e5 2,2 Mkr av Nasdaq f\u00f6r flera regelbrott. Skaran av aktie\u00e4gare har samtidigt v\u00e4xt fr\u00e5n 4 000 till drygt 18 000 bara under 2025, medan kursen tidvis rusat.<\/p>\n<p class=\"font-sans text-base text-text-main dark:text-text-main-dark font-normal leading-[1.4]\">Journalisten\u00a0<strong>Sven Nordenstam\u00a0<\/strong>har\u00a0<a class=\"text-primary-90 underline hover:text-primary-110 hover:no-underline\" href=\"https:\/\/www.affarsvarlden.se\/kronika\/skumma-affarer-intellego-rasar-pa-ogonbrynshojande-rapport\" rel=\"nofollow noopener\" target=\"_blank\">granskat bolaget<\/a>\u00a0en l\u00e4ngre tid och st\u00e4llt sig fr\u00e5gande till storleken p\u00e5 flera ordrar och om\u00a0<a class=\"text-primary-90 underline hover:text-primary-110 hover:no-underline\" href=\"https:\/\/www.affarsvarlden.se\/sven-nordenstam\/skumma-affarer-ar-intellegos-kassaflode-dopat\" rel=\"nofollow noopener\" target=\"_blank\">kassafl\u00f6det\u00a0<\/a>berott p\u00e5 f\u00f6rb\u00e4ttrad verksamhet \u2013 eller p\u00e5 att bolaget s\u00e5lt kundfordringar via factoring.<\/p>\n<p class=\"font-sans text-base text-text-main dark:text-text-main-dark font-normal leading-[1.4]\"><strong>Deloitte<\/strong>,\u00a0<strong>Svensk<\/strong>\u00a0<strong>Exportkredit<\/strong>\u00a0och\u00a0<strong>Exportkreditn\u00e4mnden<\/strong> har ocks\u00e5 l\u00e4mnat in brottsanm\u00e4lningar kopplade till Intellegos fordringar.<\/p>\n","protected":false},"excerpt":{"rendered":"Efter\u00a0en anm\u00e4lan fr\u00e5n\u00a0FI\u00a0slog EBM till mot\u00a0Intellego Technologies den 18:e november i \u00e5r. Den d\u00e5varande VD:n Claes Lindahl\u00a0h\u00e4ktades, misst\u00e4nkt&hellip;\n","protected":false},"author":2,"featured_media":90280,"comment_status":"","ping_status":"","sticky":false,"template":"","format":"standard","meta":{"footnotes":""},"categories":[65],"tags":[72,70,71,6853,34,11955,31,33,32,30],"class_list":{"0":"post-107049","1":"post","2":"type-post","3":"status-publish","4":"format-standard","5":"has-post-thumbnail","7":"category-ekonomi","8":"tag-business","9":"tag-economy","10":"tag-ekonomi","11":"tag-intellego-technologies","12":"tag-se","13":"tag-sensodetect","14":"tag-svenska","15":"tag-sverige","16":"tag-sweden","17":"tag-swedish"},"share_on_mastodon":{"url":"https:\/\/pubeurope.com\/@se\/115724959310982062","error":""},"_links":{"self":[{"href":"https:\/\/www.europesays.com\/se\/wp-json\/wp\/v2\/posts\/107049","targetHints":{"allow":["GET"]}}],"collection":[{"href":"https:\/\/www.europesays.com\/se\/wp-json\/wp\/v2\/posts"}],"about":[{"href":"https:\/\/www.europesays.com\/se\/wp-json\/wp\/v2\/types\/post"}],"author":[{"embeddable":true,"href":"https:\/\/www.europesays.com\/se\/wp-json\/wp\/v2\/users\/2"}],"replies":[{"embeddable":true,"href":"https:\/\/www.europesays.com\/se\/wp-json\/wp\/v2\/comments?post=107049"}],"version-history":[{"count":0,"href":"https:\/\/www.europesays.com\/se\/wp-json\/wp\/v2\/posts\/107049\/revisions"}],"wp:featuredmedia":[{"embeddable":true,"href":"https:\/\/www.europesays.com\/se\/wp-json\/wp\/v2\/media\/90280"}],"wp:attachment":[{"href":"https:\/\/www.europesays.com\/se\/wp-json\/wp\/v2\/media?parent=107049"}],"wp:term":[{"taxonomy":"category","embeddable":true,"href":"https:\/\/www.europesays.com\/se\/wp-json\/wp\/v2\/categories?post=107049"},{"taxonomy":"post_tag","embeddable":true,"href":"https:\/\/www.europesays.com\/se\/wp-json\/wp\/v2\/tags?post=107049"}],"curies":[{"name":"wp","href":"https:\/\/api.w.org\/{rel}","templated":true}]}}