{"id":107085,"date":"2025-12-15T18:56:22","date_gmt":"2025-12-15T18:56:22","guid":{"rendered":"https:\/\/www.europesays.com\/se\/107085\/"},"modified":"2025-12-15T18:56:22","modified_gmt":"2025-12-15T18:56:22","slug":"trumps-attack-mot-mordade-filmregissoren-rob-reiners","status":"publish","type":"post","link":"https:\/\/www.europesays.com\/se\/107085\/","title":{"rendered":"Trumps attack mot m\u00f6rdade filmregiss\u00f6ren Rob Reiners"},"content":{"rendered":"<p>Publicerad 15 dec 2025 kl 17.01Uppdaterad kl 19.53<\/p>\n<p>Rob Reiner och hans hustru misst\u00e4nks ha m\u00f6rdats i sitt hem.<\/p>\n<p>Nu g\u00e5r Donald Trump till h\u00e5rt angrepp mot den avlidne Hollywoodregiss\u00f6ren.<\/p>\n<p>\u201dEn sjuk man\u201d, reagerar Kaliforniens guvern\u00f6r Gavin Newsom p\u00e5 presidentens utspel.<\/p>\n<p>Senaste klippen om Trump-administrationen.<img   alt=\"\"\/><\/p>\n<p>USA:s president Donald Trump.<\/p>\n<p>Foto: &#8211; POOL VIA CNP\/SHUTTERSTOCK \/ SHUTTERSTOCK EDITORIAL\/IBL<\/p>\n<p>\u00d6ppna bild i helsk\u00e4rm<img loading=\"lazy\"   alt=\"\"\/><\/p>\n<p>Rob Reiner, 78 och hustrun Michele Singer.<\/p>\n<p>Foto: INSTAR \/ STELLA PICTURES \/ STELLA PICTURES<\/p>\n<p>\u00d6ppna bild i helsk\u00e4rm<\/p>\n<p>I ett <a href=\"https:\/\/truthsocial.com\/@realDonaldTrump\/posts\/115724141568860081\" rel=\"nofollow noopener\" target=\"_blank\">inl\u00e4gg p\u00e5 Truth Social<\/a> beskriver den amerikanske presidenten Reiner som en \u201dpl\u00e5gad och k\u00e4mpande, men en g\u00e5ng mycket talangfull filmregiss\u00f6r och komedistj\u00e4rna\u201d, och h\u00e4vdar att han av led av vad Trump kallar \u201dTrump Derangement Syndrome\u201d.<\/p>\n<p>\u201dHan var k\u00e4nd f\u00f6r att ha drivit m\u00e4nniskor till vansinne genom sin rasande besatthet av president Donald J. Trump, med sin uppenbara paranoia som n\u00e5dde nya h\u00f6jder n\u00e4r Trumpadministrationen \u00f6vertr\u00e4ffade alla m\u00e5l och f\u00f6rv\u00e4ntningar p\u00e5 storhet, och med Amerikas guld\u00e5lder framf\u00f6r oss\u201d, skriver han vidare.<\/p>\n<p>\u201dM\u00e5 rob och Michele vila i frid!\u201d, avslutas inl\u00e4gget.<\/p>\n<p>Uttalad kritiker av Trump<\/p>\n<p>Rob Reiner var demokrat och en uttalad kritiker av <a href=\"https:\/\/www.expressen.se\/tagg\/person\/donald-trump\/\" class=\"\" rel=\"nofollow noopener\" target=\"_blank\">Donald Trump<\/a>. Enligt NBC News varnade han vid flera tillf\u00e4llen f\u00f6r vad han s\u00e5g som ett hot mot den amerikanska demokratin.\u00a0<\/p>\n<p>\u2013 Ta inte miste: vi har ett \u00e5r innan detta land blir en fullst\u00e4ndig autokrati och demokratin f\u00f6rsvinner helt, ska han sagt s\u00e5 sent som i oktober.<\/p>\n<p>B\u00e5de republikaner och demokrater reagerar kraftigt p\u00e5 Donald Trumps inl\u00e4gg.<\/p>\n<p>\u201dEn sjuk man\u201d<\/p>\n<p>\u201dDet h\u00e4r \u00e4r en sjuk man\u201d, skriver Kaliforniens guvern\u00f6r, demokraten Gavin Newsom i ett inl\u00e4gg p\u00e5 X och delar en sk\u00e4rmdump av inl\u00e4gget.<\/p>\n<p>Den republikanske kongressledamoten Thomas Massie kallade inl\u00e4gget \u201dol\u00e4mpligt och respektl\u00f6st\u201d, enligt Politico. \u00c4ven Marjorie Taylor Greene, som tidigare varit en n\u00e4ra allierad till Trump, uttrycker kritik.\u00a0<\/p>\n<p>Det var p\u00e5 s\u00f6ndagseftermiddagen lokal tid som Rob Reiner och hustrun Michele Singer hittades d\u00f6da i sitt hem i Los Angeles. Polisen har inlett en mordutredning och parets son, Nick Reiners, <a href=\"https:\/\/www.expressen.se\/noje\/sonen-gripen-\/\" rel=\"nofollow noopener\" target=\"_blank\">uppges ha gripits<\/a>.<\/p>\n<p>Reiner \u00e4r k\u00e4nd f\u00f6r framg\u00e5ngsrika filmer som \u201dStand by Me\u201d (1986), \u201dN\u00e4r Harry tr\u00e4ffade Sally\u201d (1989), \u201dP\u00e5 heder och samvete\u201d (1992) och \u201dS\u00f6mnl\u00f6s i Seattle\u201d (1993). Han spelade \u00e4ven pappan i serien \u201dNew Girl\u201d (2011\u20132018).<\/p>\n<p><strong>L\u00c4S MER: <\/strong><a href=\"https:\/\/www.expressen.se\/noje\/sonen-gripen-\/\" class=\"\" rel=\"nofollow noopener\" target=\"_blank\">Rob Reiners och Michele Reiners son gripen efter misst\u00e4nkt knivmord<\/a><strong>L\u00c4S MER: <\/strong><a href=\"https:\/\/www.expressen.se\/noje\/tva-personer-hittade-doda-i-regissoren-rob-reiners-hus\/\" class=\"\" rel=\"nofollow noopener\" target=\"_blank\">Rob Reiner och frun hittade d\u00f6da i hemmet i Los Angeles<\/a>Presidenten g\u00e5r fr\u00e5n manus n\u00e4r han ser kvinnan.<\/p>\n","protected":false},"excerpt":{"rendered":"Publicerad 15 dec 2025 kl 17.01Uppdaterad kl 19.53 Rob Reiner och hans hustru misst\u00e4nks ha m\u00f6rdats i sitt&hellip;\n","protected":false},"author":2,"featured_media":107086,"comment_status":"","ping_status":"","sticky":false,"template":"","format":"standard","meta":{"footnotes":""},"categories":[5],"tags":[22,23,26,27,17,21,24,25,28,29,15,16,198,18,34,55,31,33,32,30,19,204,20],"class_list":{"0":"post-107085","1":"post","2":"type-post","3":"status-publish","4":"format-standard","5":"has-post-thumbnail","7":"category-rubriker","8":"tag-breaking-news","9":"tag-breakingnews","10":"tag-featured-news","11":"tag-featurednews","12":"tag-headlines","13":"tag-huvudnyheter","14":"tag-latest-news","15":"tag-latestnews","16":"tag-main-news","17":"tag-mainnews","18":"tag-news","19":"tag-nyheter","20":"tag-person-donald-trump","21":"tag-rubriker","22":"tag-se","23":"tag-sections-varlden","24":"tag-svenska","25":"tag-sverige","26":"tag-sweden","27":"tag-swedish","28":"tag-top-stories","29":"tag-topic-amerikansk-politik","30":"tag-topstories"},"share_on_mastodon":{"url":"https:\/\/pubeurope.com\/@se\/115725112722364359","error":""},"_links":{"self":[{"href":"https:\/\/www.europesays.com\/se\/wp-json\/wp\/v2\/posts\/107085","targetHints":{"allow":["GET"]}}],"collection":[{"href":"https:\/\/www.europesays.com\/se\/wp-json\/wp\/v2\/posts"}],"about":[{"href":"https:\/\/www.europesays.com\/se\/wp-json\/wp\/v2\/types\/post"}],"author":[{"embeddable":true,"href":"https:\/\/www.europesays.com\/se\/wp-json\/wp\/v2\/users\/2"}],"replies":[{"embeddable":true,"href":"https:\/\/www.europesays.com\/se\/wp-json\/wp\/v2\/comments?post=107085"}],"version-history":[{"count":0,"href":"https:\/\/www.europesays.com\/se\/wp-json\/wp\/v2\/posts\/107085\/revisions"}],"wp:featuredmedia":[{"embeddable":true,"href":"https:\/\/www.europesays.com\/se\/wp-json\/wp\/v2\/media\/107086"}],"wp:attachment":[{"href":"https:\/\/www.europesays.com\/se\/wp-json\/wp\/v2\/media?parent=107085"}],"wp:term":[{"taxonomy":"category","embeddable":true,"href":"https:\/\/www.europesays.com\/se\/wp-json\/wp\/v2\/categories?post=107085"},{"taxonomy":"post_tag","embeddable":true,"href":"https:\/\/www.europesays.com\/se\/wp-json\/wp\/v2\/tags?post=107085"}],"curies":[{"name":"wp","href":"https:\/\/api.w.org\/{rel}","templated":true}]}}