{"id":107093,"date":"2025-12-15T19:04:22","date_gmt":"2025-12-15T19:04:22","guid":{"rendered":"https:\/\/www.europesays.com\/se\/107093\/"},"modified":"2025-12-15T19:04:22","modified_gmt":"2025-12-15T19:04:22","slug":"terrordadet-i-sydney-visar-att-mer-behover-goras-for-att-bekampa-antisemitism-ahmed-al-ahmed-ett-ljus-i-morkret","status":"publish","type":"post","link":"https:\/\/www.europesays.com\/se\/107093\/","title":{"rendered":"Terrord\u00e5det i Sydney visar att mer beh\u00f6ver g\u00f6ras f\u00f6r att bek\u00e4mpa antisemitism \u2013 Ahmed al-Ahmed ett ljus i m\u00f6rkret"},"content":{"rendered":"<p>Under \u00f6vervakning av tungt bev\u00e4pnad polis samlades ett tusental m\u00e4nniskor vid Bondi Beach p\u00e5 m\u00e5ndagskv\u00e4llen. D\u00e4r h\u00f6ll de en minnesstund f\u00f6r alla dem som sk\u00f6ts vid en terrorattack dagen innan. D\u00e5 angreps ett judiskt Chanukka-firande.<\/p>\n<p>\u2013\u00a0Ljuset kommer alltid att best\u00e5. D\u00e4r det finns ljus kan m\u00f6rkret inte r\u00e5da, <a href=\"https:\/\/www.abc.net.au\/news\/2025-12-15\/bondi-shooting-vigil-jewish-community\/106145098\" target=\"_blank\" rel=\"noopener noreferrer nofollow\">deklarerade<\/a> rabbinen Yossi Shuchat f\u00f6r de f\u00f6rsamlade.<\/p>\n","protected":false},"excerpt":{"rendered":"Under \u00f6vervakning av tungt bev\u00e4pnad polis samlades ett tusental m\u00e4nniskor vid Bondi Beach p\u00e5 m\u00e5ndagskv\u00e4llen. D\u00e4r h\u00f6ll de&hellip;\n","protected":false},"author":2,"featured_media":107094,"comment_status":"","ping_status":"","sticky":false,"template":"","format":"standard","meta":{"footnotes":""},"categories":[5],"tags":[22,23,26,27,17,21,24,25,28,29,15,16,18,34,31,33,32,30,19,20],"class_list":{"0":"post-107093","1":"post","2":"type-post","3":"status-publish","4":"format-standard","5":"has-post-thumbnail","7":"category-rubriker","8":"tag-breaking-news","9":"tag-breakingnews","10":"tag-featured-news","11":"tag-featurednews","12":"tag-headlines","13":"tag-huvudnyheter","14":"tag-latest-news","15":"tag-latestnews","16":"tag-main-news","17":"tag-mainnews","18":"tag-news","19":"tag-nyheter","20":"tag-rubriker","21":"tag-se","22":"tag-svenska","23":"tag-sverige","24":"tag-sweden","25":"tag-swedish","26":"tag-top-stories","27":"tag-topstories"},"share_on_mastodon":{"url":"https:\/\/pubeurope.com\/@se\/115725144032652205","error":""},"_links":{"self":[{"href":"https:\/\/www.europesays.com\/se\/wp-json\/wp\/v2\/posts\/107093","targetHints":{"allow":["GET"]}}],"collection":[{"href":"https:\/\/www.europesays.com\/se\/wp-json\/wp\/v2\/posts"}],"about":[{"href":"https:\/\/www.europesays.com\/se\/wp-json\/wp\/v2\/types\/post"}],"author":[{"embeddable":true,"href":"https:\/\/www.europesays.com\/se\/wp-json\/wp\/v2\/users\/2"}],"replies":[{"embeddable":true,"href":"https:\/\/www.europesays.com\/se\/wp-json\/wp\/v2\/comments?post=107093"}],"version-history":[{"count":0,"href":"https:\/\/www.europesays.com\/se\/wp-json\/wp\/v2\/posts\/107093\/revisions"}],"wp:featuredmedia":[{"embeddable":true,"href":"https:\/\/www.europesays.com\/se\/wp-json\/wp\/v2\/media\/107094"}],"wp:attachment":[{"href":"https:\/\/www.europesays.com\/se\/wp-json\/wp\/v2\/media?parent=107093"}],"wp:term":[{"taxonomy":"category","embeddable":true,"href":"https:\/\/www.europesays.com\/se\/wp-json\/wp\/v2\/categories?post=107093"},{"taxonomy":"post_tag","embeddable":true,"href":"https:\/\/www.europesays.com\/se\/wp-json\/wp\/v2\/tags?post=107093"}],"curies":[{"name":"wp","href":"https:\/\/api.w.org\/{rel}","templated":true}]}}