{"id":107108,"date":"2025-12-15T19:26:08","date_gmt":"2025-12-15T19:26:08","guid":{"rendered":"https:\/\/www.europesays.com\/se\/107108\/"},"modified":"2025-12-15T19:26:08","modified_gmt":"2025-12-15T19:26:08","slug":"storsta-chansen-for-fred-hittills","status":"publish","type":"post","link":"https:\/\/www.europesays.com\/se\/107108\/","title":{"rendered":"St\u00f6rsta chansen f\u00f6r fred hittills"},"content":{"rendered":"<p>\u00c5terigen har s\u00e4kerhetsgarantier st\u00e5tt i fokus under ett m\u00f6te om Ukrainas framtid. Men den h\u00e4r g\u00e5ngen uppges USA vara villigt att st\u00e5 f\u00f6r stora materiella bidrag. S\u00e4kerhetsgarantierna som f\u00f6resl\u00e5s s\u00e4gs likna Natos \u201dartikel 5\u201d \u2013 att alla medlemsl\u00e4nder \u00e4r skyldigt att bist\u00e5 om ett medlemsland blir attackerat.<\/p>\n<p>Men f\u00f6rslaget kommer inte att ligga p\u00e5 bordet i all evighet, po\u00e4ngterar amerikanska tj\u00e4nstem\u00e4n p\u00e5 m\u00e5ndagseftermiddagen. Donald Trump har p\u00e5 senare tid \u00f6kat pressen p\u00e5 Zelenskyj att g\u00e5 med p\u00e5 ett fredsavtal och har bland annat h\u00e4vdat att det st\u00f6rre landet, Ryssland, s\u00e5 sm\u00e5ningom kommer att vinna kriget.<\/p>\n<p><strong>Tysklands f\u00f6rbundskansler<\/strong> Friedrich Merz beskriver de senaste dagarnas samtal som en stor framg\u00e5ng. Enligt honom har chanserna f\u00f6r fred aldrig varit st\u00f6rre \u00e4n nu.<\/p>\n<p>Zelenskyj uppges ha \u00f6ppnat f\u00f6r att ge upp kravet om Natomedlemskap och har sagt att han ska verka f\u00f6r att landet ska kunna h\u00e5lla presidentval inom kort. Men hur l\u00e5ngt man kommit i diskussionerna om Ukrainas territorium framg\u00e5r inte av vad som kommit ut fr\u00e5n Berlinm\u00f6tet. Det \u00e4r fortsatt den, eller en av de, viktigaste knutarna att l\u00f6sa f\u00f6r att kunna n\u00e5 fred i Europa.<\/p>\n<p>          <img decoding=\"async\" class=\"picture__img\" src=\"https:\/\/www.europesays.com\/se\/wp-content\/uploads\/2025\/12\/42ea3436-952c-4d90-ba04-f04f1974c2b6.jpeg\"   alt=\"Volodymyr Zelenskyj hoppas att USA ska hitta en l\u00f6sning.\"\/><\/p>\n<p>      Volodymyr Zelenskyj hoppas att USA ska hitta en l\u00f6sning.<\/p>\n<p>      Foto: Maryam Majd\/AP<\/p>\n<p>Ryssland kr\u00e4ver att Ukraina ger upp hela Donbassomr\u00e5det, vilket \u00e4ven skulle inkludera omr\u00e5den som Ryssland i nul\u00e4get inte kontrollerar. Zelenskyj s\u00e4ger fortsatt nej till och kr\u00e4ver dessutom att s\u00e4kerhetsgarantierna \u00e4r p\u00e5 plats innan man b\u00f6rjar diskutera frontlinjen.<\/p>\n<p>\u2013 Vi har olika uppfattningar vad g\u00e4ller territoriet, s\u00e4ger presidenten under en presstr\u00e4ff med Merz.<\/p>\n<p><strong>Fortfarande \u00e4r en<\/strong> \u00f6verv\u00e4gande majoritet, 75 procent, av ukrainarna emot en fredsl\u00f6sning som saknar konkreta s\u00e4kerhetsgarantier och som kr\u00e4ver att Ukraina drar sig tillbaka fr\u00e5n Donbass, enligt en m\u00e4tning i Kiev Independent. 62 procent, vilket beskrivs som en liten \u00f6kning, svarar att de kan uth\u00e4rda kriget \u201ds\u00e5 l\u00e4nge som det beh\u00f6vs\u201d.<\/p>\n<p>Zelenskyj s\u00e4ger att han hoppas att medlaren USA ska kunna staka ut en kompromiss som b\u00e5de Ryssland och Ukraina kan g\u00e5 med p\u00e5.<\/p>\n<p><strong>Senare den h\u00e4r veckan<\/strong> v\u00e4ntas flera viktiga besked om Ukrainas framtid. Under ett EU-m\u00f6te p\u00e5 torsdag v\u00e4ntas medlemsl\u00e4nderna besluta om huruvida man ska anv\u00e4nda ryska frysta tillg\u00e5ngar f\u00f6r att s\u00e4kra ett m\u00e5ngmiljardl\u00e5n till Ukraina under 2026 och 2027.<\/p>\n<p>Tillg\u00e5ngarna finns i f\u00f6rsta hand i Belgien, som \u00e4r skeptiskt mot f\u00f6rslaget.<\/p>\n","protected":false},"excerpt":{"rendered":"\u00c5terigen har s\u00e4kerhetsgarantier st\u00e5tt i fokus under ett m\u00f6te om Ukrainas framtid. Men den h\u00e4r g\u00e5ngen uppges USA&hellip;\n","protected":false},"author":2,"featured_media":107109,"comment_status":"","ping_status":"","sticky":false,"template":"","format":"standard","meta":{"footnotes":""},"categories":[14],"tags":[22,23,26,27,17,21,24,25,28,29,15,16,18,34,31,33,32,30,19,20,51,52,53,54],"class_list":{"0":"post-107108","1":"post","2":"type-post","3":"status-publish","4":"format-standard","5":"has-post-thumbnail","7":"category-varlden","8":"tag-breaking-news","9":"tag-breakingnews","10":"tag-featured-news","11":"tag-featurednews","12":"tag-headlines","13":"tag-huvudnyheter","14":"tag-latest-news","15":"tag-latestnews","16":"tag-main-news","17":"tag-mainnews","18":"tag-news","19":"tag-nyheter","20":"tag-rubriker","21":"tag-se","22":"tag-svenska","23":"tag-sverige","24":"tag-sweden","25":"tag-swedish","26":"tag-top-stories","27":"tag-topstories","28":"tag-varlden","29":"tag-world","30":"tag-world-news","31":"tag-worldnews"},"share_on_mastodon":{"url":"https:\/\/pubeurope.com\/@se\/115725230737648440","error":""},"_links":{"self":[{"href":"https:\/\/www.europesays.com\/se\/wp-json\/wp\/v2\/posts\/107108","targetHints":{"allow":["GET"]}}],"collection":[{"href":"https:\/\/www.europesays.com\/se\/wp-json\/wp\/v2\/posts"}],"about":[{"href":"https:\/\/www.europesays.com\/se\/wp-json\/wp\/v2\/types\/post"}],"author":[{"embeddable":true,"href":"https:\/\/www.europesays.com\/se\/wp-json\/wp\/v2\/users\/2"}],"replies":[{"embeddable":true,"href":"https:\/\/www.europesays.com\/se\/wp-json\/wp\/v2\/comments?post=107108"}],"version-history":[{"count":0,"href":"https:\/\/www.europesays.com\/se\/wp-json\/wp\/v2\/posts\/107108\/revisions"}],"wp:featuredmedia":[{"embeddable":true,"href":"https:\/\/www.europesays.com\/se\/wp-json\/wp\/v2\/media\/107109"}],"wp:attachment":[{"href":"https:\/\/www.europesays.com\/se\/wp-json\/wp\/v2\/media?parent=107108"}],"wp:term":[{"taxonomy":"category","embeddable":true,"href":"https:\/\/www.europesays.com\/se\/wp-json\/wp\/v2\/categories?post=107108"},{"taxonomy":"post_tag","embeddable":true,"href":"https:\/\/www.europesays.com\/se\/wp-json\/wp\/v2\/tags?post=107108"}],"curies":[{"name":"wp","href":"https:\/\/api.w.org\/{rel}","templated":true}]}}