{"id":107128,"date":"2025-12-15T19:54:02","date_gmt":"2025-12-15T19:54:02","guid":{"rendered":"https:\/\/www.europesays.com\/se\/107128\/"},"modified":"2025-12-15T19:54:02","modified_gmt":"2025-12-15T19:54:02","slug":"usa-moter-europa-och-ukraina-i-berlin-for-fredssamtal","status":"publish","type":"post","link":"https:\/\/www.europesays.com\/se\/107128\/","title":{"rendered":"USA m\u00f6ter Europa och Ukraina i Berlin f\u00f6r fredssamtal"},"content":{"rendered":"<p>Amerikanska och europeiska f\u00f6retr\u00e4dare befinner sig i Berlin f\u00f6r att samtala om en m\u00f6jlig fredsplan.<\/p>\n<p>Inf\u00f6r m\u00f6tet hade president Zelenskyj en tydlig uppmaning \u2013 frys frontlinjen.<\/p>\n<p>Men USA kr\u00e4ver att Ukraina drar sig tillbaka fr\u00e5n Donbass, uppger en k\u00e4lla f\u00f6r AFP.<\/p>\n<p><img   alt=\"\"\/><\/p>\n<p>Ukrainas president Volodymyr Zelenskyj.<\/p>\n<p>Foto: MARCO IACOBUCCI \/ STELLA PICTURES<\/p>\n<p>\u00d6ppna bild i helsk\u00e4rm<img loading=\"lazy\"   alt=\"\"\/><\/p>\n<p>Rysslands president Vladimir Putin.<\/p>\n<p>Foto: GAVRIIL GRIGOROV \/ AP TT NYHETSBYR\u00c5N<\/p>\n<p>\u00d6ppna bild i helsk\u00e4rm<\/p>\n<p>USA:s s\u00e4ndebud Steve Witkoff och president Trumps sv\u00e4rson Jared Kushner har rest till Berlin f\u00f6r samtal om f\u00f6rslagen till en fredsplan.<\/p>\n<p>Ukrainas ledare Volodymyr Zelenskyj s\u00e4ger sig vara redo f\u00f6r \u201ddialog\u201d f\u00f6r att f\u00e5 ett slut p\u00e5 kriget med Ryssland. Samtidigt hoppas han f\u00e5 USA:s st\u00f6d f\u00f6r att frysa frontlinjen.<\/p>\n<p>\u2013 Det mest r\u00e4ttvisa alternativet \u00e4r att stanna d\u00e4r vi \u00e4r. Det handlar om vapenvila. Jag vet att Ryssland inte ser positivt p\u00e5 det, och jag vill att amerikanerna ska st\u00f6tta oss, s\u00e4ger Zelenskyj p\u00e5 plats i Berlin, enligt AFP.<\/p>\n<p>Trumps plan kritiserades<\/p>\n<p>F\u00f6r n\u00e5gra veckor sedan presenterade Trump en 28-punktsplan som inneh\u00f6ll betydande eftergifter f\u00f6r Ukraina. Ukraina f\u00f6rv\u00e4ntades bland annat avst\u00e5 stora landomr\u00e5den, kraftigt minska sin arm\u00e9 och lagstifta om ett f\u00f6rbud mot Nato-medlemskap.<\/p>\n<p>F\u00f6rslaget m\u00f6ttes av h\u00e5rd kritik och utl\u00f6ste intensiva diplomatiska f\u00f6rhandlingar mellan USA och Ukrainas europeiska allierade. Nyligen meddelade Kiev att man skickat en reviderad version av fredsplanen till Washington.<\/p>\n<p>P\u00e5 s\u00f6ndagen sa Zelenskyj att de \u00e4nnu inte hade f\u00e5tt n\u00e5got svar. Samtidigt f\u00f6rv\u00e4ntar han sig en h\u00e5rdare linje mot Putin.<\/p>\n<p>\u2013 Det viktigaste \u00e4r att planen blir s\u00e5 r\u00e4ttvis som m\u00f6jligt, framf\u00f6r allt f\u00f6r Ukraina, eftersom det var Ryssland som startade kriget, s\u00e4ger Zelenskyj.<\/p>\n<p>\u201dPutin vill ha territorium\u201d<\/p>\n<p>Nu uppger k\u00e4llor f\u00f6r AFP att USA kr\u00e4ver att Ukraina drar sig tillbaka fr\u00e5n Donbass, eftersom \u201dPutin vill ha territorium\u201d.<\/p>\n<p>\u2013 Det \u00e4r lite anm\u00e4rkningsv\u00e4rt att amerikanerna tar den ryska sidan i den h\u00e4r fr\u00e5gan, s\u00e4ger k\u00e4llan.<\/p>\n<p>M\u00f6tet avslutas senare under m\u00e5ndagen.<\/p>\n","protected":false},"excerpt":{"rendered":"Amerikanska och europeiska f\u00f6retr\u00e4dare befinner sig i Berlin f\u00f6r att samtala om en m\u00f6jlig fredsplan. Inf\u00f6r m\u00f6tet hade&hellip;\n","protected":false},"author":2,"featured_media":107129,"comment_status":"","ping_status":"","sticky":false,"template":"","format":"standard","meta":{"footnotes":""},"categories":[5],"tags":[22,23,26,27,17,21,24,25,28,29,15,276,16,18,34,55,31,33,32,30,19,20],"class_list":{"0":"post-107128","1":"post","2":"type-post","3":"status-publish","4":"format-standard","5":"has-post-thumbnail","7":"category-rubriker","8":"tag-breaking-news","9":"tag-breakingnews","10":"tag-featured-news","11":"tag-featurednews","12":"tag-headlines","13":"tag-huvudnyheter","14":"tag-latest-news","15":"tag-latestnews","16":"tag-main-news","17":"tag-mainnews","18":"tag-news","19":"tag-newsstory-kriget-i-ukraina","20":"tag-nyheter","21":"tag-rubriker","22":"tag-se","23":"tag-sections-varlden","24":"tag-svenska","25":"tag-sverige","26":"tag-sweden","27":"tag-swedish","28":"tag-top-stories","29":"tag-topstories"},"share_on_mastodon":{"url":"https:\/\/pubeurope.com\/@se\/115725340728785603","error":""},"_links":{"self":[{"href":"https:\/\/www.europesays.com\/se\/wp-json\/wp\/v2\/posts\/107128","targetHints":{"allow":["GET"]}}],"collection":[{"href":"https:\/\/www.europesays.com\/se\/wp-json\/wp\/v2\/posts"}],"about":[{"href":"https:\/\/www.europesays.com\/se\/wp-json\/wp\/v2\/types\/post"}],"author":[{"embeddable":true,"href":"https:\/\/www.europesays.com\/se\/wp-json\/wp\/v2\/users\/2"}],"replies":[{"embeddable":true,"href":"https:\/\/www.europesays.com\/se\/wp-json\/wp\/v2\/comments?post=107128"}],"version-history":[{"count":0,"href":"https:\/\/www.europesays.com\/se\/wp-json\/wp\/v2\/posts\/107128\/revisions"}],"wp:featuredmedia":[{"embeddable":true,"href":"https:\/\/www.europesays.com\/se\/wp-json\/wp\/v2\/media\/107129"}],"wp:attachment":[{"href":"https:\/\/www.europesays.com\/se\/wp-json\/wp\/v2\/media?parent=107128"}],"wp:term":[{"taxonomy":"category","embeddable":true,"href":"https:\/\/www.europesays.com\/se\/wp-json\/wp\/v2\/categories?post=107128"},{"taxonomy":"post_tag","embeddable":true,"href":"https:\/\/www.europesays.com\/se\/wp-json\/wp\/v2\/tags?post=107128"}],"curies":[{"name":"wp","href":"https:\/\/api.w.org\/{rel}","templated":true}]}}