{"id":107130,"date":"2025-12-15T19:56:25","date_gmt":"2025-12-15T19:56:25","guid":{"rendered":"https:\/\/www.europesays.com\/se\/107130\/"},"modified":"2025-12-15T19:56:25","modified_gmt":"2025-12-15T19:56:25","slug":"berattar-om-klubbvalet-fanns-en-hel-del-intresse-fran-shl","status":"publish","type":"post","link":"https:\/\/www.europesays.com\/se\/107130\/","title":{"rendered":"Ber\u00e4ttar om klubbvalet: \u201dFanns en hel del intresse fr\u00e5n SHL\u201d"},"content":{"rendered":"<p><strong>Succ\u00e9n i Kalmar ledde till en flytt till den krisande finska storklubben K\u00e4rp\u00e4t.<br \/>Det var dock inte utan att SHL-klubbar jagade Samuel Jonssons signatur.<br \/>\u2013 Det fanns en hel del intresse fr\u00e5n SHL-lag, s\u00e4ger backen till Hockeysverige.se.<\/strong><\/p>\n<p><img loading=\"lazy\" decoding=\"async\" width=\"1024\" height=\"658\" src=\"https:\/\/www.europesays.com\/se\/wp-content\/uploads\/2025\/12\/251128SM006-1024x658.webp.webp\" alt=\"\" class=\"wp-image-336742\"  \/>Samuel Jonsson l\u00e4mnar Kalmar f\u00f6r spel i K\u00e4rp\u00e4t.<br \/><strong>Foto:<\/strong> Suvad Mrkonjic\/Bildbyr\u00e5n<\/p>\n<p><a href=\"https:\/\/hockeysverige.se\/spelare\/samuel-jonsson\/\" rel=\"nofollow noopener\" target=\"_blank\">Samuel Jonsson<\/a> v\u00e4rvades in som n\u00e5got av en krisl\u00f6sning i <a href=\"https:\/\/hockeysverige.se\/klubb\/kalmar-hc\/\" rel=\"nofollow noopener\" target=\"_blank\">Kalmar<\/a> \u2013 och l\u00e4mnade i helgen som en succ\u00e9v\u00e4rvning.<\/p>\n<p>Efter drygt tre m\u00e5nader i den <a href=\"https:\/\/hockeysverige.se\/hockeyallsvenskan\/\/\" rel=\"nofollow noopener\" target=\"_blank\">hockeyallsvenska<\/a> toppklubben gick i helgen flyttlasset till Ule\u00e5borg och K\u00e4rp\u00e4t, d\u00e4r han landade under s\u00f6ndagskv\u00e4llen och gjorde sitt f\u00f6rsta tr\u00e4ningspass med sitt nya lag under m\u00e5ndagsf\u00f6rmiddagen.<\/p>\n<p>\u2013 Det k\u00e4nns j\u00e4ttekul. Det \u00e4r en v\u00e4ldigt stor klubb i Finland, s\u00e5 n\u00e4r m\u00f6jligheten kom s\u00e5 k\u00e4ndes det sj\u00e4lvklart. Jag trivdes j\u00e4ttebra i Finland ifjol (i JYP) och k\u00e4nde d\u00e5 att jag v\u00e4ldigt g\u00e4rna skulle vilja komma tillbaka, s\u00e5 n\u00e4r K\u00e4rp\u00e4t h\u00f6rde av sig var det ett ganska enkelt beslut, s\u00e4ger Jonsson till Hockeysverige.se.<\/p>\n<p>SHL-klubbar visade intresse f\u00f6r Samuel Jonsson<\/p>\n<p>Jonsson h\u00e4mtades in till Kalmar veckan innan den hockeyallsvenska premi\u00e4ren till f\u00f6ljd av den skadekris som d\u00e5 r\u00e5dde p\u00e5 backsidan i klubben. N\u00e4r han skrev p\u00e5 avtalet skrevs en klausul som m\u00f6jliggjorde en flytt till h\u00f6gre liga m\u00f6jlig under s\u00e4songen, en klausul han allts\u00e5 valde att nyttja i helgen.<\/p>\n<p>\u2013 M\u00e5ls\u00e4ttningen har alltid varit att spela p\u00e5 s\u00e5 h\u00f6g niv\u00e5 som m\u00f6jligt. Jag trivdes superbra i Kalmar och k\u00e4nde att jag utvecklades som spelare, men nu ville jag ta mitt spel till en h\u00f6gre niv\u00e5 och en h\u00f6gre liga. S\u00e5 det var ett ganska sj\u00e4lvklart val n\u00e4r den h\u00e4r m\u00f6jligheten d\u00f6k upp, s\u00e4ger han.<\/p>\n<p>H\u00f6stens framfart i Kalmar, som illustreras med 20 po\u00e4ng (4+16) p\u00e5 25 matcher och en femteplats i backarnas po\u00e4ngliga, gick inte klubbarna i vare sig Sverige eller Finland obem\u00e4rkt f\u00f6rbi. Jonsson har kopplats samman med b\u00e5de Link\u00f6ping och Malm\u00f6 under h\u00f6sten \u2013 och f\u00f6r Hockeysverige bekr\u00e4ftar 27-\u00e5ringen intresse fr\u00e5n <a href=\"https:\/\/hockeysverige.se\/shl\/\" rel=\"nofollow noopener\" target=\"_blank\">SHL<\/a>-h\u00e5ll.<\/p>\n<p>\u2013 Det var inte tyst i h\u00f6stas, kan jag s\u00e4ga. Det fanns en hel del intresse fr\u00e5n SHL-lag, Finland likas\u00e5. Sedan ska man alltid komma till en deal d\u00e4r b\u00e5da parter ska vara n\u00f6jda. Nu blev det K\u00e4rp\u00e4t som h\u00f6rde av sig och var v\u00e4ldigt, v\u00e4ldigt intresserade. Allt gick supersnabbt n\u00e4r de v\u00e4l h\u00f6rde av sig.<\/p>\n<p><img loading=\"lazy\" decoding=\"async\" width=\"1024\" height=\"658\" src=\"https:\/\/www.europesays.com\/se\/wp-content\/uploads\/2025\/12\/SJ251215-1024x658.webp.webp\" alt=\"\" class=\"wp-image-336741\"  \/>Samuel Jonsson gjorde succ\u00e9 i Kalmar under sin sejour i klubben.<br \/><strong>Foto:<\/strong> Suvad Mrkonjic\/Bildbyr\u00e5n<\/p>\n<p>\u201dKlart att det alltid \u00e4r lite k\u00e4nsligt\u201d<\/p>\n<p>Att l\u00e4mna mitt under en s\u00e5 pass framg\u00e5ngsrik period b\u00e5de f\u00f6r Jonsson och klubben \u00e4r speciellt, medger han.<\/p>\n<p>\u2013 Det \u00e4r klart att det alltid \u00e4r lite k\u00e4nsligt. Man har l\u00e4rt k\u00e4nna killarna i laget p\u00e5 ett lite djupare plan efter s\u00e5 l\u00e5ng tid. Samtidigt kom jag till Kalmar n\u00e4r de hade tv\u00e5 l\u00e5ngtidsskador p\u00e5 backar och jag bara ville bara komma in, g\u00f6ra s\u00e5 bra jag kunde f\u00f6r Kalmar HC och l\u00e4mna klubben p\u00e5 ett b\u00e4ttre st\u00e4lle. Det tycker jag att jag har gjort. De ligger tv\u00e5a i tabellen och det ser r\u00e4tt ljust ut f\u00f6r framtiden, s\u00e5 p\u00e5 s\u00e5 s\u00e4tt k\u00e4nns det ganska bra, s\u00e4ger Jonsson. <\/p>\n<p>Samtidigt \u00e4r Jonsson tacksam gentemot den allsvenska succ\u00e9klubben.<\/p>\n<p>\u2013 Det har varit super. Jag kom in veckan innan seriepremi\u00e4ren och blev v\u00e4l omh\u00e4ndertagen direkt. Det finns helt fantastiska m\u00e4nniskor i det d\u00e4r laget och det var v\u00e4ldigt l\u00e4tt att komma in i gruppen. Jag k\u00e4nde att spelsystemet som var d\u00e4r passade mig v\u00e4ldigt bra och jag fick fria rullar offensivt, vilket gjorde att jag sj\u00e4lv kunde utvecklas. Jag \u00e4r supertacksam \u00f6ver att jag fick vara d\u00e4r.<\/p>\n<p>Storklubb i kris<\/p>\n<p>I K\u00e4rp\u00e4t kommer han till en finsk storklubb som befinner sig i n\u00e5got av en kris. <\/p>\n<p>F\u00f6rsta halvan av s\u00e4songen har inte alls blivit vad Ule\u00e5borg-klubben hoppats p\u00e5, d\u00e5 laget ligger p\u00e5 n\u00e4stjumboplatsen i Liiga med fyra po\u00e4ng upp till s\u00e4ker mark och sex po\u00e4ng upp till en plats i slutspelet.<\/p>\n<p>\u2013 Jag vill komma in med ny energi i laget och det offensiva spelet som jag byggde upp i b\u00f6rjan p\u00e5 fjol\u00e5rss\u00e4songen och som jag kunde ta till nya h\u00f6jder i Kalmar. Sedan vill jag vara bra i defensiven, jobba mycket med skridsko\u00e5kningen och vara en avg\u00f6rande faktor i matcherna, s\u00e4ger Jonsson.<\/p>\n<p><img loading=\"lazy\" decoding=\"async\" width=\"1024\" height=\"658\" src=\"https:\/\/www.europesays.com\/se\/wp-content\/uploads\/2025\/12\/1048767508-1024x658.webp.webp\" alt=\"Samuel Jonsson\" class=\"wp-image-290016\"  \/>Samuel Jonsson spelade fjol\u00e5rss\u00e4songen i finska JYP.<br \/><strong>Foto: <\/strong>Vesa P\u00f6pp\u00f6nen\/Imago\/Bildbyr\u00e5n<\/p>\n<p>Kontrakt s\u00e4songen ut: \u201dSedan f\u00e5r vi se vad som h\u00e4nder\u201d<\/p>\n<p>Kontraktet med K\u00e4rp\u00e4t \u00e4r skrivet s\u00e4songen ut.<\/p>\n<p>\u2013 Sedan f\u00e5r vi se vad som h\u00e4nder. Det \u00e4r inget som kommer att stressas fram. Hockeym\u00e4ssigt handlar det om att ta K\u00e4rp\u00e4t till en b\u00e4ttre plats \u00e4n vad de befinner sig p\u00e5 just nu, d\u00e4r jag hoppas kunna bidra direkt fr\u00e5n start. Sedan f\u00e5r man ta allt dag f\u00f6r dag nu i b\u00f6rjan. Man ska komma in i ett nytt lag, nytt land och en ny l\u00e4genhet d\u00e4r jag, min partner och v\u00e5r hund ska hitta r\u00e4tt i vardagslivet.<\/p>\n<p>N\u00e4r Jonsson under m\u00e5ndagen \u00e5terv\u00e4nde fr\u00e5n ishallen till sin nya l\u00e4genhet i Ule\u00e5borg \u00e5terv\u00e4nde han till en ekande tom l\u00e4genhet.<\/p>\n<p>\u2013 Jag hade ett snack med tjejen och hon sade att \u201ddu r\u00f6r inte en fena innan jag kommer dit\u201d. S\u00e5 jag har str\u00e4nga order.<\/p>\n<p><strong>D\u00e5 l\u00e5ter det som att det kanske \u00e4r en bra id\u00e9?<\/strong><br \/>\u2013 Ja, jo. Det \u00e4r inte riktigt min \u201dcup of tea\u201d att inreda en tom l\u00e4genhet, halvt f\u00e4rgblind som jag \u00e4r. Det \u00e4r inte min grej. Det \u00e4r tur att man har andra kvaliteter p\u00e5 hockeybanan.<\/p>\n<p> Source: <a href=\"https:\/\/www.eliteprospects.com\/player\/231612\/samuel-jonsson\" target=\"_blank\" rel=\"noopener noreferrer nofollow\">Samuel Jonsson<\/a> @ Elite Prospects<\/p>\n","protected":false},"excerpt":{"rendered":"Succ\u00e9n i Kalmar ledde till en flytt till den krisande finska storklubben K\u00e4rp\u00e4t.Det var dock inte utan att&hellip;\n","protected":false},"author":2,"featured_media":107131,"comment_status":"","ping_status":"","sticky":false,"template":"","format":"standard","meta":{"footnotes":""},"categories":[68],"tags":[132,621,34,133,134,111,110,31,33,32,30],"class_list":{"0":"post-107130","1":"post","2":"type-post","3":"status-publish","4":"format-standard","5":"has-post-thumbnail","7":"category-sport","8":"tag-finska-ligan","9":"tag-hockeyallsvenskan","10":"tag-se","11":"tag-second-news","12":"tag-shl","13":"tag-sport","14":"tag-sports","15":"tag-svenska","16":"tag-sverige","17":"tag-sweden","18":"tag-swedish"},"share_on_mastodon":{"url":"https:\/\/pubeurope.com\/@se\/115725348824435103","error":""},"_links":{"self":[{"href":"https:\/\/www.europesays.com\/se\/wp-json\/wp\/v2\/posts\/107130","targetHints":{"allow":["GET"]}}],"collection":[{"href":"https:\/\/www.europesays.com\/se\/wp-json\/wp\/v2\/posts"}],"about":[{"href":"https:\/\/www.europesays.com\/se\/wp-json\/wp\/v2\/types\/post"}],"author":[{"embeddable":true,"href":"https:\/\/www.europesays.com\/se\/wp-json\/wp\/v2\/users\/2"}],"replies":[{"embeddable":true,"href":"https:\/\/www.europesays.com\/se\/wp-json\/wp\/v2\/comments?post=107130"}],"version-history":[{"count":0,"href":"https:\/\/www.europesays.com\/se\/wp-json\/wp\/v2\/posts\/107130\/revisions"}],"wp:featuredmedia":[{"embeddable":true,"href":"https:\/\/www.europesays.com\/se\/wp-json\/wp\/v2\/media\/107131"}],"wp:attachment":[{"href":"https:\/\/www.europesays.com\/se\/wp-json\/wp\/v2\/media?parent=107130"}],"wp:term":[{"taxonomy":"category","embeddable":true,"href":"https:\/\/www.europesays.com\/se\/wp-json\/wp\/v2\/categories?post=107130"},{"taxonomy":"post_tag","embeddable":true,"href":"https:\/\/www.europesays.com\/se\/wp-json\/wp\/v2\/tags?post=107130"}],"curies":[{"name":"wp","href":"https:\/\/api.w.org\/{rel}","templated":true}]}}