{"id":107135,"date":"2025-12-15T20:05:12","date_gmt":"2025-12-15T20:05:12","guid":{"rendered":"https:\/\/www.europesays.com\/se\/107135\/"},"modified":"2025-12-15T20:05:12","modified_gmt":"2025-12-15T20:05:12","slug":"se-bakom-kulisserna-nar-bill-skarsgard-forvandlas-till-pennywise","status":"publish","type":"post","link":"https:\/\/www.europesays.com\/se\/107135\/","title":{"rendered":"Se bakom kulisserna n\u00e4r Bill Skarsg\u00e5rd f\u00f6rvandlas till Pennywise"},"content":{"rendered":"<p>HBO Max har publicerat ett nytt klipp p\u00e5 Youtube som visar hur <a href=\"https:\/\/www.moviezine.se\/tema\/bill-skarsgard\" rel=\"nofollow noopener\" target=\"_blank\">Bill Skarsg\u00e5rd<\/a> f\u00f6rvandlas till Pennywise under inspelningen av \u201c<a href=\"https:\/\/www.moviezine.se\/nyheter\/it-welcome-to-derry-bill-skarsgard-intervju-hbo\" rel=\"nofollow noopener\" target=\"_blank\">IT: Welcome to Derry<\/a>\u201d.<\/p>\n<p>I klippet ber\u00e4ttar teamet om arbetet bakom karakt\u00e4rens utseende. Fr\u00e5n Pennywises stora, spruckna skalle till mungiporna som str\u00e4cker sig upp genom \u00f6gonen, samt de olika varianterna av piraja- och kanint\u00e4nder. De avsl\u00f6jar ocks\u00e5 att Pennywise har ett n\u00e5got mer <strong>krulligt h\u00e5r<\/strong> i \u201cIT: Welcome to Derry\u201d, f\u00f6r att b\u00e4ttre spegla tidsperioden serien utspelar sig i.<\/p>\n<p>Smink och h\u00e5r hade dessutom flera olika upps\u00e4ttningar, exempelvis beroende p\u00e5 om Pennywises \u00f6gonbryn skulle se neutrala eller arga ut.<\/p>\n<p>\u2013 Bill \u00e4r ett helgon n\u00e4r han spelar den h\u00e4r karakt\u00e4ren. F\u00f6r att ta p\u00e5 sig och ta av sig allt tar rej\u00e4la 3,5\u20134 timmar om dagen, s\u00e4ger den exekutiva producenten Barbara Muschietti i klippet.<\/p>\n<p>Samtidigt h\u00e4ngde inte hela Pennywise-f\u00f6rvandlingen p\u00e5 smink- och h\u00e5ravdelningen.<\/p>\n<p>\u2013 Grejen med l\u00e4pparna, r\u00f6sten, allt det \u00e4r bara Bill, s\u00e4ger prostetikchefen Sean Sansom.<\/p>\n<p>Du kan se hela klippet nedan: <\/p>\n<p><img loading=\"lazy\" decoding=\"async\" alt=\"YouTube video\" width=\"480\" height=\"360\" data-pin-nopin=\"true\" nopin=\"nopin\" class=\"perfmatters-lazy\" src=\"https:\/\/www.europesays.com\/se\/wp-content\/uploads\/2025\/12\/1765829110_786_hqdefault.jpg\"\/><\/p>\n<p>L\u00e4s ocks\u00e5: <a href=\"https:\/\/www.moviezine.se\/nyheter\/it-welcome-to-derry-finalens-storsta-wtf-moment\" title=\"\u201dIt: Welcome to Derry\u201d-finalens st\u00f6rsta wtf-moment\" class=\"underline-custom !font-montserrat !font-bold !underline-offset-4 !decoration-4 !decoration-moviezine-green !text-md\" rel=\"nofollow noopener\" target=\"_blank\">\u201dIt: Welcome to Derry\u201d-finalens st\u00f6rsta wtf-moment<\/a><\/p>\n<p>L\u00e4s ocks\u00e5: <a href=\"https:\/\/www.moviezine.se\/nyheter\/har-du-sett-andringen-som-smugit-sig-in-i-it-welcome-to-derry\" title=\"Har du sett \u00e4ndringen som smugit sig in i \u201cIT: Welcome to Derry\u201d?\" class=\"underline-custom !font-montserrat !font-bold !underline-offset-4 !decoration-4 !decoration-moviezine-green !text-md\" rel=\"nofollow noopener\" target=\"_blank\">Har du sett \u00e4ndringen som smugit sig in i \u201cIT: Welcome to Derry\u201d?<\/a><\/p>\n","protected":false},"excerpt":{"rendered":"HBO Max har publicerat ett nytt klipp p\u00e5 Youtube som visar hur Bill Skarsg\u00e5rd f\u00f6rvandlas till Pennywise under&hellip;\n","protected":false},"author":2,"featured_media":107136,"comment_status":"","ping_status":"","sticky":false,"template":"","format":"standard","meta":{"footnotes":""},"categories":[67],"tags":[3858,104,3001,34,31,33,32,30,105],"class_list":{"0":"post-107135","1":"post","2":"type-post","3":"status-publish","4":"format-standard","5":"has-post-thumbnail","7":"category-underhallning","8":"tag-bill-skarsgard","9":"tag-entertainment","10":"tag-hbo-max","11":"tag-se","12":"tag-svenska","13":"tag-sverige","14":"tag-sweden","15":"tag-swedish","16":"tag-underhallning"},"share_on_mastodon":{"url":"https:\/\/pubeurope.com\/@se\/115725384182311120","error":""},"_links":{"self":[{"href":"https:\/\/www.europesays.com\/se\/wp-json\/wp\/v2\/posts\/107135","targetHints":{"allow":["GET"]}}],"collection":[{"href":"https:\/\/www.europesays.com\/se\/wp-json\/wp\/v2\/posts"}],"about":[{"href":"https:\/\/www.europesays.com\/se\/wp-json\/wp\/v2\/types\/post"}],"author":[{"embeddable":true,"href":"https:\/\/www.europesays.com\/se\/wp-json\/wp\/v2\/users\/2"}],"replies":[{"embeddable":true,"href":"https:\/\/www.europesays.com\/se\/wp-json\/wp\/v2\/comments?post=107135"}],"version-history":[{"count":0,"href":"https:\/\/www.europesays.com\/se\/wp-json\/wp\/v2\/posts\/107135\/revisions"}],"wp:featuredmedia":[{"embeddable":true,"href":"https:\/\/www.europesays.com\/se\/wp-json\/wp\/v2\/media\/107136"}],"wp:attachment":[{"href":"https:\/\/www.europesays.com\/se\/wp-json\/wp\/v2\/media?parent=107135"}],"wp:term":[{"taxonomy":"category","embeddable":true,"href":"https:\/\/www.europesays.com\/se\/wp-json\/wp\/v2\/categories?post=107135"},{"taxonomy":"post_tag","embeddable":true,"href":"https:\/\/www.europesays.com\/se\/wp-json\/wp\/v2\/tags?post=107135"}],"curies":[{"name":"wp","href":"https:\/\/api.w.org\/{rel}","templated":true}]}}